{"id":9747,"date":"2025-03-24T18:08:51","date_gmt":"2025-03-24T18:08:51","guid":{"rendered":"https:\/\/news-fm.ro\/index.php\/2025\/03\/24\/g-eazy-se-alatura-lineup-ului-intencity-festival-2025\/"},"modified":"2025-03-24T18:08:51","modified_gmt":"2025-03-24T18:08:51","slug":"g-eazy-se-alatura-lineup-ului-intencity-festival-2025","status":"publish","type":"post","link":"https:\/\/news-fm.ro\/index.php\/2025\/03\/24\/g-eazy-se-alatura-lineup-ului-intencity-festival-2025\/","title":{"rendered":"G-Eazy se al\u0103tur\u0103 lineup-ului IntenCity Festival 2025"},"content":{"rendered":"<p>Cu J Balvin, Foster The People sau Tyga \u00een program, IntenCity promite s\u0103 devin\u0103 un eveniment pe care niciun iubitor de muzic\u0103 \u0219i distrac\u021bie nu ar trebui s\u0103 \u00eel rateze. Iar ca festivalul s\u0103 devin\u0103 \u0219i mai greu de rezistat, organizatorii l-au confirmat pe G-Eazy \u00een program.<\/p>\n<p>Cea de-a patra edi\u021bie IntenCity Festival are loc \u00een perioada 26-29 iunie 2025, pe Stadionul &#8220;Ion Oblemenco&#8221; \u0219i Sala Polivalent\u0103 din Craiova.<\/p>\n<p>G-Eazy, pe numele s\u0103u real Gerald Earl Gillum, este un rapper, compozitor \u0219i produc\u0103tor american, cunoscut pentru stilul s\u0103u special, ce \u00eembin\u0103 influen\u021be din hip-hop-ul clasic cu un sound modern. S-a n\u0103scut pe 24 mai 1989 \u00een Oakland, California, \u0219i \u0219i-a \u00eenceput cariera \u00een muzic\u0103 \u00eenc\u0103 din perioada facult\u0103\u021bii.<\/p>\n<\/p>\n<p>A atras aten\u021bia \u00een industria muzical\u0103 cu albumul de debut, &#8220;These Things Happen&#8221; (2014), care a ajuns \u00een topurile Billboard 200. De atunci, a lansat mai multe materiale de succes, precum &#8220;When It\u2019s Dark Out&#8221; (2015), care include hitul &#8220;Me, Myself &#038; I&#8221; (feat. Bebe Rexha), \u0219i &#8220;The Beautiful &#038; Damned&#8221; (2017), cu piese populare ca &#8220;Him &#038; I&#8221; (feat. Halsey).<\/p>\n<p>Printre cele mai recente lans\u0103ri se num\u0103r\u0103 albumul &#8220;Freak Show&#8221; (2024) \u0219i piese precum &#8220;Kiss The Sky&#8221;, <a href=\"https:\/\/www.infomusic.ro\/videoclip\/g-eazy-bahari-vampires\/\" target=\"_blank\" rel=\"noopener\">&#8220;Vampires&#8221;<\/a> sau <a href=\"https:\/\/www.infomusic.ro\/lyric-video\/leony-g-eazy-rock-n-roll\/\" target=\"_blank\" rel=\"noopener\">&#8220;Rock n Roll&#8221;<\/a><\/p>\n<p>Despre povestea IntenCity Festival<\/p>\n<p>IntenCity \u00ee\u0219i propune s\u0103 devin\u0103 cel mai mare festival din sudul \u021b\u0103rii, aduc\u00e2nd \u00eempreun\u0103 mai multe stiluri de muzic\u0103 \u00eentr-o singur\u0103 experien\u021b\u0103 memorabil\u0103: Oldies, Latino, Pop, Hip Hop \u0219i Muzic\u0103 Electronic\u0103. \u00cen drumul s\u0103u de a deveni un eveniment-tradi\u021bie, IntenCity coopteaz\u0103 \u00een lineup\u00a0unele dintre cele mai mari nume din industria muzical\u0103 mondial\u0103, dar \u0219i arti\u0219ti autohtoni consacra\u021bi.<\/p>\n<p>IntenCity Festival\u00a0nu este doar despre muzic\u0103. Evenimentul invit\u0103 publicul s\u0103 exploreze noi emo\u021bii \u0219i s\u0103 tr\u0103iasc\u0103 experien\u021be unice, nu doar prin arti\u0219ti, dar \u0219i prin decorul avangardist, atmosfera electrizant\u0103, sunetul de \u00eenalta calitate \u0219i spectacolul de lumini, lasere \u0219i foc. \u00cen plus, pe l\u00e2ng\u0103 toate acestea, Zona de Activare ofer\u0103 o mul\u021bime de activit\u0103\u021bi, iar zonele de Food &#038; Drinks prezint\u0103 o gam\u0103 variat\u0103 de b\u0103uturi \u0219i delicii culinare.<\/p>\n<p>Pre\u021buri bilete IntenCity Festival 2025:<\/p>\n<ul>\n<li>Bilete de acces la cea de-a patra edi\u021bie a festivalului IntenCity sunt disponibile online, la pre\u021burile de 1000 lei (VIP) \u0219i 500 lei (Acces General). Pentru mai multe detalii despre bilete \u0219i modalitatea de achizi\u021bionare, acceseaz\u0103 <a href=\"https:\/\/www.infomusic.ro\/agenda\/intencity-festival-craiova-2025\/\" target=\"_blank\" rel=\"noopener\">agenda InfoMusic.<\/a><\/li>\n<\/ul>\n<p> <a class=\"echo_read_more\" href=\"https:\/\/www.infomusic.ro\/2025\/03\/g-eazy-canta-la-intencity-2025\/\" target=\"_blank\">\u00a0\u00bb\u00a0Cite\u0219te continuarea pe pagina autorului<\/a><\/p>\n","protected":false},"excerpt":{"rendered":"<p>Cu J Balvin, Foster The People sau Tyga \u00een program, IntenCity promite s\u0103 devin\u0103 un eveniment pe care niciun iubitor de muzic\u0103 \u0219i distrac\u021bie nu ar trebui s\u0103 \u00eel rateze. Iar ca festivalul s\u0103 devin\u0103 \u0219i mai greu de rezistat, organizatorii l-au confirmat pe G-Eazy \u00een program. Cea de-a patra edi\u021bie IntenCity Festival are loc [&hellip;]<\/p>\n","protected":false},"author":1,"featured_media":9748,"comment_status":"open","ping_status":"open","sticky":false,"template":"","format":"standard","meta":{"_crdt_document":"","footnotes":""},"categories":[4],"tags":[],"class_list":["post-9747","post","type-post","status-publish","format-standard","has-post-thumbnail","hentry","category-noutati"],"_links":{"self":[{"href":"https:\/\/news-fm.ro\/index.php\/wp-json\/wp\/v2\/posts\/9747","targetHints":{"allow":["GET"]}}],"collection":[{"href":"https:\/\/news-fm.ro\/index.php\/wp-json\/wp\/v2\/posts"}],"about":[{"href":"https:\/\/news-fm.ro\/index.php\/wp-json\/wp\/v2\/types\/post"}],"author":[{"embeddable":true,"href":"https:\/\/news-fm.ro\/index.php\/wp-json\/wp\/v2\/users\/1"}],"replies":[{"embeddable":true,"href":"https:\/\/news-fm.ro\/index.php\/wp-json\/wp\/v2\/comments?post=9747"}],"version-history":[{"count":0,"href":"https:\/\/news-fm.ro\/index.php\/wp-json\/wp\/v2\/posts\/9747\/revisions"}],"wp:featuredmedia":[{"embeddable":true,"href":"https:\/\/news-fm.ro\/index.php\/wp-json\/wp\/v2\/media\/9748"}],"wp:attachment":[{"href":"https:\/\/news-fm.ro\/index.php\/wp-json\/wp\/v2\/media?parent=9747"}],"wp:term":[{"taxonomy":"category","embeddable":true,"href":"https:\/\/news-fm.ro\/index.php\/wp-json\/wp\/v2\/categories?post=9747"},{"taxonomy":"post_tag","embeddable":true,"href":"https:\/\/news-fm.ro\/index.php\/wp-json\/wp\/v2\/tags?post=9747"}],"curies":[{"name":"wp","href":"https:\/\/api.w.org\/{rel}","templated":true}]}}