{"id":9745,"date":"2025-03-24T10:08:37","date_gmt":"2025-03-24T10:08:37","guid":{"rendered":"https:\/\/news-fm.ro\/index.php\/2025\/03\/24\/x-factor-2025-irina-bucescu-a-avut-o-auditie-rupta-dintr-un-musical-video\/"},"modified":"2025-03-24T10:08:37","modified_gmt":"2025-03-24T10:08:37","slug":"x-factor-2025-irina-bucescu-a-avut-o-auditie-rupta-dintr-un-musical-video","status":"publish","type":"post","link":"https:\/\/news-fm.ro\/index.php\/2025\/03\/24\/x-factor-2025-irina-bucescu-a-avut-o-auditie-rupta-dintr-un-musical-video\/","title":{"rendered":"X Factor 2025: Irina Bucescu a avut o audi\u021bie rupt\u0103 dintr-un musical &#8211; VIDEO"},"content":{"rendered":"<p>Oameni obi\u0219nui\u0163i, afla\u0163i pentru prima oar\u0103 pe o scen\u0103, arti\u0219ti la \u00eenceput de drum, multe trupe s-au prezentat \u00een fa\u0163a jura\u0163ilor X Factor, \u00eentr-o nou\u0103 sesiune de audi\u021bii.<\/p>\n<p>Concuren\u021bii din cea de-a noua rund\u0103 de audi\u021bii X Factor 2025Raul Pop &#8211; 4 DA<\/p>\n<p>Raul este din Media\u0219 \u0219i a venit la X Factor al\u0103turi de cel mai mare sus\u021bin\u0103tor &#8211; tat\u0103l s\u0103u. B\u0103rbatul este membru \u00eentr-o trup\u0103 rock \u0219i i-a transmis \u0219i fiului pasiunea pentru muzic\u0103. Raul a interpretat piesa &#8220;Nunta&#8221; \u00een audi\u021biile X Factor.<\/p>\n<p>Lui Marius Moga i-a pl\u0103cut vocea lui Raul, dar a spus cu sinceritate c\u0103 l-ar auzi mai degrab\u0103 c\u00e2nt\u00e2nd pop, nu rock.<\/p>\n<p>&#8220;Rock-ul este un mod de via\u021b\u0103&#8221;, a declarat \u0218tefan, ad\u0103ug\u00e2nd c\u0103 i se pare extraordinar ca un pu\u0219ti de 19 ani s\u0103 c\u00e2nte Phoenix.<\/p>\n<\/p>\n<p>Octagroove &#8211; 3 DA<\/p>\n<p>Cu v\u00e2rste cuprinse \u00eentre 15 \u0219i 18 mai, trupa Octagroove a urcat plin\u0103 de emo\u021bii pe scen\u0103. Au fost constructive pentru c\u0103 tineri au creat un moment special cu piesa &#8220;All About That Bass&#8221;.<\/p>\n<p>&#8220;Sun\u0103 foarte frumos vocile voastre \u00eempreun\u0103&#8221;, a declarat Puya.<\/p>\n<p>Delia a ad\u0103ugat:<\/p>\n<p>&#8220;Sunte\u021bi adorabili! Sunte\u021bi fete care c\u00e2nt\u0103 la instrumente, sunte\u021bi talentate. Abia a\u0219tept s\u0103 \u00eencepe\u021bi s\u0103 ave\u021bi concerte.&#8221;<\/p>\n<\/p>\n<p>Kiki Bratu &#8211; 4 DA<\/p>\n<p>Kiki are 19 ani \u0219i este originar\u0103 din Oradea. Este student\u0103 la Universitatea de Muzic\u0103 din Bucure\u0219ti. Pasiunea pentru muzic\u0103 a luat na\u0219tere din copil\u0103rie, iar t\u00e2n\u0103ra a alimentat-o constant. A \u00eenceput s\u0103 publice pe social-media interpret\u0103ri muzicale \u0219i a atras aten\u021bia unor nume din industria muzical\u0103 actual\u0103 precum Irina Rimes, Theo Rose, Alina Eremia, Andrei B\u0103nu\u021b\u0103 sau Iuliana Beregoi. \u00cen audi\u021biile de la X Factor 2025, concurenta a interpretat &#8220;Masterpiece&#8221;.<\/p>\n<p>&#8220;Foarte bine! Asta vreau s\u0103 aud! \u0102sta e exemplu de a-\u021bi alege ceva potrivit pe v\u00e2rsta ta, pe felul \u00een care ara\u021bi&#8221;, a spus \u0218tefan.<\/p>\n<p>Delia a ad\u0103ugat:<\/p>\n<p>&#8220;Ai vrut s\u0103 ne ara\u021bi \u0219i s\u0103 ne dai pe spate \u0219i \u021bi-a ie\u0219it.&#8221;<\/p>\n<p>Marius a declarat:<\/p>\n<p>&#8220;Mie mi-a pl\u0103cut c\u0103 ai o voce clar\u0103, e foarte potrivit\u0103 pe un anumit gen de muzic\u0103 pop. \u00ce\u021bi controlezi bine vocea. E\u0219ti potrivit\u0103 pentru a fi aici.&#8221;<\/p>\n<\/p>\n<p>Drago\u0219 Bucatariu &#8211; 3 DA<\/p>\n<p>Drago\u0219 are 23 de ani \u0219i este originar din Suceava. A terminat Facultatea de Psihologie, iar \u00een prezent se preg\u0103te\u0219te de admiterea la UNATC, la sec\u021bia actorie. La X Factor, concurentul a interpretat piesa &#8220;Redbone&#8221;.<\/p>\n<p>&#8220;Noi nu stim care este vocea ta de piept, normal\u0103&#8221;, a spus \u0218tefan.<\/p>\n<p>Jura\u021bii au apreciat audi\u021bia t\u00e2n\u0103rului, dar av\u00e2nd \u00een vedere c\u0103 pentru &#8220;Redbone&#8221; interpretul trebuie s\u0103 foloseasc\u0103 registrul acut, ace\u0219tia i-au propus lui Drago\u0219 s\u0103 mai c\u00e2nte o melodie. A ales ceva din repertoriul lui Beth Hart.<\/p>\n<p>&#8220;Mie mi se pare c\u0103 trebuie s\u0103 avem aici toate felurile de voci&#8221;, a declarat Marius.<\/p>\n<p>B\u0103nic\u0103 nu i-a dat votul de \u00eencredere, explic\u00e2nd:<\/p>\n<p>&#8220;Emo\u021bional nu ai venit spre mine.&#8221;<\/p>\n<\/p>\n<p>Elena Tr\u00eenc\u0103 &#8211; NU<\/p>\n<p>Elena este dansatoare \u0219i personal trainer. \u00centotdeauna a visat s\u0103 c\u00e2nte pe scene, dar i-a fost team\u0103 s\u0103 urmeze aceast\u0103 cale. Concurenta \u0219i-a g\u0103sit curajul de a se expune muzical la X Factor 2025. A venit \u00een audi\u021bii cu piesa &#8220;Beggin&#8221;.<\/p>\n<p>&#8220;M-am ab\u021binut s\u0103 nu-l mu\u0219c pe Moga. Pe scen\u0103, arti\u0219tii ar trebui s\u0103 fie mai sensibili&#8221;, a declarat Puya.<\/p>\n<p>Marius a spus:<\/p>\n<p>&#8220;A fost intens momentul, probabil ca o serie de antrenamente cu tine. Notele nu au fost toate cum trebuie.&#8221;<\/p>\n<\/p>\n<p>Trupa Graiu &#8211; 3 DA<\/p>\n<p>Graiu aduce trecutul \u00een prezent,<\/p>\n<p> <a class=\"echo_read_more\" href=\"https:\/\/www.infomusic.ro\/2025\/03\/irina-bucescu-auditii-x-factor-2025\/\" target=\"_blank\">\u00a0\u00bb\u00a0Cite\u0219te continuarea pe pagina autorului<\/a><\/p>\n","protected":false},"excerpt":{"rendered":"<p>Oameni obi\u0219nui\u0163i, afla\u0163i pentru prima oar\u0103 pe o scen\u0103, arti\u0219ti la \u00eenceput de drum, multe trupe s-au prezentat \u00een fa\u0163a jura\u0163ilor X Factor, \u00eentr-o nou\u0103 sesiune de audi\u021bii. Concuren\u021bii din cea de-a noua rund\u0103 de audi\u021bii X Factor 2025Raul Pop &#8211; 4 DA Raul este din Media\u0219 \u0219i a venit la X Factor al\u0103turi de [&hellip;]<\/p>\n","protected":false},"author":1,"featured_media":9746,"comment_status":"open","ping_status":"open","sticky":false,"template":"","format":"standard","meta":{"_crdt_document":"","footnotes":""},"categories":[4],"tags":[],"class_list":["post-9745","post","type-post","status-publish","format-standard","has-post-thumbnail","hentry","category-noutati"],"_links":{"self":[{"href":"https:\/\/news-fm.ro\/index.php\/wp-json\/wp\/v2\/posts\/9745","targetHints":{"allow":["GET"]}}],"collection":[{"href":"https:\/\/news-fm.ro\/index.php\/wp-json\/wp\/v2\/posts"}],"about":[{"href":"https:\/\/news-fm.ro\/index.php\/wp-json\/wp\/v2\/types\/post"}],"author":[{"embeddable":true,"href":"https:\/\/news-fm.ro\/index.php\/wp-json\/wp\/v2\/users\/1"}],"replies":[{"embeddable":true,"href":"https:\/\/news-fm.ro\/index.php\/wp-json\/wp\/v2\/comments?post=9745"}],"version-history":[{"count":0,"href":"https:\/\/news-fm.ro\/index.php\/wp-json\/wp\/v2\/posts\/9745\/revisions"}],"wp:featuredmedia":[{"embeddable":true,"href":"https:\/\/news-fm.ro\/index.php\/wp-json\/wp\/v2\/media\/9746"}],"wp:attachment":[{"href":"https:\/\/news-fm.ro\/index.php\/wp-json\/wp\/v2\/media?parent=9745"}],"wp:term":[{"taxonomy":"category","embeddable":true,"href":"https:\/\/news-fm.ro\/index.php\/wp-json\/wp\/v2\/categories?post=9745"},{"taxonomy":"post_tag","embeddable":true,"href":"https:\/\/news-fm.ro\/index.php\/wp-json\/wp\/v2\/tags?post=9745"}],"curies":[{"name":"wp","href":"https:\/\/api.w.org\/{rel}","templated":true}]}}