{"id":9723,"date":"2025-03-24T02:09:15","date_gmt":"2025-03-24T02:09:15","guid":{"rendered":"https:\/\/news-fm.ro\/index.php\/2025\/03\/24\/laura-bretan-special-guest-in-concertul-il-divo-de-la-arenele-romane\/"},"modified":"2025-03-24T02:09:15","modified_gmt":"2025-03-24T02:09:15","slug":"laura-bretan-special-guest-in-concertul-il-divo-de-la-arenele-romane","status":"publish","type":"post","link":"https:\/\/news-fm.ro\/index.php\/2025\/03\/24\/laura-bretan-special-guest-in-concertul-il-divo-de-la-arenele-romane\/","title":{"rendered":"Laura Bretan, \u201especial guest\u201d \u00een concertul IL DIVO de la Arenele Romane"},"content":{"rendered":"<p>Dup\u0103 o absen\u021b\u0103 destul de lung\u0103, timp pentru definitivarea studiilor muzicale la Universitatea Champagne din Illinois, Laura Bretan va reveni pe scenele din Europa \u00een aceast\u0103 var\u0103, \u00eencep\u00e2nd cu c\u00e2teva concerte \u00een Belgia \u0219i Italia. C\u00e2nt\u0103rea\u021ba este a\u0219teptat\u0103 de aproape un an \u00een Romania, unde a avut o apari\u021bie consistent\u0103 la prima edi\u021bie <a href=\"https:\/\/www.infomusic.ro\/agenda\/unforgettable-festival-bucuresti-2025\/\">Unforgettable<\/a>. \u00cen 2024, ea a c\u00e2ntat \u00een toate cele trei zile ale festivalului, piese clasice, pe care le avea \u00een repertoriu (ca, de exemplu, &#8220;Caruso&#8221;, acum, \u00eempreun\u0103 cu Albano), dar \u0219i compozi\u021bii mai putin cunocute de publicul larg (ca &#8220;Broken Vow&#8221;, cu Lara Fabian), surprinz\u0103toare, uneori, ca \u00een duetul cu Gipsy Kings, \u00een care i s-a al\u0103turat \u0219i Theo Rose.<\/p>\n<p>\u00cen legatura cu aceasta, Laura a f\u0103cut recent o m\u0103rturisire public\u0103:<\/p>\n<p>&#8220;\u00centr-una din frecventele convorbiri pe care le am, chiar \u0219i \u00een perioadele cu mai pu\u021bin\u0103 activitate concertistic\u0103, cu managerul meu, Paul Nanc\u0103, s-a avansat ideea realiz\u0103rii unui album care s\u0103 reuneasc\u0103 aceste \u00eent\u00e2mpl\u0103ri speciale care au fost \u00eent\u00e2lnirile mele pe diverse scene din lume. A fost o mare onoare pentru mine s\u0103 c\u00e2nt \u00eempreun\u0103 cu arti\u0219ti care au intrat \u00een istorie, ca: Jose Carreras, Michael Bolton sau Lara Fabian, Garou, Al Bano. \u0218i \u00eemi place s\u0103 cred c\u0103 oamenii s-ar bucura s\u0103 reasculte momentele respective, adunate \u00eempreun\u0103.<\/p>\n<p>Dar, p\u00e2n\u0103 c\u00e2nd acest lucru va fi posibil, v\u0103 invit pe to\u021bi la un eveniment muzical rarisim, care va avea loc \u00een cur\u00e2nd la Arenele Romane din Bucure\u0219ti, pe 18 iunie &#8211; <a href=\"https:\/\/www.infomusic.ro\/agenda\/il-divo-concert-aniversar-bucuresti-2025\/\">concertul aniversar IL DIVO<\/a>, la care voi participa \u0219i eu, cu cea mai mare bucurie.&#8221;<\/p>\n<p>Laura Bretan va deschide concertul IL DIVO, preg\u0103tind \u0219i un duet<\/p>\n<p>Pe 18 iunie,\u00a0Laura va avea statutul de \u201especial guest\u201d. Va deschide concertul cu un mic recital \u00een acela\u0219i timp sintetic (reamintind c\u00e2teva din performan\u021bele ei memorabile) \u0219i anticipativ. Va c\u00e2nta \u00een premier\u0103 cel pu\u021bin dou\u0103 piese, Laura oferind astfel indicii despre noua orientare artistic\u0103.<\/p>\n<p>Seara nu se va \u00eencheia f\u0103r\u0103 regalul a\u0219teptat de public: un c\u00e2ntec interpretat \u00eempreun\u0103 de IL DIVO, cvartetul de etern succes, \u0219i&#8230; DIVA celei mai tinere genera\u021bii. Va fi una dintre capodoperele muzicii universale pe care le au \u00een repertoriu at\u00e2t IL DIVO, c\u00e2t \u0219i LAURA. S\u0103 fie vorba de o relansare a celebrei \u201eI Believe In You\u201d c\u00e2ntate ini\u021bial de Celine Dion sau de vreun c\u00e2ntec original, special n\u0103scut pentru un nou \u00eenceput? R\u0103m\u00e2ne de v\u0103zut&#8230;<\/p>\n<p>Laura Bretan &#8211; \u201eAfter the rain\u201d<\/p>\n<\/p>\n<p>Laura Bretan s-a remarcat la nivel interna\u021bional \u00eenc\u0103 din adolescen\u021b\u0103, impresion\u00e2nd cu interpret\u0103ri de oper\u0103 \u0219i crossover \u00een show-uri ca \u201eAmerica\u2019s Got Talent\u201d \u0219i \u201eRom\u00e2nii au talent\u201d. De\u0219i \u0219i-a continuat studiile muzicale \u00een SUA, Laura a p\u0103strat o leg\u0103tur\u0103 constant\u0103 cu scena rom\u00e2neasc\u0103, revenind periodic pentru evenimen<\/p>\n<p> <a class=\"echo_read_more\" href=\"https:\/\/www.infomusic.ro\/2025\/03\/laura-bretan-special-guest-in-concertul-il-divo-de-la-arenele-romane\/\" target=\"_blank\">\u00a0\u00bb\u00a0Cite\u0219te continuarea pe pagina autorului<\/a><\/p>\n","protected":false},"excerpt":{"rendered":"<p>Dup\u0103 o absen\u021b\u0103 destul de lung\u0103, timp pentru definitivarea studiilor muzicale la Universitatea Champagne din Illinois, Laura Bretan va reveni pe scenele din Europa \u00een aceast\u0103 var\u0103, \u00eencep\u00e2nd cu c\u00e2teva concerte \u00een Belgia \u0219i Italia. C\u00e2nt\u0103rea\u021ba este a\u0219teptat\u0103 de aproape un an \u00een Romania, unde a avut o apari\u021bie consistent\u0103 la prima edi\u021bie Unforgettable. \u00cen [&hellip;]<\/p>\n","protected":false},"author":1,"featured_media":9724,"comment_status":"open","ping_status":"open","sticky":false,"template":"","format":"standard","meta":{"_crdt_document":"","footnotes":""},"categories":[4],"tags":[],"class_list":["post-9723","post","type-post","status-publish","format-standard","has-post-thumbnail","hentry","category-noutati"],"_links":{"self":[{"href":"https:\/\/news-fm.ro\/index.php\/wp-json\/wp\/v2\/posts\/9723","targetHints":{"allow":["GET"]}}],"collection":[{"href":"https:\/\/news-fm.ro\/index.php\/wp-json\/wp\/v2\/posts"}],"about":[{"href":"https:\/\/news-fm.ro\/index.php\/wp-json\/wp\/v2\/types\/post"}],"author":[{"embeddable":true,"href":"https:\/\/news-fm.ro\/index.php\/wp-json\/wp\/v2\/users\/1"}],"replies":[{"embeddable":true,"href":"https:\/\/news-fm.ro\/index.php\/wp-json\/wp\/v2\/comments?post=9723"}],"version-history":[{"count":0,"href":"https:\/\/news-fm.ro\/index.php\/wp-json\/wp\/v2\/posts\/9723\/revisions"}],"wp:featuredmedia":[{"embeddable":true,"href":"https:\/\/news-fm.ro\/index.php\/wp-json\/wp\/v2\/media\/9724"}],"wp:attachment":[{"href":"https:\/\/news-fm.ro\/index.php\/wp-json\/wp\/v2\/media?parent=9723"}],"wp:term":[{"taxonomy":"category","embeddable":true,"href":"https:\/\/news-fm.ro\/index.php\/wp-json\/wp\/v2\/categories?post=9723"},{"taxonomy":"post_tag","embeddable":true,"href":"https:\/\/news-fm.ro\/index.php\/wp-json\/wp\/v2\/tags?post=9723"}],"curies":[{"name":"wp","href":"https:\/\/api.w.org\/{rel}","templated":true}]}}