{"id":9719,"date":"2025-03-23T18:09:27","date_gmt":"2025-03-23T18:09:27","guid":{"rendered":"https:\/\/news-fm.ro\/index.php\/2025\/03\/23\/andreea-balan-motiveaza-ascultatorii-cu-piesa-azi-sunt-bine-teaser\/"},"modified":"2025-03-23T18:09:27","modified_gmt":"2025-03-23T18:09:27","slug":"andreea-balan-motiveaza-ascultatorii-cu-piesa-azi-sunt-bine-teaser","status":"publish","type":"post","link":"https:\/\/news-fm.ro\/index.php\/2025\/03\/23\/andreea-balan-motiveaza-ascultatorii-cu-piesa-azi-sunt-bine-teaser\/","title":{"rendered":"Andreea B\u0103lan motiveaz\u0103 ascult\u0103torii cu piesa &#8220;Azi sunt bine&#8221; &#8211; TEASER"},"content":{"rendered":"<p>Tradi\u021bia Revelionului \u00een aer liber continu\u0103 \u0219i \u00een acest an cu spectacole \u00een marile ora\u0219e din \u021bar\u0103. Rom\u00e2nii \u0219i str\u0103inii, deopotriv\u0103, sunt a\u0219tepta\u021bi s\u0103-i asculte live pe cei mai aprecia\u021bi arti\u0219ti, s\u0103 fredoneze piese cunoscute \u0219i s\u0103 \u00ee\u0219i etaleze cele mai bune mi\u0219c\u0103ri de dans. Programul muzical va fi \u00eencununat la miezul nop\u021bii de spectaculoase focuri de artificii sau show-uri de lumini.<\/p>\n<p><a href=\"https:\/\/www.infomusic.ro\/agenda\/sublim-revelion-parcul-titan-2025\/\" target=\"_blank\" rel=\"noopener\">Sublim &#8211; Revelion 2025<\/a><\/p>\n<p>Prim\u0103ria Sectorului 3 continu\u0103 tradi\u021bionala petrecere de Revelion din Parcul Titan \u0219i organizeaz\u0103 pe 31 decembrie un show de neratat, marcat de concertele unora dintre cei mai aprecia\u021bi arti\u0219ti rom\u00e2ni.\u00a0<a href=\"https:\/\/www.infomusic.ro\/2024\/12\/program-revelion-2025-parcul-titan\/\" target=\"_blank\" rel=\"noopener\">Spectacolul de Revelion 2025<\/a>\u00a0invit\u0103 la o c\u0103l\u0103torie incitant\u0103 prin intermediul muzicii \u0219i efectelor vizuale, fiind structurat astfel \u00eenc\u00e2t simbolurile \u0219i formele care reprezint\u0103 infinitul, perfec\u021biunea \u0219i rena\u0219terea s\u0103 captiveze publicul.<\/p>\n<p>Compact, Voltaj, Romani\u021ba, Gipsy Casual \u0219i OLiX vor urca pe scen\u0103 \u0219i vor bucura spectatorii cu cele mai \u00eendr\u0103gite piese.<\/p>\n<p><a href=\"https:\/\/www.infomusic.ro\/agenda\/revelion-timisoara-2025\/\" target=\"_blank\" rel=\"noopener\">Revelion Timi\u0219oara 2025<\/a><\/p>\n<p>Timi\u0219orenii \u0219i turi\u0219tii sunt invita\u021bi \u00een\u00a0Pia\u021ba Victoriei s\u0103 celebreze trecerea \u00een noul an cu un program muzical divers. Petrecerea dintre ani va \u00eencepe la ora 20:00, cu DJ KLU, urmat de concerte live sus\u021binute de TM Groove, Cargo \u0219i Carla\u2019s Dreams.<\/p>\n<p><a href=\"https:\/\/www.infomusic.ro\/agenda\/revelion-deva-2025\/\" target=\"_blank\" rel=\"noopener\">Revelion Deva 2025<\/a><\/p>\n<p>Prim\u0103ria Municipiului Deva \u0219i Centrul Cultural &#8220;Dr\u0103gan Muntean&#8221; organizeaz\u0103\u00a0un spectacol \u00een aer liber de Revelion, \u00een Pia\u021ba Unirii.\u00a0Evenimentul va \u00eencepe la ora 21:30 cu recitalurile forma\u021biilor The Story, Vremuri \u0219i Quas, precum \u0219i ale unor arti\u0219ti locali.\u00a0Momentul culminant al serii va fi marcat de prezen\u021ba Antoniei, care va sus\u021bine un concert live dup\u0103 focul de artificii de la miezul nop\u021bii.<\/p>\n<p><a href=\"https:\/\/www.infomusic.ro\/agenda\/revelion-constanta-2025\/\" target=\"_blank\" rel=\"noopener\">Revelion Constan\u021ba 2025<\/a><\/p>\n<p>Const\u0103n\u021benii \u0219i turi\u0219tii sunt invita\u021bi s\u0103 petreac\u0103 trecerea \u00een noul an \u00eentr-o atmosfer\u0103 de poveste \u00een\u00a0Pia\u021ba Ovidiu, centrul istoric al Constan\u021bei.\u00a0Revelionul 2025 promite s\u0103 fie un eveniment de neuitat, cu un program artistic variat \u0219i un show vizual spectaculos. Pe scen\u0103 vor urca DJ Sheeva, Mandinga \u0219i Christian Lepah.<\/p>\n<p><a href=\"https:\/\/www.infomusic.ro\/agenda\/revelion-arad-2025\/\" target=\"_blank\" rel=\"noopener\">Revelion Arad 2025<\/a><\/p>\n<p>Centrul Municipal de Cultur\u0103 \u0219i Prim\u0103ria Municipiului Arad au preg\u0103tit\u00a0o petrecere de Revelion cu muzic\u0103 live, confetti \u0219i un spectaculos foc de artificii. Pe scen\u0103 vor urca Ale&#038;Fly, urma\u021bi de Titi Dragomir \u0219i Vest Phoenix Cover. Programul muzical va continua cu\u00a0Andreea Vlas Band \u0219i 3 Sud Est, capul de afi\u0219 al serii de Revelion 2025.<\/p>\n<p><a href=\"https:\/\/www.infomusic.ro\/agenda\/revelion-cluj-napoca-2025\/\" target=\"_blank\" rel=\"noopener\">Revelion Cluj-Napoca 2025<\/a><\/p>\n<p>Programul Revelionului 2025 de la Cluj-Napoca include un concert Remakers de la ora 22.00, trupa clujean\u0103 Hara va c\u00e2nta de la ora 23.00, la miezul nop\u021bii va fi un spectacol de drone \u0219i lumini, pentru ca evenimentul s\u0103 se \u00eencheie cu un concert Aurel T\u0103ma\u0219.<\/p>\n<p><a href=\"https:\/\/www.infomusic.ro\/agenda\/revelion-craiova-2025\/\" target=\"_blank\" rel=\"noopener\">Revelion Craiova 2025<\/a><\/p>\n<p>Programul de Revelion va fi prezentat de actorul Cosmin Dolea, iar DJ Emil Safta va \u00eenc\u0103lzi atmosfera \u00eenainte ca\u00a0Andrei B\u0103nu\u0163\u0103 &#038; Band\u00a0s\u0103 urce pe scen\u0103.<\/p>\n<p>Trupa Lupii lui Calancea \u015fi Surorile O\u015foianu\u00a0sunt marile nume de pe afi\u015ful petrecerii de sf\u00e2r\u015fit de an. De asemenea,\u00a0Killa Fonic va c\u00e2nta \u00een seara de Revelion la Craiova, iar la miezul nop\u0163ii to\u0163i cei prezen\u0163i \u00een centrul ora\u015fului vor asista la tradi\u0163ionalul foc de artificii.<\/p>\n<p><a href=\"https:\/\/www.infomusic.ro\/agenda\/revelion-sibiu-2025\/\" target=\"_blank\" rel=\"noopener\">Revelion Sibiu 2025<\/a><\/p>\n<p>DJ-ul sibian Funkydrop va deschide evenimentul, \u00eenc\u0103lzind atmosfera cu mixuri electrizante \u00eentre orele 22:00 \u0219i 23:00. Pe scen\u0103 va urca apoi trupa Bosquito cu un concert live plin de energie, care va continua p\u00e2n\u0103 dup\u0103 miezul nop\u021bii. DJ Funkydrop va reveni la pupitru p\u00e2n\u0103 \u00een jurul orei 1:30, men\u021bin\u00e2nd spiritul de petrecere.<\/p>\n<p><a href=\"https:\/\/www.infomusic.ro\/agenda\/revelion-oradea-2025\/\" target=\"_blank\" rel=\"noopener\">Revelion Oradea 2025<\/a><\/p>\n<p>Revelionul 2025 sau Nouveau Year Party\u00a0este un eveniment deschis tuturor celor care doresc s\u0103 se bucure de trecerea dintre ani \u00een Pia\u021ba Unirii din Oradea.\u00a0<\/p>\n<p> <a class=\"echo_read_more\" href=\"https:\/\/www.infomusic.ro\/2025\/03\/andreea-balan-lanseaza-piesa-azi-sunt-bine\/\" target=\"_blank\">\u00a0\u00bb\u00a0Cite\u0219te continuarea pe pagina autorului<\/a><\/p>\n","protected":false},"excerpt":{"rendered":"<p>Tradi\u021bia Revelionului \u00een aer liber continu\u0103 \u0219i \u00een acest an cu spectacole \u00een marile ora\u0219e din \u021bar\u0103. Rom\u00e2nii \u0219i str\u0103inii, deopotriv\u0103, sunt a\u0219tepta\u021bi s\u0103-i asculte live pe cei mai aprecia\u021bi arti\u0219ti, s\u0103 fredoneze piese cunoscute \u0219i s\u0103 \u00ee\u0219i etaleze cele mai bune mi\u0219c\u0103ri de dans. Programul muzical va fi \u00eencununat la miezul nop\u021bii de spectaculoase [&hellip;]<\/p>\n","protected":false},"author":1,"featured_media":9720,"comment_status":"open","ping_status":"open","sticky":false,"template":"","format":"standard","meta":{"_crdt_document":"","footnotes":""},"categories":[4],"tags":[],"class_list":["post-9719","post","type-post","status-publish","format-standard","has-post-thumbnail","hentry","category-noutati"],"_links":{"self":[{"href":"https:\/\/news-fm.ro\/index.php\/wp-json\/wp\/v2\/posts\/9719","targetHints":{"allow":["GET"]}}],"collection":[{"href":"https:\/\/news-fm.ro\/index.php\/wp-json\/wp\/v2\/posts"}],"about":[{"href":"https:\/\/news-fm.ro\/index.php\/wp-json\/wp\/v2\/types\/post"}],"author":[{"embeddable":true,"href":"https:\/\/news-fm.ro\/index.php\/wp-json\/wp\/v2\/users\/1"}],"replies":[{"embeddable":true,"href":"https:\/\/news-fm.ro\/index.php\/wp-json\/wp\/v2\/comments?post=9719"}],"version-history":[{"count":0,"href":"https:\/\/news-fm.ro\/index.php\/wp-json\/wp\/v2\/posts\/9719\/revisions"}],"wp:featuredmedia":[{"embeddable":true,"href":"https:\/\/news-fm.ro\/index.php\/wp-json\/wp\/v2\/media\/9720"}],"wp:attachment":[{"href":"https:\/\/news-fm.ro\/index.php\/wp-json\/wp\/v2\/media?parent=9719"}],"wp:term":[{"taxonomy":"category","embeddable":true,"href":"https:\/\/news-fm.ro\/index.php\/wp-json\/wp\/v2\/categories?post=9719"},{"taxonomy":"post_tag","embeddable":true,"href":"https:\/\/news-fm.ro\/index.php\/wp-json\/wp\/v2\/tags?post=9719"}],"curies":[{"name":"wp","href":"https:\/\/api.w.org\/{rel}","templated":true}]}}