{"id":9647,"date":"2025-03-21T08:09:10","date_gmt":"2025-03-21T08:09:10","guid":{"rendered":"https:\/\/news-fm.ro\/index.php\/2025\/03\/21\/de-la-doina-la-rembetiko-va-rula-in-premiera-la-brasov-in-cadrul-festivalului-de-film-cinemaunit\/"},"modified":"2025-03-21T08:09:10","modified_gmt":"2025-03-21T08:09:10","slug":"de-la-doina-la-rembetiko-va-rula-in-premiera-la-brasov-in-cadrul-festivalului-de-film-cinemaunit","status":"publish","type":"post","link":"https:\/\/news-fm.ro\/index.php\/2025\/03\/21\/de-la-doina-la-rembetiko-va-rula-in-premiera-la-brasov-in-cadrul-festivalului-de-film-cinemaunit\/","title":{"rendered":"&#8220;De la Doin\u0103 la Rembetiko&#8221; va rula \u00een premier\u0103 la Bra\u0219ov, \u00een cadrul Festivalului de Film CinemaUniT"},"content":{"rendered":"<p>Prim\u0103ria Sectorului 3 preg\u0103te\u0219te pe 4 octombrie, la scena din Parcul Titan, &#8220;Flori pentru suflet &#8211; Remember Florian Pitti\u0219&#8221;. Ajuns la cea de-a X-a edi\u021bie, evenimentul este organizat chiar de ziua de na\u0219tere a artistului. O particularitate a acestei edi\u021bii aniversare este participarea extraordinar\u0103 a Orchestrei Simfonice Bucure\u0219ti &#038; Band, cu Relu Bi\u021bulescu, Lyuben Gordievski, Ciprian Pop, Virgil Popescu, Sorin Voinea, sub bagheta dirijorului Daniel Jinga.<\/p>\n<p>Soli\u0219tii invita\u021bi ai evenimentului sunt Zoia Alecu, Nicu Alifantis, Mircea Baniciu, Marius Ba\u021bu, Ducu Bertzi, Florin Chilian, Maria Gheorghiu, Alina Manole Mircea Vintil\u0103 \u0219i Grupul Vocal Acapella. Al\u0103turi de ace\u0219tia, pe scen\u0103 urc\u0103 \u0219i invitatul special al evenimentului, Mihai Neni\u021b\u0103, magicianul viorii.<\/p>\n<p>Povestea evenimentului &#8220;Flori pentru suflet &#8211; Remember Florian Pitti\u0219&#8221;<\/p>\n<p>\u00cen anul 2013, Prim\u0103ria Sectorului 3 organiza, de Florii, un eveniment care a devenit una dintre cele mai frumoase tradi\u021bii concertistice din Rom\u00e2nia: &#8220;Flori pentru suflet &#8211; Remember Florian Pitti\u0219&#8221;. Cu acea ocazie, pe scena din parcul Titan, se reunea pentru a sus\u021bine un concert extraordinar, \u00een memoria lui Florian Pitti\u0219, supergrupul Pas\u0103rea Colibri. Mircea Baniciu, Mircea Vintil\u0103 \u0219i Vlady Cnejevici, membri fondatori ai forma\u021biei al\u0103turi de &#8220;Mo\u021bu&#8221; Pitti\u0219, \u00eei aduceau un omagiu, \u00een semn de iubire \u0219i pre\u021buire, celui care a fost o adev\u0103rat\u0103 flac\u0103r\u0103 a culturii rom\u00e2ne\u0219ti.<\/p>\n<p>Au urmat noi edi\u021bii, iar \u00een timp evenimentul a devenit un reper cultural pentru Sectorul 3. An de an, emo\u021bia, muzica \u0219i poezia s-au \u00eempletit cu proiec\u021biile video, d\u00e2nd na\u0219tere unei st\u0103ri de spirit unice. Cu fiecare edi\u021bie, arti\u0219ti apropia\u021bi de Florian Pitti\u0219 sau c\u0103rora &#8220;Mo\u021bu&#8221; le-a marcat destinul artistic s-au \u00eent\u00e2lnit pe aceea\u0219i scen\u0103, cu acela\u0219i scop: acela de a-i cinsti amintirea, dar \u0219i ca o form\u0103 de a continua munca de o via\u021b\u0103 a omului care a inspirat genera\u021bii \u00eentregi s\u0103 citeasc\u0103, s\u0103 asculte muzic\u0103, s\u0103 tr\u0103iasc\u0103 frumos.<\/p>\n<p>Florian Pitti\u0219, un simbol unic \u00een cultura rom\u00e2neasc\u0103<\/p>\n<p>Conceput ca o s\u0103rb\u0103toare a spiritului, &#8220;Flori pentru suflet &#8211; Remember Florian Pitti\u0219&#8221; une\u0219te arti\u0219tii \u0219i publicul \u00een pre\u021buirea unui nume important \u00een cultura noastr\u0103. &#8220;Mo\u021bu&#8221; Pitti\u0219 le-a ar\u0103tat ro<\/p>\n<p> <a class=\"echo_read_more\" href=\"https:\/\/www.infomusic.ro\/2025\/03\/de-la-doina-la-rembetiko-brasov-festivalul-de-film-cinemaunit\/\" target=\"_blank\">\u00a0\u00bb\u00a0Cite\u0219te continuarea pe pagina autorului<\/a><\/p>\n","protected":false},"excerpt":{"rendered":"<p>Prim\u0103ria Sectorului 3 preg\u0103te\u0219te pe 4 octombrie, la scena din Parcul Titan, &#8220;Flori pentru suflet &#8211; Remember Florian Pitti\u0219&#8221;. Ajuns la cea de-a X-a edi\u021bie, evenimentul este organizat chiar de ziua de na\u0219tere a artistului. O particularitate a acestei edi\u021bii aniversare este participarea extraordinar\u0103 a Orchestrei Simfonice Bucure\u0219ti &#038; Band, cu Relu Bi\u021bulescu, Lyuben Gordievski, [&hellip;]<\/p>\n","protected":false},"author":1,"featured_media":9648,"comment_status":"open","ping_status":"open","sticky":false,"template":"","format":"standard","meta":{"_crdt_document":"","footnotes":""},"categories":[4],"tags":[],"class_list":["post-9647","post","type-post","status-publish","format-standard","has-post-thumbnail","hentry","category-noutati"],"_links":{"self":[{"href":"https:\/\/news-fm.ro\/index.php\/wp-json\/wp\/v2\/posts\/9647","targetHints":{"allow":["GET"]}}],"collection":[{"href":"https:\/\/news-fm.ro\/index.php\/wp-json\/wp\/v2\/posts"}],"about":[{"href":"https:\/\/news-fm.ro\/index.php\/wp-json\/wp\/v2\/types\/post"}],"author":[{"embeddable":true,"href":"https:\/\/news-fm.ro\/index.php\/wp-json\/wp\/v2\/users\/1"}],"replies":[{"embeddable":true,"href":"https:\/\/news-fm.ro\/index.php\/wp-json\/wp\/v2\/comments?post=9647"}],"version-history":[{"count":0,"href":"https:\/\/news-fm.ro\/index.php\/wp-json\/wp\/v2\/posts\/9647\/revisions"}],"wp:featuredmedia":[{"embeddable":true,"href":"https:\/\/news-fm.ro\/index.php\/wp-json\/wp\/v2\/media\/9648"}],"wp:attachment":[{"href":"https:\/\/news-fm.ro\/index.php\/wp-json\/wp\/v2\/media?parent=9647"}],"wp:term":[{"taxonomy":"category","embeddable":true,"href":"https:\/\/news-fm.ro\/index.php\/wp-json\/wp\/v2\/categories?post=9647"},{"taxonomy":"post_tag","embeddable":true,"href":"https:\/\/news-fm.ro\/index.php\/wp-json\/wp\/v2\/tags?post=9647"}],"curies":[{"name":"wp","href":"https:\/\/api.w.org\/{rel}","templated":true}]}}