{"id":9641,"date":"2025-03-20T16:08:45","date_gmt":"2025-03-20T16:08:45","guid":{"rendered":"https:\/\/news-fm.ro\/index.php\/2025\/03\/20\/petre-ionutescu-a-lansat-shifting-moods-o-trilogie-muzicala-care-antreneaza-imaginatia-si-spiritul-live-at-jazz-fest-uzbekistan\/"},"modified":"2025-03-20T16:08:45","modified_gmt":"2025-03-20T16:08:45","slug":"petre-ionutescu-a-lansat-shifting-moods-o-trilogie-muzicala-care-antreneaza-imaginatia-si-spiritul-live-at-jazz-fest-uzbekistan","status":"publish","type":"post","link":"https:\/\/news-fm.ro\/index.php\/2025\/03\/20\/petre-ionutescu-a-lansat-shifting-moods-o-trilogie-muzicala-care-antreneaza-imaginatia-si-spiritul-live-at-jazz-fest-uzbekistan\/","title":{"rendered":"Petre Ionu\u021bescu a lansat &#8220;Shifting Moods&#8221;, o trilogie muzical\u0103 care antreneaz\u0103 imagina\u021bia \u0219i spiritul (Live at Jazz Fest Uzbekistan)"},"content":{"rendered":"<p>Despre experien\u021ba tr\u0103it\u0103 pe scena Festivalului Interna\u021bional de Jazz de la Ta\u0219kent, Petre Ionu\u021bescu spune c\u0103<em> &#8220;a fost cu adev\u0103rat remarcabil\u0103 \u0219i unic\u0103.&#8221; <\/em><\/p>\n<p>&#8220;Reac\u021bia publicului a fost extrem de pozitiv\u0103. De\u0219i am avut emo\u021bii la \u00eenceput, deoarece nu \u0219tiam cum va fi receptat\u0103 muzica aceasta cu un caracter mai experimental, publicul a r\u0103spuns cu entuziasm, iar mul\u021bi spectatori mi-au \u00eemp\u0103rt\u0103\u0219it ulterior bucuria c\u0103 au avut ocazia s\u0103 asiste la un concert at\u00e2t de nou \u00eent\u00e2lnit acolo.&#8221;<\/p>\n<p>&#8220;Shifting Moods&#8221; propune, a\u0219adar, o c\u0103l\u0103torie sonor\u0103 cu o structur\u0103 complex\u0103, cu pasaje de trecere \u00eenspre diferite stadii ale vis\u0103rii, inserate cu m\u0103iestrie \u00een poveste, o trilogie muzical\u0103 care transpune emo\u021bia uman\u0103 pe paliere diferite ca intensitate.<\/p>\n<p>Un adev\u0103rat rollercoaster care, \u00een cavalcada de tr\u0103iri, antreneaz\u0103 imagina\u021bia \u0219i spiritul, c\u00e2nd \u00eentr-o fug\u0103 de trompet\u0103, c\u00e2nd \u00eentr-o m\u00e2ng\u00e2iere de pian, pentru a p\u0103trunde \u00eentr-o nou\u0103 paradigm\u0103 a lumii, acolo unde magia \u0219i misterele orientale \u00ee\u0219i dezv\u0103luie farmecele, unde via\u021ba prinde sunet.<\/p>\n<p>Clipul piesei &#8220;Shifting Moods&#8221; este realizat de Cristian V\u0103duva, care surprinde cum nu se poate mai bine atmosfera acestei c\u0103l\u0103torii printr-o serie de imagini \u0219i inser\u021bii video cinematice, care efectiv te poart\u0103, al\u0103turi de cei doi, prin minunatul Ta\u0219kent. Modul \u00een care spectrul vizual se \u00eemplete\u0219te cu sunetul ofer\u0103 \u00eentregii pove\u0219ti o dimensiune mai ampl\u0103, dar mai concret\u0103 \u00een acela\u0219i timp, elementul de uimire av\u00e2nd \u00eens\u0103 un loc bine stabilit \u00een aceast\u0103 construc\u021bie cinematografic\u0103.<\/p>\n<p>VIDEO: Petre Ionu\u021bescu &#8211; &#8220;Shifting Moods&#8221; (Live at Jazz Fest Uzbekistan) <\/p>\n<p>\u00cen perioada urm\u0103toare, Petre preg\u0103te\u0219te un album care va con\u021bine mai multe compozi\u021bii extrase din c\u0103l\u0103toriile muzicale \u00eentreprinse de artist \u00een mai multe p\u0103r\u021bi ale lumii, astfel, doritorii vor putea c\u0103l\u0103tori al\u0103turi de artist \u0219i trompeta lui de la Viena, la Stockholm \u0219i de la Istanbul, la Ta\u0219kent pe calea sunetului. Mai mult, toate piesele de pe acest material vor fi \u00eenso\u021bite de videoclipuri speciale, filmate \u00een toate aceste loca\u021bii de poveste.<\/p>\n<p> <a class=\"echo_read_more\" href=\"https:\/\/www.infomusic.ro\/2025\/03\/petre-ionutescu-shifting-moods-live-jazz-fest-uzbekistan\/\" target=\"_blank\">\u00a0\u00bb\u00a0Cite\u0219te continuarea pe pagina autorului<\/a><\/p>\n","protected":false},"excerpt":{"rendered":"<p>Despre experien\u021ba tr\u0103it\u0103 pe scena Festivalului Interna\u021bional de Jazz de la Ta\u0219kent, Petre Ionu\u021bescu spune c\u0103 &#8220;a fost cu adev\u0103rat remarcabil\u0103 \u0219i unic\u0103.&#8221; &#8220;Reac\u021bia publicului a fost extrem de pozitiv\u0103. De\u0219i am avut emo\u021bii la \u00eenceput, deoarece nu \u0219tiam cum va fi receptat\u0103 muzica aceasta cu un caracter mai experimental, publicul a r\u0103spuns cu entuziasm, [&hellip;]<\/p>\n","protected":false},"author":1,"featured_media":9642,"comment_status":"open","ping_status":"open","sticky":false,"template":"","format":"standard","meta":{"_crdt_document":"","footnotes":""},"categories":[4],"tags":[],"class_list":["post-9641","post","type-post","status-publish","format-standard","has-post-thumbnail","hentry","category-noutati"],"_links":{"self":[{"href":"https:\/\/news-fm.ro\/index.php\/wp-json\/wp\/v2\/posts\/9641","targetHints":{"allow":["GET"]}}],"collection":[{"href":"https:\/\/news-fm.ro\/index.php\/wp-json\/wp\/v2\/posts"}],"about":[{"href":"https:\/\/news-fm.ro\/index.php\/wp-json\/wp\/v2\/types\/post"}],"author":[{"embeddable":true,"href":"https:\/\/news-fm.ro\/index.php\/wp-json\/wp\/v2\/users\/1"}],"replies":[{"embeddable":true,"href":"https:\/\/news-fm.ro\/index.php\/wp-json\/wp\/v2\/comments?post=9641"}],"version-history":[{"count":0,"href":"https:\/\/news-fm.ro\/index.php\/wp-json\/wp\/v2\/posts\/9641\/revisions"}],"wp:featuredmedia":[{"embeddable":true,"href":"https:\/\/news-fm.ro\/index.php\/wp-json\/wp\/v2\/media\/9642"}],"wp:attachment":[{"href":"https:\/\/news-fm.ro\/index.php\/wp-json\/wp\/v2\/media?parent=9641"}],"wp:term":[{"taxonomy":"category","embeddable":true,"href":"https:\/\/news-fm.ro\/index.php\/wp-json\/wp\/v2\/categories?post=9641"},{"taxonomy":"post_tag","embeddable":true,"href":"https:\/\/news-fm.ro\/index.php\/wp-json\/wp\/v2\/tags?post=9641"}],"curies":[{"name":"wp","href":"https:\/\/api.w.org\/{rel}","templated":true}]}}