{"id":9613,"date":"2025-03-20T00:09:20","date_gmt":"2025-03-20T00:09:20","guid":{"rendered":"https:\/\/news-fm.ro\/index.php\/2025\/03\/20\/brian-may-crede-ca-un-nou-album-queen-ar-putea-fi-lansat\/"},"modified":"2025-03-20T00:09:20","modified_gmt":"2025-03-20T00:09:20","slug":"brian-may-crede-ca-un-nou-album-queen-ar-putea-fi-lansat","status":"publish","type":"post","link":"https:\/\/news-fm.ro\/index.php\/2025\/03\/20\/brian-may-crede-ca-un-nou-album-queen-ar-putea-fi-lansat\/","title":{"rendered":"Brian May crede c\u0103 un nou album Queen ar putea fi lansat"},"content":{"rendered":"<p> Brian May \u0219i Kerry Ellis \u00een concert la Bucure\u0219ti pe 14 martie 2016 \u2502 FOTO: Ionut Paraschiv \/ InfoMusic.ro\t<\/p>\n<p> <a href=\"https:\/\/www.infomusic.ro\/stiri\/muzica\/muzica-noua\/\">Muzic\u0103 nou\u0103<\/a>Queen lucreaz\u0103 la muzic\u0103 nou\u0103, dup\u0103 30 de ani, conform lui Roger Taylor <\/p>\n<p>Tobo\u015farul trupei Queen, Roger Taylor a men\u0163ionat \u00een premier\u0103 posibilitatea ca trupa s\u0103 \u00eenregistreze muzic\u0103 nou\u0103, pentru prima dat\u0103 dup\u0103 30 de ani. Grupul nu a mai lansat un album nou din 1995, c\u00e2nd ap\u0103rea &#8220;Made in Heaven&#8221;, la 4 ani de la moartea lui Freddie Mercury.<\/p>\n<p><img loading=\"lazy\" alt src=\"https:\/\/secure.gravatar.com\/avatar\/ee005f72e5991809a79a3166fc02dae9?s=46&#038;d=blank&#038;r=g\"  height=\"46\" width=\"46\" loading=\"lazy\" decoding=\"async\"\/><\/p>\n<p>Publicat<\/p>\n<p>acum 5 luni<\/p>\n<p>pe<\/p>\n<p>16\/10\/2024<\/p>\n<p><img loading=\"lazy\" width=\"800\" height=\"533\" src=\"https:\/\/static.infomusic.ro\/media\/2016\/06\/queen-adam-lambert-bucuresti-2016-3628-800x533.jpg\" alt decoding=\"async\" loading=\"lazy\"\/><\/p>\n<p> Roger Taylor &#8211; Concert Queen + Adam Lambert \u2502 FOTO: <a href=\"http:\/\/Ionut%20Paraschiv%20\/%20InfoMusic.ro\" rel=\"nofollow\" target=\"_blank\">Ionut%20Paraschiv%20<\/a> <\/p>\n<p>Roger Taylor a discutat cu fanii recent, \u00een cadrul unui interviu \u0163inut de revista Uncut. Unul dintre fani a \u00eentrebat dac\u0103 vom mai auzi muzic\u0103 nou\u0103 de la Queen vreodat\u0103, iar tobo\u015farul a r\u0103spuns astfel:<\/p>\n<p>&#8220;Ei bine, cred c\u0103 am putea! Eu \u0219i Brian vorbeam zilele trecute \u0219i am\u00e2ndoi am spus c\u0103, dac\u0103 sim\u021bim c\u0103 avem material bun, de ce nu? \u00cenc\u0103 putem c\u00e2nta, \u00eenc\u0103 putem interpreta. A\u0219a c\u0103 nu v\u0103d de ce nu.&#8221;<\/p>\n<p>\u00cen acest moment Queen mai are doar 2 dintre membrii originali ai trupei, <a href=\"https:\/\/www.infomusic.ro\/2024\/01\/brian-may-tony-iommi-paranoid-video\/\">Brian May<\/a> la chitara \u015fi Roger Taylor la tobe. Basistul John Deacon s-a retras \u00een anii 1990. Cei doi membri activi au avut totu\u015fi turnee \u015fi concerte, iar \u00eentre 2004 \u015fi 2009 l-au avut la voce pe Paul Rodgers, de la trupa Free. S-a \u00eencercat \u015fi crearea unui album cu acesta, &#8220;The Cosmos Rocks&#8221;, dar nu a fost bine primit.<\/p>\n<p>Ceea ce \u00eensu\u015fi Taylor recuno\u015ftea \u00eentr-un interviu din 2015. Aparent Paul avea prea mult blues \u015fi soul infuzate \u00een voce. DE atunci muzicienii au colaborat cu Adam Lambert \u00een postura de solist, ceva mai bine primit de public. Totu\u015fi nu am avut parte sid e material nou. Ci doar de o u\u015foar\u0103 reg\u00e2ndire a hitului &#8220;We Are the Champions&#8221;, \u00een versiunea pandemic\u0103 <a href=\"https:\/\/www.infomusic.ro\/2020\/05\/queen-adam-lambert-au-lansat-you-are-the-champions-reinterpretarea-solidara-a-celebrei-piese-we-are-the-champions-video\/\">&#8220;You Are the Champions&#8221;<\/a>.<\/p>\n<p>Adam Lambert a preluat rolul de solist \u00een anul 2011. Ultimul album Queen, cel cu num\u0103rul 15 a fost &#8220;Made \u00een Heaven&#8221;, lansat \u00een 1995. Nu uit\u0103m \u015fi de piesa g\u0103sit\u0103 \u00een arhive, nemaiauzita p\u00e2n\u0103 atunci \u015fi lansat\u0103 \u00een 2022, &#8220;Face It Alone&#8221;, care includea vocea lui Freddie Mercury. Iar \u00een 2023 May a dezv\u0103luit c\u0103 lucrase la ni\u015fte riff-uri noi pentru un album nou cu Lambert.<\/p>\n<p>\u00cen ultimii ani, trupa Queen a continuat s\u0103 fie activ\u0103, concert\u00e2nd al\u0103turi de Adam Lambert ca solist principal. Cel mai important proiect al trupei este turneul &#8220;The Rhapsody Tour,&#8221; care a \u00eenceput \u00een 2019. \u00cen 2023, Queen a avut un turneu de succes \u00een America de Nord, sus\u021bin\u00e2nd concerte \u00een ora\u0219e mari precum Los Angeles, New York \u0219i Toronto. Setlistul turneului include piese emblematice precum &#8220;We Will Rock You,&#8221; &#8220;Radio Ga Ga&#8221; \u0219i &#8220;Bohemian Rhapsody,&#8221; acompaniate de un spectacol impresionant cu efecte speciale \u0219i designuri de scen\u0103 inovatoare.<\/p>\n<p>De asemenea, Queen + Adam Lambert au anun\u021bat planuri pentru 2024, inclusiv un turneu \u00een Japonia, unde vor avea cinci spectacole \u00een februarie, \u00een ora\u0219e precum Tokyo \u0219i Osaka. Brian May \u0219i Roger Taylor au sugerat c\u0103 acesta ar putea fi ultimul lor turneu extins, dar \u0219i-au exprimat dorin\u021ba de a continua s\u0103 performeze live at\u00e2t timp c\u00e2t sunt capabili.<\/p>\n<p> <a class=\"echo_read_more\" href=\"https:\/\/www.infomusic.ro\/2025\/03\/brian-may-crede-ca-un-nou-album-queen-ar-putea-fi-lansat\/\" target=\"_blank\">\u00a0\u00bb\u00a0Cite\u0219te continuarea pe pagina autorului<\/a><\/p>\n","protected":false},"excerpt":{"rendered":"<p>Brian May \u0219i Kerry Ellis \u00een concert la Bucure\u0219ti pe 14 martie 2016 \u2502 FOTO: Ionut Paraschiv \/ InfoMusic.ro Muzic\u0103 nou\u0103Queen lucreaz\u0103 la muzic\u0103 nou\u0103, dup\u0103 30 de ani, conform lui Roger Taylor Tobo\u015farul trupei Queen, Roger Taylor a men\u0163ionat \u00een premier\u0103 posibilitatea ca trupa s\u0103 \u00eenregistreze muzic\u0103 nou\u0103, pentru prima dat\u0103 dup\u0103 30 de [&hellip;]<\/p>\n","protected":false},"author":1,"featured_media":9614,"comment_status":"open","ping_status":"open","sticky":false,"template":"","format":"standard","meta":{"_crdt_document":"","footnotes":""},"categories":[4],"tags":[],"class_list":["post-9613","post","type-post","status-publish","format-standard","has-post-thumbnail","hentry","category-noutati"],"_links":{"self":[{"href":"https:\/\/news-fm.ro\/index.php\/wp-json\/wp\/v2\/posts\/9613","targetHints":{"allow":["GET"]}}],"collection":[{"href":"https:\/\/news-fm.ro\/index.php\/wp-json\/wp\/v2\/posts"}],"about":[{"href":"https:\/\/news-fm.ro\/index.php\/wp-json\/wp\/v2\/types\/post"}],"author":[{"embeddable":true,"href":"https:\/\/news-fm.ro\/index.php\/wp-json\/wp\/v2\/users\/1"}],"replies":[{"embeddable":true,"href":"https:\/\/news-fm.ro\/index.php\/wp-json\/wp\/v2\/comments?post=9613"}],"version-history":[{"count":0,"href":"https:\/\/news-fm.ro\/index.php\/wp-json\/wp\/v2\/posts\/9613\/revisions"}],"wp:featuredmedia":[{"embeddable":true,"href":"https:\/\/news-fm.ro\/index.php\/wp-json\/wp\/v2\/media\/9614"}],"wp:attachment":[{"href":"https:\/\/news-fm.ro\/index.php\/wp-json\/wp\/v2\/media?parent=9613"}],"wp:term":[{"taxonomy":"category","embeddable":true,"href":"https:\/\/news-fm.ro\/index.php\/wp-json\/wp\/v2\/categories?post=9613"},{"taxonomy":"post_tag","embeddable":true,"href":"https:\/\/news-fm.ro\/index.php\/wp-json\/wp\/v2\/tags?post=9613"}],"curies":[{"name":"wp","href":"https:\/\/api.w.org\/{rel}","templated":true}]}}