{"id":9487,"date":"2025-03-14T21:09:54","date_gmt":"2025-03-14T21:09:54","guid":{"rendered":"https:\/\/news-fm.ro\/index.php\/2025\/03\/14\/alexia-tudose-a-adus-ecoul-durerii-si-al-vindecarii-la-romanii-au-talent-2025\/"},"modified":"2025-03-14T21:09:54","modified_gmt":"2025-03-14T21:09:54","slug":"alexia-tudose-a-adus-ecoul-durerii-si-al-vindecarii-la-romanii-au-talent-2025","status":"publish","type":"post","link":"https:\/\/news-fm.ro\/index.php\/2025\/03\/14\/alexia-tudose-a-adus-ecoul-durerii-si-al-vindecarii-la-romanii-au-talent-2025\/","title":{"rendered":"Alexia Tudose a adus ecoul durerii \u0219i al vindec\u0103rii la Rom\u00e2nii au Talent 2025"},"content":{"rendered":"<p><a href=\"https:\/\/www.infomusic.ro\/stiri\/muzica\/emisiuni-muzica\/\">Emisiuni radio-tv<\/a> <\/p>\n<p>Via\u021ba \u00ee\u021bi ofer\u0103 uneori a doua \u0219ans\u0103, iar tu trebuie s\u0103 fii preg\u0103tit s\u0103 o accep\u021bi. \u00cen cel mai nou episod de la Rom\u00e2nii au Talent 2025, Alexia Tudose va fi exemplul cu care cei greu \u00eencerca\u021bi de via\u021b\u0103 vor empatiza. T\u00e2n\u0103r\u0103 de doar 17 ani va demonstra c\u0103 dorin\u021ba de a deveni o adev\u0103rat\u0103 artist\u0103 este mai puternic\u0103 dec\u00e2t \u00eencerc\u0103rile prin care a trecut.<\/p>\n<p><img alt src=\"https:\/\/secure.gravatar.com\/avatar\/d3ceb0679b73e345f2004df5cf49d9e5?s=46&#038;d=blank&#038;r=g\"  height=\"46\" width=\"46\" decoding=\"async\"\/><\/p>\n<p>Publicat<\/p>\n<p>acum 5 ore<\/p>\n<p>pe<\/p>\n<p>14\/03\/2025<\/p>\n<p><img fetchpriority=\"high\" width=\"1000\" height=\"667\" src=\"https:\/\/static.infomusic.ro\/media\/2025\/03\/alexia-tudose-romanii-au-talent-2025-1000x667.jpg\" alt=\"Alexia Tudose pe scena de la Rom\u00e2nii au Talent 2025\" decoding=\"async\" fetchpriority=\"high\"\/><\/p>\n<p> Alexia Tudose pe scena de la Rom\u00e2nii au Talent 2025 \u2502 FOTO: PRO TV\t<\/p>\n<p>Alexia Tudose este din Boto\u0219ani \u0219i poart\u0103 \u00een spate o lupt\u0103 pe care pu\u021bini ar fi putut-o duce:\u00a0 \u00een urm\u0103 cu doi ani, via\u021ba ei s-a oprit pentru o secund\u0103. Un accident rutier tragic i-a r\u0103pit ceea ce pentru mul\u021bi pare de ne\u00eenchipuit: ambele m\u00e2ini. \u00centr-o curs\u0103 contracronometru, fratele ei, Eric, a fost cel care a \u021binut-o \u00een via\u021b\u0103.<\/p>\n<p>&#8220;Eric este cea mai important\u0103 persoan\u0103 din via\u021ba mea. El m-a salvat, el este minunea mea!&#8221;, va spune Alexia \u00een fa\u021ba jura\u021bilor Rom\u00e2nii au talent.<\/p>\n<p>Andra: &#8220;Parc\u0103 a c\u00e2ntat momentul pe care l-a tr\u0103it \u00een autobuz, c\u00e2nd nu venea nimeni s\u0103 o salveze&#8221;<\/p>\n<p>Dup\u0103 mai multe interven\u021bii chirurgicale complicate, zeci de medici au reu\u0219it performan\u021ba de a-i replanta ambele bra\u021be, oferindu-i o nou\u0103 \u0219ans\u0103 la via\u021b\u0103. \u00cen aceast\u0103 sear\u0103, \u00eentr-un moment artistic intens, Alexia va c\u00e2nta purt\u00e2nd cu ea ecoul durerii \u0219i al vindec\u0103rii.<\/p>\n<p>&#8220;Parc\u0103 a c\u00e2ntat momentul pe care l-a tr\u0103it \u00een autobuz, c\u00e2nd nu venea nimeni s\u0103 o salveze&#8230; \u0219i p\u00e2n\u0103 la urm\u0103 a venit fratele ei. Eu m-am dus \u00een povestea aceasta, m-am dus \u00een tr\u0103irea lor, \u00een emo\u021biile pe care le-au tr\u0103it&#8221;, va fi reac\u021bia Andrei.<\/p>\n<p>Cuprins\u0103 de sentimente, Alexia va l\u0103sa tr\u0103irile din voce s\u0103 ajung\u0103 at\u00e2t la cei prezen\u021bi, c\u00e2t \u0219i la cei de acas\u0103.<\/p>\n<p>&#8220;E nedrept s\u0103 scoatem povestea asta din context. Genereaz\u0103 o emo\u021bie pe care cu to\u021bii o avem aici!&#8221;, va spune Andi Moisescu.<\/p>\n<p>La finalul reprezenta\u021biei, Alexia va m\u0103rturisi, cu ochii \u00een lacrimi, c\u0103 se bucur\u0103 de acel moment.<\/p>\n<p>&#8220;M\u0103 bucur c\u0103 m\u0103 aflu pe scena Rom\u00e2nii au talent, \u00eentreag\u0103 \u0219i bine!&#8221;<\/p>\n<p>Care va fi decizia juriului \u0219i cine sunt concuren\u021bii care vor trece \u00een etapa urm\u0103toare, vedem \u00een doar c\u00e2teva ore \u00eentr-o edi\u021bie intitulat\u0103 &#8220;Promisiunea lui Frumos&#8221;. Emisiunea va putea fi urm\u0103rit\u0103 ast\u0103zi, de la ora 20:30, la PRO TV.<\/p>\n<p> \u00ce\u021bi recomand\u0103m aceste videoclipuri <\/p>\n<p><img decoding=\"async\" src=\"https:\/\/static.infomusic.ro\/logo-slogan.svg\" alt=\"INFOMUSIC\" width=\"150\" height=\"150\"\/><\/p>\n<p> <a href=\"https:\/\/www.infomusic.ro\/stiri\/muzica\/lifestyle\/\">Lifestyle<\/a>Mesajul lui Smiley de ziua fiicei lui: &#8220;E\u0219ti cea mai frumoas\u0103 melodie pe care am auzit-o vreodat\u0103&#8221; <\/p>\n<p>Fiica lui Smiley, Josephine, a \u00eemplinit 4 ani. De ziua ei, artistul i-a transmis public un mesaj plin de iubire, ce a fost apreciat de peste 50 de mii de fani din online.<\/p>\n<p><img loading=\"lazy\" alt src=\"https:\/\/secure.gravatar.com\/avatar\/d3ceb0679b73e345f2004df5cf49d9e5?s=46&#038;d=blank&#038;r=g\"  height=\"46\" width=\"46\" loading=\"lazy\" decoding=\"async\"\/><\/p>\n<p>Publicat<\/p>\n<p>acum 4 zile<\/p>\n<p>pe<\/p>\n<p>10\/03\/2025<\/p>\n<p><img loading=\"lazy\" width=\"1000\" height=\"667\" src=\"https:\/\/static.infomusic.ro\/media\/2024\/03\/smiley-2024-1000x667.jpg\" alt=\"Smiley\" decoding=\"async\" loading=\"lazy\"\/><\/p>\n<p> Smiley \u2502 FOTO: Smiley <\/p>\n<p>Smiley a dorit s\u0103 \u00eemp\u0103rt\u0103\u0219easc\u0103 public un moment fericit din via\u021ba sa de familie. Feti\u021ba lui, Josephine, a \u00eemplinit pe 9 martie v\u00e2rsta de 4 ani, aceast\u0103 zi deosebit\u0103 fiind s\u0103rb\u0103torit\u0103 de artist printr-un mesaj publicat online. Smiley \u00eei dore\u0219te feti\u021bei sale s\u0103-\u0219i p\u0103streze bucuria de copil \u0219i s\u0103 p\u0103\u0219easc\u0103 prin via\u021b\u0103 f\u0103r\u0103 fric\u0103.<\/p>\n<p>&#8220;Acum 4 ani, lumea mea s-a schimbat.<\/p>\n<p>E\u0219ti cea mai frumoas\u0103 melodie pe care am auzit-o vreodat\u0103 \u0219i cea mai vesel\u0103 not\u0103 din via\u021ba mea.<\/p>\n<p>\u00ce\u021bi doresc s\u0103 r\u0103m\u00e2i mereu a\u0219a cum e\u0219ti: curioas\u0103,<\/p>\n<p> <a class=\"echo_read_more\" href=\"https:\/\/www.infomusic.ro\/2025\/03\/alexia-tudose-romanii-au-talent-2025\/\" target=\"_blank\">\u00a0\u00bb\u00a0Cite\u0219te continuarea pe pagina autorului<\/a><\/p>\n","protected":false},"excerpt":{"rendered":"<p>Emisiuni radio-tv Via\u021ba \u00ee\u021bi ofer\u0103 uneori a doua \u0219ans\u0103, iar tu trebuie s\u0103 fii preg\u0103tit s\u0103 o accep\u021bi. \u00cen cel mai nou episod de la Rom\u00e2nii au Talent 2025, Alexia Tudose va fi exemplul cu care cei greu \u00eencerca\u021bi de via\u021b\u0103 vor empatiza. T\u00e2n\u0103r\u0103 de doar 17 ani va demonstra c\u0103 dorin\u021ba de a deveni [&hellip;]<\/p>\n","protected":false},"author":1,"featured_media":9488,"comment_status":"open","ping_status":"open","sticky":false,"template":"","format":"standard","meta":{"_crdt_document":"","footnotes":""},"categories":[4],"tags":[],"class_list":["post-9487","post","type-post","status-publish","format-standard","has-post-thumbnail","hentry","category-noutati"],"_links":{"self":[{"href":"https:\/\/news-fm.ro\/index.php\/wp-json\/wp\/v2\/posts\/9487","targetHints":{"allow":["GET"]}}],"collection":[{"href":"https:\/\/news-fm.ro\/index.php\/wp-json\/wp\/v2\/posts"}],"about":[{"href":"https:\/\/news-fm.ro\/index.php\/wp-json\/wp\/v2\/types\/post"}],"author":[{"embeddable":true,"href":"https:\/\/news-fm.ro\/index.php\/wp-json\/wp\/v2\/users\/1"}],"replies":[{"embeddable":true,"href":"https:\/\/news-fm.ro\/index.php\/wp-json\/wp\/v2\/comments?post=9487"}],"version-history":[{"count":0,"href":"https:\/\/news-fm.ro\/index.php\/wp-json\/wp\/v2\/posts\/9487\/revisions"}],"wp:featuredmedia":[{"embeddable":true,"href":"https:\/\/news-fm.ro\/index.php\/wp-json\/wp\/v2\/media\/9488"}],"wp:attachment":[{"href":"https:\/\/news-fm.ro\/index.php\/wp-json\/wp\/v2\/media?parent=9487"}],"wp:term":[{"taxonomy":"category","embeddable":true,"href":"https:\/\/news-fm.ro\/index.php\/wp-json\/wp\/v2\/categories?post=9487"},{"taxonomy":"post_tag","embeddable":true,"href":"https:\/\/news-fm.ro\/index.php\/wp-json\/wp\/v2\/tags?post=9487"}],"curies":[{"name":"wp","href":"https:\/\/api.w.org\/{rel}","templated":true}]}}