{"id":9459,"date":"2025-03-13T20:10:56","date_gmt":"2025-03-13T20:10:56","guid":{"rendered":"https:\/\/news-fm.ro\/index.php\/2025\/03\/13\/irina-rimes-scrie-o-fila-noua-din-povestea-concertului-descantatele-la-arenele-romane\/"},"modified":"2025-03-13T20:10:56","modified_gmt":"2025-03-13T20:10:56","slug":"irina-rimes-scrie-o-fila-noua-din-povestea-concertului-descantatele-la-arenele-romane","status":"publish","type":"post","link":"https:\/\/news-fm.ro\/index.php\/2025\/03\/13\/irina-rimes-scrie-o-fila-noua-din-povestea-concertului-descantatele-la-arenele-romane\/","title":{"rendered":"Irina Rimes scrie o fil\u0103 nou\u0103 din povestea concertului &#8220;Desc\u00e2ntatele&#8221; la Arenele Romane"},"content":{"rendered":"<p><a href=\"https:\/\/www.infomusic.ro\/stiri\/muzica\/concerte-turnee\/\">Concerte &#038; turnee<\/a> <\/p>\n<p>Irina Rimes \u00ee\u0219i a\u0219teapt\u0103 ascult\u0103torii \u0219i anul acesta la Arenele Romane, la un nou show &#8220;Desc\u00e2ntatele&#8221;. Melodii \u00eendr\u0103gite, invita\u021bi speciali \u0219i o atmosfer\u0103 ce \u00eembin\u0103 frumuse\u021bea folclorului rom\u00e2nesc cu sunetele moderne sunt doar c\u00e2teva piese din puzzle-ul artistic pe care \u00eel preg\u0103te\u0219te c\u00e2nt\u0103rea\u021ba.<\/p>\n<p><img alt src=\"https:\/\/secure.gravatar.com\/avatar\/9d38d050002cce547922c9679f820ed9?s=46&#038;d=blank&#038;r=g\"  height=\"46\" width=\"46\" decoding=\"async\"\/><\/p>\n<p>Publicat<\/p>\n<p>acum 4 ore<\/p>\n<p>pe<\/p>\n<p>13\/03\/2025<\/p>\n<p><img fetchpriority=\"high\" width=\"1000\" height=\"667\" src=\"https:\/\/static.infomusic.ro\/media\/2024\/08\/videoclip-irina-rimes-padure-1000x667.jpg\" alt=\"Videoclip Irina Rimes - P\u0103dure\" decoding=\"async\" fetchpriority=\"high\"\/><\/p>\n<p> Videoclip Irina Rimes &#8211; P\u0103dure \u2502 FOTO: captur\u0103 YouTube\t<\/p>\n<p>Dup\u0103 evenimentul sold out de anul trecut, Irina le va oferi fanilor experien\u021ba Desc\u00e2ntatele \u0219i \u00een 2025, pe 27 septembrie, la Arenele Romane. Artista va continua s\u0103 exploreze conexiunea profund\u0103 cu folclorul \u0219i r\u0103d\u0103cinile sale, oferind publicului o perspectiv\u0103 nou\u0103 asupra crea\u021biei ei muzicale.<\/p>\n<p>Spectacolul de anul trecut a prezentat piese de pe EP-ul &#8220;Origini&#8221;, precum \u0219i alte c\u00e2ntece inedite, care au surprins \u0219i \u00eenc\u00e2ntat audien\u021ba. Cu un picior ancorat \u00een realitate \u0219i cu altul \u00een fantastic, publicul a fost invitat s\u0103 danseze \u00eentre lumi al\u0103turi de Irina Rimes.<\/p>\n<p>Artista a fost acompaniat\u0103 pe scen\u0103 de o serie de invita\u021bi speciali, precum Surorile Osoianu, Theo Rose, David Ciente sau Satoshi. Este de a\u0219teptat ca \u0219i anul acesta Irina s\u0103 aib\u0103 al\u0103turi de ea nume importante din muzica contemporan\u0103.<\/p>\n<p>Irina Rimes\u00a0este unul dintre arti\u015ftii emblematici ai industriei muzicale actuale din Rom\u00e2nia, care \u015fi-a pus amprenta asupra publicului, topurilor radio \u015fi TV prin stilul unic de interpretare, piese statement, sute de show-uri live intense \u015fi pline de emo\u0163ie \u0219i peste 450 de milioane de vizualiz\u0103ri pe YouTube.<\/p>\n<p>&#8220;Despre el&#8221;, &#8220;Cosmos&#8221;, &#8220;Pastila&#8221; \u0219i &#8220;ACAS\u0102&#8221; sunt cele patru albume compuse de Irina care includ hituri precum &#8220;Visele&#8221;, &#8220;Ce s-a \u00eent\u00e2mplat cu noi&#8221;, &#8220;Iubirea noastr\u0103 mut\u0103&#8221;, &#8220;Bandana&#8221;, &#8220;Bolnavi am\u00e2ndoi&#8221;, &#8220;Nu \u015ftii tu s\u0103 fii b\u0103rbat&#8221;, iar colabor\u0103rile cu arti\u015fti precum Guess Who, Carla&#8217;s Dreams, The Motans, INNA, Grasu XXL, Bruja sau Cris Cab, dar \u015fi piesele compuse pentru Andra, Antonia, Nicole Cherry confirm\u0103 versatilitatea sa.<\/p>\n<p>Pre\u021buri bilete Irina Rimes &#8211; Desc\u00e2ntatele 2025 la Arenele Romane<\/p>\n<ul>\n<li>Biletele sunt disponibile online, la pre\u021buri cuprinse \u00eentre 149 lei \u0219i 350 lei, la care se adaug\u0103 comisionul de emitere bilete. Costurile difer\u0103 \u00een func\u021bie de categorie \u0219i perioada de achizi\u021bie (earlybird, presale, general sale). Pentru mai multe detalii despre bilete \u0219i modalitatea de achizi\u021bionare, acceseaz\u0103<a href=\"https:\/\/www.infomusic.ro\/agenda\/irina-rimes-descantatele-concert-arenele-romane-2025\/\" target=\"_blank\" rel=\"noopener\"> agenda InfoMusic.<\/a><\/li>\n<\/ul>\n<p> \u00ce\u021bi recomand\u0103m aceste videoclipuri <\/p>\n<p><img decoding=\"async\" src=\"https:\/\/static.infomusic.ro\/logo-slogan.svg\" alt=\"INFOMUSIC\" width=\"150\" height=\"150\"\/><\/p>\n<p> <a href=\"https:\/\/www.infomusic.ro\/stiri\/muzica\/concerte-turnee\/\">Concerte &#038; turnee<\/a>Concertul &#8220;Sufrageria Irinei&#8221; din 2025 devine disponibil pe VOYO <\/p>\n<p>Concertul &#8220;Sufrageria Irinei 2025&#8221; va putea fi urm\u0103rit pe VOYO. Montajul \u00eenregistr\u0103rii a fost finalizat, Irina m\u0103rturisind c\u0103 este extrem de m\u00e2ndr\u0103 de acest concert. Printre invita\u021bii artistei de la Sala Palatului s-au num\u0103rat The Motans, Grasu XXL \u0219i Dan Bittman.<\/p>\n<p><img loading=\"lazy\" alt src=\"https:\/\/secure.gravatar.com\/avatar\/d3ceb0679b73e345f2004df5cf49d9e5?s=46&#038;d=blank&#038;r=g\"  height=\"46\" width=\"46\" loading=\"lazy\" decoding=\"async\"\/><\/p>\n<p>Publicat<\/p>\n<p>acum o zi<\/p>\n<p>pe<\/p>\n<p>12\/03\/2025<\/p>\n<p><img loading=\"lazy\" width=\"1000\" height=\"667\" src=\"https:\/\/static.infomusic.ro\/media\/2024\/03\/irina-rimes-concert-sala-palatului-2024-4302-1000x667.jpg\" alt decoding=\"async\" loading=\"lazy\"\/><\/p>\n<p> Irina Rimes la Sala Palatului pe 13 martie 2024 \u2502 FOTO: C\u0103t\u0103lin Oancea \/ InfoMusic.ro <\/p>\n<p>&#8220;Sufrageria Irinei&#8221; din 2025 vine acas\u0103 la fani. Irina Rimes a dezv\u0103luit c\u0103 ultima variant\u0103 a montajului este gata \u0219i c\u0103 este extrem de mul\u021bumit\u0103 de rezultat. \u00cen cur\u00e2nd, concertul devine disponibil pe Voyo, ulterior urm\u00e2nd s\u0103 apar\u0103 \u0219i pe alte platforme.<\/p>\n<p>Irina Rimes: &#8220;Dup\u0103 p\u0103rerea mea, este cel mai bun concert mixat \u0219i filmat pe care-l avem noi, p\u00e2n\u0103 \u00een momentul \u0103sta&#8221;<\/p>\n<p>&#8220;Am stat azi-noapte p\u00e2n\u0103 la ora 2 s\u0103 ne uit\u0103m pe ultima variant\u0103 a montajului de la Sala Palatului, de la sufrageria de anul \u0103sta. Este gata, \u00een cur\u00e2nd o s\u0103-l pute\u021bi vedea pe Voyo. Dup\u0103 p\u0103rerea mea,<\/p>\n<p> <a class=\"echo_read_more\" href=\"https:\/\/www.infomusic.ro\/2025\/03\/irina-rimes-sustine-concertul-descantatele-arenele-romane-2025\/\" target=\"_blank\">\u00a0\u00bb\u00a0Cite\u0219te continuarea pe pagina autorului<\/a><\/p>\n","protected":false},"excerpt":{"rendered":"<p>Concerte &#038; turnee Irina Rimes \u00ee\u0219i a\u0219teapt\u0103 ascult\u0103torii \u0219i anul acesta la Arenele Romane, la un nou show &#8220;Desc\u00e2ntatele&#8221;. Melodii \u00eendr\u0103gite, invita\u021bi speciali \u0219i o atmosfer\u0103 ce \u00eembin\u0103 frumuse\u021bea folclorului rom\u00e2nesc cu sunetele moderne sunt doar c\u00e2teva piese din puzzle-ul artistic pe care \u00eel preg\u0103te\u0219te c\u00e2nt\u0103rea\u021ba. Publicat acum 4 ore pe 13\/03\/2025 Videoclip Irina Rimes [&hellip;]<\/p>\n","protected":false},"author":1,"featured_media":9460,"comment_status":"open","ping_status":"open","sticky":false,"template":"","format":"standard","meta":{"_crdt_document":"","footnotes":""},"categories":[4],"tags":[],"class_list":["post-9459","post","type-post","status-publish","format-standard","has-post-thumbnail","hentry","category-noutati"],"_links":{"self":[{"href":"https:\/\/news-fm.ro\/index.php\/wp-json\/wp\/v2\/posts\/9459","targetHints":{"allow":["GET"]}}],"collection":[{"href":"https:\/\/news-fm.ro\/index.php\/wp-json\/wp\/v2\/posts"}],"about":[{"href":"https:\/\/news-fm.ro\/index.php\/wp-json\/wp\/v2\/types\/post"}],"author":[{"embeddable":true,"href":"https:\/\/news-fm.ro\/index.php\/wp-json\/wp\/v2\/users\/1"}],"replies":[{"embeddable":true,"href":"https:\/\/news-fm.ro\/index.php\/wp-json\/wp\/v2\/comments?post=9459"}],"version-history":[{"count":0,"href":"https:\/\/news-fm.ro\/index.php\/wp-json\/wp\/v2\/posts\/9459\/revisions"}],"wp:featuredmedia":[{"embeddable":true,"href":"https:\/\/news-fm.ro\/index.php\/wp-json\/wp\/v2\/media\/9460"}],"wp:attachment":[{"href":"https:\/\/news-fm.ro\/index.php\/wp-json\/wp\/v2\/media?parent=9459"}],"wp:term":[{"taxonomy":"category","embeddable":true,"href":"https:\/\/news-fm.ro\/index.php\/wp-json\/wp\/v2\/categories?post=9459"},{"taxonomy":"post_tag","embeddable":true,"href":"https:\/\/news-fm.ro\/index.php\/wp-json\/wp\/v2\/tags?post=9459"}],"curies":[{"name":"wp","href":"https:\/\/api.w.org\/{rel}","templated":true}]}}