{"id":9455,"date":"2025-03-13T12:10:04","date_gmt":"2025-03-13T12:10:04","guid":{"rendered":"https:\/\/news-fm.ro\/index.php\/2025\/03\/13\/alessandro-mucea-a-lansat-piesa-bring-him-home-cover-les-miserables-audio\/"},"modified":"2025-03-13T12:10:04","modified_gmt":"2025-03-13T12:10:04","slug":"alessandro-mucea-a-lansat-piesa-bring-him-home-cover-les-miserables-audio","status":"publish","type":"post","link":"https:\/\/news-fm.ro\/index.php\/2025\/03\/13\/alessandro-mucea-a-lansat-piesa-bring-him-home-cover-les-miserables-audio\/","title":{"rendered":"Alessandro Mucea a lansat piesa &#8220;Bring Him Home&#8221; (cover &#8220;Les Miserables&#8221;) &#8211; AUDIO"},"content":{"rendered":"<p>La 4 ani de la c\u00e2\u0219tigarea concursului SuperStar, Alessandro Mucea d\u0103 un nou suflu piesei &#8220;Bring Him Home&#8221;, din cunoscutul musical &#8220;Les Miserables&#8221;. Artistul a anun\u021bat lansarea pe Instagram, invit\u00e2ndu-\u0219i fanii s\u0103-i spun\u0103 ce p\u0103rere au despre acest cover.<\/p>\n<p>&#8220;V\u0103 ofer \u00een dar &#8220;Bring Him Home&#8221; din musical-ul &#8220;Les Miserables&#8221;. Sper s\u0103 v\u0103 placa \u0219i a\u0219tept cu interes opiniile dumneavoastr\u0103&#8221;, a scris Alessandro pe Instagram.<\/p>\n<p>AUDIO: Alessandro Mucea &#8211; &#8220;Bring Him Home&#8221; (cover &#8220;Les Miserables&#8221;) <\/p>\n<p>Alessandro Mucea este originar din Cotu Vame\u0219, jude\u021bul Neam\u021b. Avea 17 ani la momentul audi\u021biilor la SuperStar, respectiv 18 ani atunci c\u00e2nd <a href=\"https:\/\/www.infomusic.ro\/2021\/12\/castigatorul-superstar-alessandro-mucea-a-castigat-finala\/\" target=\"_blank\" rel=\"noopener\">a c\u00e2\u0219tigat concursul<\/a>. Se descrie ca fiind o persoan\u0103 extrem de timid\u0103, \u00eenc\u0103 din copil\u0103rie.<\/p>\n<p>N\u0103scut \u00een Italia, Alessandro a fost adus \u00een Rom\u00e2nia de mama lui, dup\u0103 ce tat\u0103l s\u0103u a murit. Alessandro a realizat c\u0103 \u00eei place s\u0103 c\u00e2nte \u00een clasa a 5-a, fiind impulsionat de un moment emo\u021bionant v\u0103zut la TV: un t\u00e2n\u0103r care interpreta piesa &#8220;Je suis malade&#8221;. Ani mai t\u00e2rziu, a participat la un concurs muzical, \u00eens\u0103 i s-a spus c\u0103 nu are voce, ulterior fiind descurajat \u0219i \u00eencet\u00e2nd s\u0103 mai c\u00e2nte vreme de un an.<\/p>\n<p>\u00cen clasa a 9-a a intrat \u00een corul \u0219colii \u0219i a continuat s\u0103-\u0219i urmeze pasiunea pentru muzic\u0103. Prin intermediul unei colege, \u00een clasa a 10-a a luat leg\u0103tura cu doi profesori de canto, Sergiu Rudic \u0219i Mihaela Tertelici, care l-au \u00eendrumat s\u0103 participe la SuperStar. Potrivit unor declara\u021bii f\u0103cute dup\u0103 apari\u021bia de la PRO TV, Alessandro este singurul din familia sa care are \u00eenclina\u021bii spre muzic\u0103.<\/p>\n<p> <a class=\"echo_read_more\" href=\"https:\/\/www.infomusic.ro\/2025\/03\/alessandro-mucea-a-lansat-piesa-bring-him-home-cover-les-miserables-audio\/\" target=\"_blank\">\u00a0\u00bb\u00a0Cite\u0219te continuarea pe pagina autorului<\/a><\/p>\n","protected":false},"excerpt":{"rendered":"<p>La 4 ani de la c\u00e2\u0219tigarea concursului SuperStar, Alessandro Mucea d\u0103 un nou suflu piesei &#8220;Bring Him Home&#8221;, din cunoscutul musical &#8220;Les Miserables&#8221;. Artistul a anun\u021bat lansarea pe Instagram, invit\u00e2ndu-\u0219i fanii s\u0103-i spun\u0103 ce p\u0103rere au despre acest cover. &#8220;V\u0103 ofer \u00een dar &#8220;Bring Him Home&#8221; din musical-ul &#8220;Les Miserables&#8221;. Sper s\u0103 v\u0103 placa \u0219i [&hellip;]<\/p>\n","protected":false},"author":1,"featured_media":9456,"comment_status":"open","ping_status":"open","sticky":false,"template":"","format":"standard","meta":{"_crdt_document":"","footnotes":""},"categories":[4],"tags":[],"class_list":["post-9455","post","type-post","status-publish","format-standard","has-post-thumbnail","hentry","category-noutati"],"_links":{"self":[{"href":"https:\/\/news-fm.ro\/index.php\/wp-json\/wp\/v2\/posts\/9455","targetHints":{"allow":["GET"]}}],"collection":[{"href":"https:\/\/news-fm.ro\/index.php\/wp-json\/wp\/v2\/posts"}],"about":[{"href":"https:\/\/news-fm.ro\/index.php\/wp-json\/wp\/v2\/types\/post"}],"author":[{"embeddable":true,"href":"https:\/\/news-fm.ro\/index.php\/wp-json\/wp\/v2\/users\/1"}],"replies":[{"embeddable":true,"href":"https:\/\/news-fm.ro\/index.php\/wp-json\/wp\/v2\/comments?post=9455"}],"version-history":[{"count":0,"href":"https:\/\/news-fm.ro\/index.php\/wp-json\/wp\/v2\/posts\/9455\/revisions"}],"wp:featuredmedia":[{"embeddable":true,"href":"https:\/\/news-fm.ro\/index.php\/wp-json\/wp\/v2\/media\/9456"}],"wp:attachment":[{"href":"https:\/\/news-fm.ro\/index.php\/wp-json\/wp\/v2\/media?parent=9455"}],"wp:term":[{"taxonomy":"category","embeddable":true,"href":"https:\/\/news-fm.ro\/index.php\/wp-json\/wp\/v2\/categories?post=9455"},{"taxonomy":"post_tag","embeddable":true,"href":"https:\/\/news-fm.ro\/index.php\/wp-json\/wp\/v2\/tags?post=9455"}],"curies":[{"name":"wp","href":"https:\/\/api.w.org\/{rel}","templated":true}]}}