{"id":9431,"date":"2025-03-13T04:08:39","date_gmt":"2025-03-13T04:08:39","guid":{"rendered":"https:\/\/news-fm.ro\/index.php\/2025\/03\/13\/concertul-sufrageria-irinei-din-2025-devine-disponibil-pe-voyo\/"},"modified":"2025-03-13T04:08:39","modified_gmt":"2025-03-13T04:08:39","slug":"concertul-sufrageria-irinei-din-2025-devine-disponibil-pe-voyo","status":"publish","type":"post","link":"https:\/\/news-fm.ro\/index.php\/2025\/03\/13\/concertul-sufrageria-irinei-din-2025-devine-disponibil-pe-voyo\/","title":{"rendered":"Concertul &#8220;Sufrageria Irinei&#8221; din 2025 devine disponibil pe VOYO"},"content":{"rendered":"<p>&#8220;Sufrageria Irinei&#8221; din 2025 vine acas\u0103 la fani. Irina Rimes a dezv\u0103luit c\u0103 ultima variant\u0103 a montajului este gata \u0219i c\u0103 este extrem de mul\u021bumit\u0103 de rezultat. \u00cen cur\u00e2nd, concertul devine disponibil pe Voyo, ulterior urm\u00e2nd s\u0103 apar\u0103 \u0219i pe alte platforme.<\/p>\n<p>Irina Rimes: &#8220;Dup\u0103 p\u0103rerea mea, este cel mai bun concert mixat \u0219i filmat pe care-l avem noi, p\u00e2n\u0103 \u00een momentul \u0103sta&#8221;<\/p>\n<p>&#8220;Am stat azi-noapte p\u00e2n\u0103 la ora 2 s\u0103 ne uit\u0103m pe ultima variant\u0103 a montajului de la Sala Palatului, de la sufrageria de anul \u0103sta. Este gata, \u00een cur\u00e2nd o s\u0103-l pute\u021bi vedea pe Voyo. Dup\u0103 p\u0103rerea mea, este cel mai bun concert mixat \u0219i filmat pe care-l avem noi, p\u00e2n\u0103 \u00een momentul \u0103sta. Eu sunt sigur\u0103 c\u0103 o s\u0103 v\u0103 plac\u0103.<\/p>\n<p>O s\u0103 stea pe Voyo o perioad\u0103 lung\u0103, dup\u0103 care o s\u0103-l facem disponibil \u0219i pe celelalte platforme, dar s\u0103 intra\u021bi neap\u0103rat pe Voyo, pentru c\u0103 eu cred c\u0103 o s\u0103 v\u0103 plac\u0103 concertul \u0103sta&#8221;, a povestit Irina Rimes \u00eentr-un story pe Instagram.<\/p>\n<p>Pe lista invita\u021bilor Irinei de la Sala Palatului s-au num\u0103rat anul acesta The Motans, Grasu XXL, Narcisa Badea, Carmen T\u0103nase \u0219i Dan Bittman. Toate aceste momente de duet se vor reg\u0103si \u00een montajul final al concertului.<\/p>\n<p>Conceptul Sufrageria Irinei se n\u0103\u0219tea \u00een perioada de debut a artistei, \u00eenainte de a ajunge jurat la Vocea Rom\u00e2niei \u0219i de a lansa hituri ca &#8220;Nu \u0219tii tu s\u0103 fii b\u0103rbat&#8221;, &#8220;N-avem Timp&#8221;\u00a0 sau &#8220;Dudadu&#8221;. Cu ani \u00een urm\u0103, sufrageria Irinei era chiar la Irina Rimes acas\u0103, artista aleg\u00e2nd acest spa\u021biu intim pentru a-\u0219i prezenta muzica unui num\u0103r restr\u00e2ns de fani. Pe m\u0103sur\u0103 ce notorietatea sa a crescut, sufrageria a devenit ne\u00eenc\u0103p\u0103toare pentru to\u021bi cei care \u00ee\u0219i doreau s\u0103 o vad\u0103, astfel lu\u00e2nd na\u0219tere ideea de a muta sufrageria Irinei la Sala Palatului. Prima edi\u021bie a avut loc anul trecut, \u00een 2024, iar cei care nu au putut participa atunci o pot urm\u0103ri acum\u00a0<a href=\"https:\/\/www.infomusic.ro\/2025\/02\/sufrageria-irinei-2024-online-video\/\" target=\"_blank\" rel=\"noopener\">online<\/a>.<\/p>\n<p>Despre Irina Rimes<\/p>\n<p>Irina Rimes este una dintre cele mai influente artiste ale industriei muzicale din Rom\u00e2nia, cu o carier\u0103 marcat\u0103 de succesuri interna\u021bionale \u0219i o conexiune puternic\u0103 cu publicul. Cu un stil distinctiv \u0219i o voce inconfundabil\u0103, ea a reu\u0219it s\u0103 cucereasc\u0103 at\u00e2t topurile radio \u0219i TV, c\u00e2t \u0219i inimile a milio<\/p>\n<p> <a class=\"echo_read_more\" href=\"https:\/\/www.infomusic.ro\/2025\/03\/concert-sufrageria-irinei-2025-voyo\/\" target=\"_blank\">\u00a0\u00bb\u00a0Cite\u0219te continuarea pe pagina autorului<\/a><\/p>\n","protected":false},"excerpt":{"rendered":"<p>&#8220;Sufrageria Irinei&#8221; din 2025 vine acas\u0103 la fani. Irina Rimes a dezv\u0103luit c\u0103 ultima variant\u0103 a montajului este gata \u0219i c\u0103 este extrem de mul\u021bumit\u0103 de rezultat. \u00cen cur\u00e2nd, concertul devine disponibil pe Voyo, ulterior urm\u00e2nd s\u0103 apar\u0103 \u0219i pe alte platforme. Irina Rimes: &#8220;Dup\u0103 p\u0103rerea mea, este cel mai bun concert mixat \u0219i filmat [&hellip;]<\/p>\n","protected":false},"author":1,"featured_media":9432,"comment_status":"open","ping_status":"open","sticky":false,"template":"","format":"standard","meta":{"_crdt_document":"","footnotes":""},"categories":[4],"tags":[],"class_list":["post-9431","post","type-post","status-publish","format-standard","has-post-thumbnail","hentry","category-noutati"],"_links":{"self":[{"href":"https:\/\/news-fm.ro\/index.php\/wp-json\/wp\/v2\/posts\/9431","targetHints":{"allow":["GET"]}}],"collection":[{"href":"https:\/\/news-fm.ro\/index.php\/wp-json\/wp\/v2\/posts"}],"about":[{"href":"https:\/\/news-fm.ro\/index.php\/wp-json\/wp\/v2\/types\/post"}],"author":[{"embeddable":true,"href":"https:\/\/news-fm.ro\/index.php\/wp-json\/wp\/v2\/users\/1"}],"replies":[{"embeddable":true,"href":"https:\/\/news-fm.ro\/index.php\/wp-json\/wp\/v2\/comments?post=9431"}],"version-history":[{"count":0,"href":"https:\/\/news-fm.ro\/index.php\/wp-json\/wp\/v2\/posts\/9431\/revisions"}],"wp:featuredmedia":[{"embeddable":true,"href":"https:\/\/news-fm.ro\/index.php\/wp-json\/wp\/v2\/media\/9432"}],"wp:attachment":[{"href":"https:\/\/news-fm.ro\/index.php\/wp-json\/wp\/v2\/media?parent=9431"}],"wp:term":[{"taxonomy":"category","embeddable":true,"href":"https:\/\/news-fm.ro\/index.php\/wp-json\/wp\/v2\/categories?post=9431"},{"taxonomy":"post_tag","embeddable":true,"href":"https:\/\/news-fm.ro\/index.php\/wp-json\/wp\/v2\/tags?post=9431"}],"curies":[{"name":"wp","href":"https:\/\/api.w.org\/{rel}","templated":true}]}}