{"id":8632,"date":"2025-02-06T01:09:23","date_gmt":"2025-02-06T01:09:23","guid":{"rendered":"https:\/\/news-fm.ro\/index.php\/2025\/02\/06\/marius-moldovan-a-luat-golden-buzz-pentru-rap-improvizat-pe-scena-romanii-au-talent-eu-nu-am-nimic-scris\/"},"modified":"2025-02-06T01:09:23","modified_gmt":"2025-02-06T01:09:23","slug":"marius-moldovan-a-luat-golden-buzz-pentru-rap-improvizat-pe-scena-romanii-au-talent-eu-nu-am-nimic-scris","status":"publish","type":"post","link":"https:\/\/news-fm.ro\/index.php\/2025\/02\/06\/marius-moldovan-a-luat-golden-buzz-pentru-rap-improvizat-pe-scena-romanii-au-talent-eu-nu-am-nimic-scris\/","title":{"rendered":"Marius Moldovan a luat Golden Buzz pentru rap improvizat pe scena Rom\u00e2nii au Talent: &#8220;Eu nu am nimic scris&#8221;"},"content":{"rendered":"<p>Marius Moldovan a locuit aproape 9 ani la un internat al Protec\u021biei Copilului. Fiind cel mai mare dintr-o familie numeroas\u0103, Marius a avut grij\u0103 \u0219i de cei 7 fra\u021bi mai mici. Ambii p\u0103rin\u021bi au decedat, iar Marius a fost nevoit s\u0103 munceasc\u0103 de la 12 ani. Via\u021ba sa nu a fost deloc u\u0219oar\u0103, \u00eens\u0103 pe scena de la Rom\u00e2nii au Talent a declarat c\u0103 el este fericit cu ceea ce are. \u00cen prezent el tr\u0103ie\u0219te \u00een satul Nimigea de Jos, al\u0103turi de so\u021bia \u0219i copilul s\u0103u.<\/p>\n<p>Marius Moldovan: &#8220;Eu nu am nimic scris, tot ce am c\u00e2ntat acum pe scen\u0103 a fost pe loc, din cap&#8221;<\/p>\n<p>S-a apucat s\u0103 c\u00e2nte rap \u00eent\u00e2mpl\u0103tor, iar pe scena de la Rom\u00e2nii au Talent a improvizat \u00eentregul s\u0103u moment. Toat\u0103 sala a empatizat cu mesajul lui Marius, produc\u0103torii surprinz\u00e2nd pe camer\u0103 foarte mul\u021bi spectatori \u00een lacrimi. La final, Andra i-a oferit Golden Buzz.<\/p>\n<p>&#8220;Eu nu am nimic scris, tot ce am c\u00e2ntat acum pe scen\u0103 a fost pe loc, din cap, nu am avut timp pentru text. Tot auzeam eu pe re\u021belele sociale: \u0103la c\u00e2nt\u0103, \u0103la c\u00e2nt\u0103. \u0218i am zis: vin \u0219i eu cu-n c\u00e2ntec. C\u0103 vedeam pe alte live-uri, sau pe unde era, c\u0103 oamenii voiau s\u0103 le c\u00e2nte al\u021bii. Ei \u0219i a\u0219a m-am apucat \u0219i eu. Merg\u00e2nd la p\u0103dure cu calul la mine acolo, la \u021bar\u0103, auzeam cum roata bate. \u0218i-am \u00eenceput s\u0103 zic:<em> &#8220;Roata bate, calul trage, c\u0103ru\u021ba la p\u0103dure se \u021bine&#8221;<\/em>, \u0219i tot a\u0219a. \u0218i ni\u0219te prieteni m-au filmat, m-au pus \u00een mediul online, iar lumea a zis: &#8220;F\u0103-i la \u021b\u0103ranul \u0103la (cont de TikTok), c\u0103 a\u0219a-i \u00eentre prieteni, f\u0103-i s\u0103 intre cu noi&#8221;. \u0218i-am f\u0103cut (cont de TikTok), \u0219i-am intrat \u00een fiecare zi de atuncea \u00eencoace. Deci s\u0103 tot fie vreo 2 ani \u0219i-un pic, a povestit Marius Moldovan \u00eentr-un <a href=\"https:\/\/www.protv.ro\/emisiuni\/romanii-au-talent\/clip\/61240-reactii-la-cald-alaturi-de-golden-buzz-ul-marius-moldovan\" target=\"_blank\" rel=\"noopener\">interviu pentru PRO TV<\/a>, acordat dup\u0103 Golden Buzz.<\/p>\n<p>Dup\u0103 Golden Buzz-ul primit de la Andra, Marius Moldovan a r\u0103mas mut de uimire. Nu se a\u0219tepta s\u0103 ajung\u0103 direct \u00een semifinal\u0103.<\/p>\n<p>&#8220;N-o s\u0103 s\u0103rb\u0103toresc nicicum. O s\u0103 zic doar c\u0103-i un dar dat de la Dumnezeu, de sus, \u0219i-o s\u0103 merg acas\u0103, o s\u0103-mi \u00eembr\u0103\u021bi\u0219ez familia, copilul, c\u0103 nu l-am v\u0103zut de c\u00e2teva zile&#8221;, a mai spus Marius Moldovan \u00een interviul pentru PRO TV.<\/p>\n<p>VIDEO: Momentul de Golden Buzz al lui Marius Moldovan la Rom\u00e2nii au talent, sezonul 15 <\/p>\n<p> <a class=\"echo_read_more\" href=\"https:\/\/www.infomusic.ro\/2025\/02\/marius-moldovan-golden-buzz-rap-improvizat-romanii-au-talent\/\" target=\"_blank\" rel=\"noopener\">\u00a0\u00bb\u00a0Cite\u0219te continuarea pe pagina autorului<\/a><\/p>\n","protected":false},"excerpt":{"rendered":"<p>Marius Moldovan a locuit aproape 9 ani la un internat al Protec\u021biei Copilului. Fiind cel mai mare dintr-o familie numeroas\u0103, Marius a avut grij\u0103 \u0219i de cei 7 fra\u021bi mai mici. Ambii p\u0103rin\u021bi au decedat, iar Marius a fost nevoit s\u0103 munceasc\u0103 de la 12 ani. Via\u021ba sa nu a fost deloc u\u0219oar\u0103, \u00eens\u0103 pe [&hellip;]<\/p>\n","protected":false},"author":1,"featured_media":8633,"comment_status":"open","ping_status":"open","sticky":false,"template":"","format":"standard","meta":{"_crdt_document":"","footnotes":""},"categories":[4],"tags":[],"class_list":["post-8632","post","type-post","status-publish","format-standard","has-post-thumbnail","hentry","category-noutati"],"_links":{"self":[{"href":"https:\/\/news-fm.ro\/index.php\/wp-json\/wp\/v2\/posts\/8632","targetHints":{"allow":["GET"]}}],"collection":[{"href":"https:\/\/news-fm.ro\/index.php\/wp-json\/wp\/v2\/posts"}],"about":[{"href":"https:\/\/news-fm.ro\/index.php\/wp-json\/wp\/v2\/types\/post"}],"author":[{"embeddable":true,"href":"https:\/\/news-fm.ro\/index.php\/wp-json\/wp\/v2\/users\/1"}],"replies":[{"embeddable":true,"href":"https:\/\/news-fm.ro\/index.php\/wp-json\/wp\/v2\/comments?post=8632"}],"version-history":[{"count":0,"href":"https:\/\/news-fm.ro\/index.php\/wp-json\/wp\/v2\/posts\/8632\/revisions"}],"wp:featuredmedia":[{"embeddable":true,"href":"https:\/\/news-fm.ro\/index.php\/wp-json\/wp\/v2\/media\/8633"}],"wp:attachment":[{"href":"https:\/\/news-fm.ro\/index.php\/wp-json\/wp\/v2\/media?parent=8632"}],"wp:term":[{"taxonomy":"category","embeddable":true,"href":"https:\/\/news-fm.ro\/index.php\/wp-json\/wp\/v2\/categories?post=8632"},{"taxonomy":"post_tag","embeddable":true,"href":"https:\/\/news-fm.ro\/index.php\/wp-json\/wp\/v2\/tags?post=8632"}],"curies":[{"name":"wp","href":"https:\/\/api.w.org\/{rel}","templated":true}]}}