{"id":8630,"date":"2025-02-06T01:09:24","date_gmt":"2025-02-06T01:09:24","guid":{"rendered":"https:\/\/news-fm.ro\/index.php\/2025\/02\/06\/istoria-cenaclului-flacara-este-explorata-in-cadrul-unui-spectacol-conceput-de-andrei-paunescu\/"},"modified":"2025-02-06T01:09:24","modified_gmt":"2025-02-06T01:09:24","slug":"istoria-cenaclului-flacara-este-explorata-in-cadrul-unui-spectacol-conceput-de-andrei-paunescu","status":"publish","type":"post","link":"https:\/\/news-fm.ro\/index.php\/2025\/02\/06\/istoria-cenaclului-flacara-este-explorata-in-cadrul-unui-spectacol-conceput-de-andrei-paunescu\/","title":{"rendered":"Istoria Cenaclului Flac\u0103ra este explorat\u0103 \u00een cadrul unui spectacol conceput de Andrei P\u0103unescu"},"content":{"rendered":"<p><a href=\"https:\/\/www.infomusic.ro\/stiri\/muzica\/concerte-turnee\/\">Concerte &#038; turnee<\/a>VIDEO: Urm\u0103re\u0219te concertul integral Andra &#8211; Vis de Cr\u0103ciun 2024 <\/p>\n<p>Difuzat \u00eent\u00e2i pe PRO TV, concertul de colinde Andra &#8211; Vis de Cr\u0103ciun 2024 a devenit disponibil \u0219i pe YouTube. Spectacolul inedit de apoape dou\u0103 ore \u0219i jum\u0103tate poate fi urm\u0103rit acum online de c\u0103tre to\u021bi fanii artistei. Andra c\u00e2nt\u0103 \u00een cadrul acestui concert al\u0103turi de invita\u021bi speciali precum Andi Moisescu, Eva M\u0103ru\u021b\u0103, Horia Brenciu \u0219i Monica Anghel.<\/p>\n<p><img loading=\"lazy\" alt src=\"https:\/\/secure.gravatar.com\/avatar\/d3ceb0679b73e345f2004df5cf49d9e5?s=46&#038;d=blank&#038;r=g\"  height=\"46\" width=\"46\" loading=\"lazy\" decoding=\"async\"\/><\/p>\n<p>Publicat<\/p>\n<p>acum o lun\u0103<\/p>\n<p>pe<\/p>\n<p>27\/12\/2024<\/p>\n<p><img loading=\"lazy\" width=\"1000\" height=\"667\" src=\"https:\/\/static.infomusic.ro\/media\/2024\/12\/andra-vis-de-craciun-2024-concert-integral-1000x667.jpg\" alt=\"Imagine din concertul \"Andra - Vis de Cr\u0103ciun 2024\"\" decoding=\"async\" loading=\"lazy\"\/><\/p>\n<p> Imagine din concertul &#8220;Andra &#8211; Vis de Cr\u0103ciun 2024&#8221; \u2502 FOTO: Captur\u0103 YouTube <\/p>\n<p>Concertul Andra &#8211; Vis de Cr\u0103ciun 2024, filmat la BTarena din Cluj-Napoca, prezint\u0103 imagini de poveste, lacrimi de bucurie \u0219i invita\u021bi de seam\u0103. Peste 100 de arti\u0219ti \u0219i profesioni\u0219ti s-au reunit pe scen\u0103, iar \u00een spatele cortinei alte 150 de persoane \u0219i-au pus toat\u0103 pasiunea \u00een slujba acestei superproduc\u021bii rom\u00e2ne\u0219ti; de la regizor, scenograf, scenarist, muzicieni \u0219i tehnicieni, p\u00e2n\u0103 la costumieri, stili\u0219ti \u0219i make-up arti\u0219ti.<\/p>\n<p>Andra c\u00e2nt\u0103 \u00een cadrul acestui concert al\u0103turi de Orchestra Simfonic\u0103 Bucure\u0219ti, dirijat\u0103 de Andrei Tudor. Artista \u00eemparte scena \u0219i cu 10 invita\u021bi speciali: Carmen T\u0103nase, Horia Brenciu, Irina Rimes, Monica Anghel, Cosmin Sele\u0219i, Sore, Paula Hriscu, Eva M\u0103ru\u021b\u0103, Andi Moisescu \u0219i Ducu Bertzi.<\/p>\n<p>Setlistul concertului Andra &#8211; Vis de Cr\u0103ciun 2024:<\/p>\n<ul>\n<li>0:00:00 &#8211; Introducere la &#8220;Vis de Cr\u0103ciun&#8221;;<\/li>\n<li>0:02:50 &#8211; Merry Christmas, Everyone;<\/li>\n<li>0:07:53 &#8211; O, Ce Veste Minunat\u0103;<\/li>\n<li>0:11:40 &#8211; Asear\u0103, Pe-nserate;<\/li>\n<li>0:18:00 &#8211; Florile Dalbe (cu Carmen T\u0103nase);<\/li>\n<li>0:21:23 &#8211; Viflaime, Viflaime;<\/li>\n<li>0:25:17 &#8211; Deschide U\u0219a, Cre\u0219tine (cu Ducu Bertzi);<\/li>\n<li>0:29:16 &#8211; Sara de Cr\u0103ciun (cu Ducu Bertzi);<\/li>\n<li>0:33:32 &#8211; O Veste Am Adus;<\/li>\n<li>0:37:50 &#8211; Vis de Iarn\u0103 (cu Monica Anghel);<\/li>\n<li>0:41:45 &#8211; Din Ceruri Ninge Alb (cu Monica Anghel);<\/li>\n<li>0:46:36 &#8211; Galben\u0103 Gutuie;<\/li>\n<li>0:53:47 &#8211; Dreamy Christmas Orchestra;<\/li>\n<li>0:58:10 &#8211; Rockin\u2019 Around the Christmas Tree;<\/li>\n<li>1:02:33 &#8211; Mo\u0219 Cr\u0103ciun Vine-n Ora\u0219 (cu Cosmin Sele\u0219i);<\/li>\n<li>1:08:48 &#8211; Noapte de Cr\u0103ciun (cu Horia Brenciu);<\/li>\n<li>1:13:34 &#8211; It\u2019s the Most Wonderful Time of the Year (cu Horia Brenciu);<\/li>\n<li>1:18:12 &#8211; M-o Trimis Mama la Capre (cu Paula Hriscu);<\/li>\n<li>1:21:23 &#8211; Pe Strada din Viflaim (cu Paula Hriscu);<\/li>\n<li>1:24:44 &#8211; Din An \u00een An;<\/li>\n<li>1:31:15 &#8211; White Christmas (cu Andi Moisescu);<\/li>\n<li>1:35:51 &#8211; Deschide\u021bi Poarta (cu Sore);<\/li>\n<li>1:39:49 &#8211; Colind\u0103m, Colind\u0103m Iarna;<\/li>\n<li>1:45:00 &#8211; Fulgi de Nea;<\/li>\n<li>1:47:43 &#8211; Let It Snow! (cu Eva);<\/li>\n<li>1:50:05 &#8211; Ninge Anul \u0102sta de Cr\u0103ciun (cu Eva);<\/li>\n<li>1:54:43 &#8211; Vin Acas\u0103 de Cr\u0103ciun (cu Irina Rimes);<\/li>\n<li>1:58:45 &#8211; Heaven and Nature Sing;<\/li>\n<li>2:03:47 &#8211; Falling in Love with Jesus;<\/li>\n<li>2:09:53 &#8211; Say Yes;<\/li>\n<li>2:15:43 &#8211; \u00cencheiere la &#8220;Vis de Cr\u0103ciun&#8221;.<\/li>\n<\/ul>\n<p>VIDEO: Andra &#8211; Vis de Cr\u0103ciun 2024 (Concert Fenomen de Colind\u0103 \u0219i Frumos la Cluj-Napoca) <\/p>\n<p>Andra este un pionier \u00een industria muzical\u0103 \u0219i o adev\u0103rat\u0103 inspira\u021bie pentru perseveren\u021ba \u0219i versatilitatea de care d\u0103 mereu dovad\u0103. Sub numele s\u0103u stau multiple colabor\u0103ri cu arti\u0219ti rom\u00e2ni de succes, dar \u0219i cu muzicieni onora\u021bi cu Grammy-uri, precum Enrique Iglesias, David Bisbal, Descemer Bueno, Lil Eddie \u0219i mul\u021bi al\u021bii. Artista este o prezen\u021b\u0103 str\u0103lucitoare \u0219i \u00een lumea televiziunii, fiind jurat \u00een cadrul emisiunii Rom\u00e2nii au talent \u00eenc\u0103 din prima edi\u021bie \u0219i experiment\u00e2nd acest rol \u0219i \u00een cadrul emisiunilor Vocea Rom\u00e2niei \u0219i Vocea Rom\u00e2niei Junior.<\/p>\n<p> <a class=\"echo_read_more\" href=\"https:\/\/www.infomusic.ro\/2025\/02\/spectacol-cenaclul-flacara-o-istorie-la-sala-palatului-2025\/\" target=\"_blank\" rel=\"noopener\">\u00a0\u00bb\u00a0Cite\u0219te continuarea pe pagina autorului<\/a><\/p>\n","protected":false},"excerpt":{"rendered":"<p>Concerte &#038; turneeVIDEO: Urm\u0103re\u0219te concertul integral Andra &#8211; Vis de Cr\u0103ciun 2024 Difuzat \u00eent\u00e2i pe PRO TV, concertul de colinde Andra &#8211; Vis de Cr\u0103ciun 2024 a devenit disponibil \u0219i pe YouTube. Spectacolul inedit de apoape dou\u0103 ore \u0219i jum\u0103tate poate fi urm\u0103rit acum online de c\u0103tre to\u021bi fanii artistei. Andra c\u00e2nt\u0103 \u00een cadrul acestui [&hellip;]<\/p>\n","protected":false},"author":1,"featured_media":8631,"comment_status":"open","ping_status":"open","sticky":false,"template":"","format":"standard","meta":{"_crdt_document":"","footnotes":""},"categories":[4],"tags":[],"class_list":["post-8630","post","type-post","status-publish","format-standard","has-post-thumbnail","hentry","category-noutati"],"_links":{"self":[{"href":"https:\/\/news-fm.ro\/index.php\/wp-json\/wp\/v2\/posts\/8630","targetHints":{"allow":["GET"]}}],"collection":[{"href":"https:\/\/news-fm.ro\/index.php\/wp-json\/wp\/v2\/posts"}],"about":[{"href":"https:\/\/news-fm.ro\/index.php\/wp-json\/wp\/v2\/types\/post"}],"author":[{"embeddable":true,"href":"https:\/\/news-fm.ro\/index.php\/wp-json\/wp\/v2\/users\/1"}],"replies":[{"embeddable":true,"href":"https:\/\/news-fm.ro\/index.php\/wp-json\/wp\/v2\/comments?post=8630"}],"version-history":[{"count":0,"href":"https:\/\/news-fm.ro\/index.php\/wp-json\/wp\/v2\/posts\/8630\/revisions"}],"wp:featuredmedia":[{"embeddable":true,"href":"https:\/\/news-fm.ro\/index.php\/wp-json\/wp\/v2\/media\/8631"}],"wp:attachment":[{"href":"https:\/\/news-fm.ro\/index.php\/wp-json\/wp\/v2\/media?parent=8630"}],"wp:term":[{"taxonomy":"category","embeddable":true,"href":"https:\/\/news-fm.ro\/index.php\/wp-json\/wp\/v2\/categories?post=8630"},{"taxonomy":"post_tag","embeddable":true,"href":"https:\/\/news-fm.ro\/index.php\/wp-json\/wp\/v2\/tags?post=8630"}],"curies":[{"name":"wp","href":"https:\/\/api.w.org\/{rel}","templated":true}]}}