{"id":8626,"date":"2025-02-05T19:10:50","date_gmt":"2025-02-05T19:10:50","guid":{"rendered":"https:\/\/news-fm.ro\/index.php\/2025\/02\/05\/asculta-noua-piesa-cred-ca-sunt-extraterestru-usa-de-la-coridor-cu-ioana-milculescu-audio\/"},"modified":"2025-02-05T19:10:50","modified_gmt":"2025-02-05T19:10:50","slug":"asculta-noua-piesa-cred-ca-sunt-extraterestru-usa-de-la-coridor-cu-ioana-milculescu-audio","status":"publish","type":"post","link":"https:\/\/news-fm.ro\/index.php\/2025\/02\/05\/asculta-noua-piesa-cred-ca-sunt-extraterestru-usa-de-la-coridor-cu-ioana-milculescu-audio\/","title":{"rendered":"Ascult\u0103 noua pies\u0103 Cred C\u0103 Sunt Extraterestru, &#8220;U\u0219a de la coridor&#8221;, cu Ioana Milculescu &#8211; AUDIO"},"content":{"rendered":"<p>&#8220;Neuropa&#8221; este al treilea album de studio al trupei Cred C\u0103 Sunt Extraterestru, reunind numeroase emo\u021bii \u0219i experien\u021be personale. Albumul surprinde lumea interioar\u0103, reflect\u00e2nd asupra condi\u021biei umane actuale \u0219i a lumii \u00een care tr\u0103im. \u00cen acela\u0219i timp, &#8220;Neuropa&#8221; eviden\u021biaz\u0103 cel mai important instrument al rasei umane: creierul.<\/p>\n<p>Acest al treilea album continu\u0103 stilul hibrid cu care fanii CCSE sunt deja familiariza\u021bi, \u00eembin\u00e2nd diverse genuri muzicale. Fiecare pies\u0103 este o poveste \u00een sine, o coloan\u0103 sonor\u0103 a emo\u021biilor, st\u0103rilor sau evenimentelor.<\/p>\n<p>&#8220;&#8221;U\u0219a de la Coridor&#8221; este inspirat\u0103 dintr-o poveste real\u0103. La cap\u0103tul cunoa\u0219terii exist\u0103 \u00eentotdeauna o u\u0219\u0103 de care \u00ee\u021bi este team\u0103 s\u0103 o deschizi, un prag pe care ezi\u021bi s\u0103-l treci. Uneori, u\u0219a te las\u0103 s\u0103 r\u0103m\u00e2i pe dinafar\u0103, doar pentru ca tu s\u0103 te retragi din nou \u00een confortul nebuniei, p\u00e2n\u0103 c\u00e2nd g\u0103se\u0219ti lini\u0219tea \u0219i alegi singura cale posibil\u0103\u2014s\u0103 deschizi u\u0219a, s\u0103 p\u0103\u0219e\u0219ti dincolo \u0219i s\u0103 o \u00eenchizi pentru totdeauna \u00een urma ta. Ceea ce apar\u021bine trecutului r\u0103m\u00e2ne \u00een trecut.&#8221; &#8211; Cred C\u0103 Sunt Extraterestru<\/p>\n<p>Concertul de lansare a albumului va avea loc \u00een Club Control pe 6 martie.<\/p>\n<p>AUDIO: Cred C\u0103 Sunt Extraterestru, &#8220;U\u0219a de la coridor&#8221;, cu Ioana Milculescu <\/p>\n<p>Cred C\u0103 Sunt Extraterestru\u00a0este o trup\u0103 care \u0219i\u00ad-a \u00eenceput activitatea \u00een prim\u0103vara lui 2015, \u00een studio la Baba Novac. Vocalul trupei, AFO, pe care \u00eel \u0219tim de la Subcarpa\u021bi \u0219i Battle On Arena, a f\u0103cut echip\u0103 de Live cu Cristi Anca (chitar\u0103, voce), Andrei \u201cPower pe Vinil\u201d Alexandru (synth\u00aduri \u0219i scratch), Bogdan Zoom (lumini), Cosmin Laz\u0103r (inginer de sunet) \u0219i Dan Basu (lumini si vizuale) \u0219i la produc\u021bie cu Bean, Fantome \u0219i Power pe Vinil.\u00a0Stilul muzical variat este o fuziune \u00eentre rap tradi\u021bional cu diverse elemente de rock alternativ, electro, funk \u0219i rock psihedelic.<\/p>\n<p> <a class=\"echo_read_more\" href=\"https:\/\/www.infomusic.ro\/2025\/02\/cred-ca-sunt-extraterestru-usa-de-la-coridor-ioana-milculescu-audio\/\" target=\"_blank\" rel=\"noopener\">\u00a0\u00bb\u00a0Cite\u0219te continuarea pe pagina autorului<\/a><\/p>\n","protected":false},"excerpt":{"rendered":"<p>&#8220;Neuropa&#8221; este al treilea album de studio al trupei Cred C\u0103 Sunt Extraterestru, reunind numeroase emo\u021bii \u0219i experien\u021be personale. Albumul surprinde lumea interioar\u0103, reflect\u00e2nd asupra condi\u021biei umane actuale \u0219i a lumii \u00een care tr\u0103im. \u00cen acela\u0219i timp, &#8220;Neuropa&#8221; eviden\u021biaz\u0103 cel mai important instrument al rasei umane: creierul. Acest al treilea album continu\u0103 stilul hibrid cu [&hellip;]<\/p>\n","protected":false},"author":1,"featured_media":8627,"comment_status":"open","ping_status":"open","sticky":false,"template":"","format":"standard","meta":{"_crdt_document":"","footnotes":""},"categories":[4],"tags":[],"class_list":["post-8626","post","type-post","status-publish","format-standard","has-post-thumbnail","hentry","category-noutati"],"_links":{"self":[{"href":"https:\/\/news-fm.ro\/index.php\/wp-json\/wp\/v2\/posts\/8626","targetHints":{"allow":["GET"]}}],"collection":[{"href":"https:\/\/news-fm.ro\/index.php\/wp-json\/wp\/v2\/posts"}],"about":[{"href":"https:\/\/news-fm.ro\/index.php\/wp-json\/wp\/v2\/types\/post"}],"author":[{"embeddable":true,"href":"https:\/\/news-fm.ro\/index.php\/wp-json\/wp\/v2\/users\/1"}],"replies":[{"embeddable":true,"href":"https:\/\/news-fm.ro\/index.php\/wp-json\/wp\/v2\/comments?post=8626"}],"version-history":[{"count":0,"href":"https:\/\/news-fm.ro\/index.php\/wp-json\/wp\/v2\/posts\/8626\/revisions"}],"wp:featuredmedia":[{"embeddable":true,"href":"https:\/\/news-fm.ro\/index.php\/wp-json\/wp\/v2\/media\/8627"}],"wp:attachment":[{"href":"https:\/\/news-fm.ro\/index.php\/wp-json\/wp\/v2\/media?parent=8626"}],"wp:term":[{"taxonomy":"category","embeddable":true,"href":"https:\/\/news-fm.ro\/index.php\/wp-json\/wp\/v2\/categories?post=8626"},{"taxonomy":"post_tag","embeddable":true,"href":"https:\/\/news-fm.ro\/index.php\/wp-json\/wp\/v2\/tags?post=8626"}],"curies":[{"name":"wp","href":"https:\/\/api.w.org\/{rel}","templated":true}]}}