{"id":8614,"date":"2025-02-05T01:08:48","date_gmt":"2025-02-05T01:08:48","guid":{"rendered":"https:\/\/news-fm.ro\/index.php\/2025\/02\/05\/buffy-spaima-vampirilor-revine-cu-o-serie-sequel\/"},"modified":"2025-02-05T01:08:48","modified_gmt":"2025-02-05T01:08:48","slug":"buffy-spaima-vampirilor-revine-cu-o-serie-sequel","status":"publish","type":"post","link":"https:\/\/news-fm.ro\/index.php\/2025\/02\/05\/buffy-spaima-vampirilor-revine-cu-o-serie-sequel\/","title":{"rendered":"&#8220;Buffy, spaima vampirilor&#8221; revine cu o serie sequel"},"content":{"rendered":"<p>Potrivit <a href=\"https:\/\/variety.com\/2025\/tv\/news\/buffy-the-vampire-slayer-revival-hulu-sarah-michelle-gellar-pilot-1236291559\/\" target=\"_blank\" rel=\"noopener\">Variety<\/a>, Sarah Michelle Gellar se afl\u0103 \u00een negocieri pentru a juca din nou personajul emblematic. Cu toate acestea, viitoarea serie s-ar concentra pe o alt\u0103 protagonist\u0103 aleas\u0103 s\u0103 se lupte cu for\u021bele r\u0103ului, iar Gellar ar ap\u0103rea \u00eentr-un rol secundar.<\/p>\n<p>Nora Zuckerman \u0219i Lila Zuckerman vor scrie scenariul, \u00een timp ce Chlo\u00e9 Zhao, c\u00e2\u0219tig\u0103toare de Oscar cu filmul &#8220;Nomadland&#8221;, va regiza. Noua serie &#8220;Buffy&#8221; va fi produs\u0103 de Gail Berman, Fran Kuzui, Kaz Kuzui \u0219i Dolly Parton. To\u021bi au fost anterior produc\u0103tori pentru serialul original &#8220;Buffy, spaima vampirilor&#8221;.<\/p>\n<\/p>\n<p>&#8220;Buffy the Vampire Slayer&#8221; a prins via\u021b\u0103 sub forma unui film, cu Kristy Swanson ca protagonist\u0103. Joss Whedon a scris scenariul, iar Fran Kuzui a regizat pelicula, ce a ajuns la publicul larg \u00een 1992. Cinci ani mai t\u00e2rziu, serialul cu Sarah Michelle Gellar \u00een rolul principal a debutat pe canalul The WB. A fost difuzat aici timp de cinci sezoane, ultimele dou\u0103 fiind disponibile apoi pe United Paramount Television. Distribu\u021bia i-a mai inclus pe Nicholas Brendon, Alyson Hannigan, Carpenter, Anthony Stewart Head, David Boreanaz, Seth Green \u0219i James Marsters. Boreanaz a fost protagonistul serialul spin-off &#8220;Angel&#8221;.<\/p>\n<p>Chiar dac\u0103 Sarah Michelle Gellar a devenit cunoscut\u0103 datorit\u0103 rolului din &#8220;Buffy, spaima vampirilor&#8221;, actri\u021ba a mai jucat \u00een proiecte de succes precum &#8220;Cruel Intentions&#8221;, &#8220;I Know What You Did Last Summer&#8221;, cele dou\u0103 filme live-action &#8220;Scooby Doo&#8221; \u0219i &#8220;The Grudge&#8221;. \u00cen prezent, Gellar poate fi urm\u0103rit\u0103 \u00een seria prequel <a href=\"https:\/\/www.infomusic.ro\/2024\/11\/trailer-serie-dexter-original-sin\/\" target=\"_blank\" rel=\"noopener\">&#8220;Dexter: Original Sin&#8221;<\/a> de pe SkyShowtime.<\/p>\n<p> <a class=\"echo_read_more\" href=\"https:\/\/www.infomusic.ro\/2025\/02\/buffy-spaima-vampirilor-serie-sequel\/\" target=\"_blank\" rel=\"noopener\">\u00a0\u00bb\u00a0Cite\u0219te continuarea pe pagina autorului<\/a><\/p>\n","protected":false},"excerpt":{"rendered":"<p>Potrivit Variety, Sarah Michelle Gellar se afl\u0103 \u00een negocieri pentru a juca din nou personajul emblematic. Cu toate acestea, viitoarea serie s-ar concentra pe o alt\u0103 protagonist\u0103 aleas\u0103 s\u0103 se lupte cu for\u021bele r\u0103ului, iar Gellar ar ap\u0103rea \u00eentr-un rol secundar. Nora Zuckerman \u0219i Lila Zuckerman vor scrie scenariul, \u00een timp ce Chlo\u00e9 Zhao, c\u00e2\u0219tig\u0103toare [&hellip;]<\/p>\n","protected":false},"author":1,"featured_media":8615,"comment_status":"open","ping_status":"open","sticky":false,"template":"","format":"standard","meta":{"_crdt_document":"","footnotes":""},"categories":[4],"tags":[],"class_list":["post-8614","post","type-post","status-publish","format-standard","has-post-thumbnail","hentry","category-noutati"],"_links":{"self":[{"href":"https:\/\/news-fm.ro\/index.php\/wp-json\/wp\/v2\/posts\/8614","targetHints":{"allow":["GET"]}}],"collection":[{"href":"https:\/\/news-fm.ro\/index.php\/wp-json\/wp\/v2\/posts"}],"about":[{"href":"https:\/\/news-fm.ro\/index.php\/wp-json\/wp\/v2\/types\/post"}],"author":[{"embeddable":true,"href":"https:\/\/news-fm.ro\/index.php\/wp-json\/wp\/v2\/users\/1"}],"replies":[{"embeddable":true,"href":"https:\/\/news-fm.ro\/index.php\/wp-json\/wp\/v2\/comments?post=8614"}],"version-history":[{"count":0,"href":"https:\/\/news-fm.ro\/index.php\/wp-json\/wp\/v2\/posts\/8614\/revisions"}],"wp:featuredmedia":[{"embeddable":true,"href":"https:\/\/news-fm.ro\/index.php\/wp-json\/wp\/v2\/media\/8615"}],"wp:attachment":[{"href":"https:\/\/news-fm.ro\/index.php\/wp-json\/wp\/v2\/media?parent=8614"}],"wp:term":[{"taxonomy":"category","embeddable":true,"href":"https:\/\/news-fm.ro\/index.php\/wp-json\/wp\/v2\/categories?post=8614"},{"taxonomy":"post_tag","embeddable":true,"href":"https:\/\/news-fm.ro\/index.php\/wp-json\/wp\/v2\/tags?post=8614"}],"curies":[{"name":"wp","href":"https:\/\/api.w.org\/{rel}","templated":true}]}}