{"id":8606,"date":"2025-02-04T17:08:42","date_gmt":"2025-02-04T17:08:42","guid":{"rendered":"https:\/\/news-fm.ro\/index.php\/2025\/02\/04\/urmareste-primul-trailer-pentru-fantastic-four-cu-pedro-pascal-si-joseph-quinn-in-rolurile-principale\/"},"modified":"2025-02-04T17:08:42","modified_gmt":"2025-02-04T17:08:42","slug":"urmareste-primul-trailer-pentru-fantastic-four-cu-pedro-pascal-si-joseph-quinn-in-rolurile-principale","status":"publish","type":"post","link":"https:\/\/news-fm.ro\/index.php\/2025\/02\/04\/urmareste-primul-trailer-pentru-fantastic-four-cu-pedro-pascal-si-joseph-quinn-in-rolurile-principale\/","title":{"rendered":"Urm\u0103re\u0219te primul trailer pentru &#8220;Fantastic Four&#8221;, cu Pedro Pascal \u0219i Joseph Quinn \u00een rolurile principale"},"content":{"rendered":"<p>Trailerul ofer\u0103 o privire asupra echipei \u00een ac\u021biune, eviden\u021biind superputerile fiec\u0103rui membru \u0219i prezent\u00e2nd o estetic\u0103 retro-futurist\u0103 inspirat\u0103 de anii &#8217;60. De asemenea, sugereaz\u0103 o amenin\u021bare iminent\u0103 din partea antagonistului Galactus, interpretat de Ralph Ineson.<\/p>\n<p>Cei patru supereroi \u00eencearc\u0103 s\u0103 p\u0103streze un echilibru \u00eentre vie\u021bile lor publice \u0219i dinamica familial\u0103, totul pe fundalul unui New York spectaculos, cu care fanii Universului Marvel poate nu sunt \u00eenc\u0103 familiariza\u021bi.<\/p>\n<p>&#8220;\u00cenfrunt\u0103m \u00eempreun\u0103 orice ne-ar arunca via\u021ba \u00een cale &#8211; ca o familie&#8221;, spune Vanessa Kirby aka Femeia Invizibil\u0103 \u00een trailer.<\/p>\n<p>&#8220;The Fantastic Four: First Steps&#8221; este regizat de Matt Shakman (&#8220;WandaVision&#8221;), pe baza unui scenariu scris de Peter Cameron, Josh Friedman \u0219i Jeff Kaplan. Distribu\u021bia principal\u0103 este format\u0103 din\u00a0Pedro Pascal \u00een rolul lui Reed Richards (Mr. Fantastic), Vanessa Kirby ca Sue Storm (Femeia Invizibil\u0103), Joseph Quinn \u00een rolul lui Johnny Storm (Tor\u021ba Uman\u0103) \u0219i Ebon Moss-Bachrach ca Ben Grimm (The Thing). O adi\u021bie notabil\u0103 \u00een aceast\u0103 list\u0103 este Julia Garner, care va interpreta o versiune a personajului Silver Surfer.<\/p>\n<p>Povestea &#8220;Fantastic Four&#8221; a mai avut parte \u00een trecut de dou\u0103 adapt\u0103ri cinematografice. \u00cen anii 2000, Ioan Gruffudd, Jessica Alba, Chris Evans \u0219i Michael Chiklis i-au jucat pe eroi \u00een dou\u0103 filme. \u00cen 2015 a urmat un reboot cu Miles Teller, Kata Mara, Michael B. Jordan \u0219i Jamie Bell.<\/p>\n<p>TRAILER &#8220;The Fantastic Four: First Steps&#8221;: <\/p>\n<p> <a class=\"echo_read_more\" href=\"https:\/\/www.infomusic.ro\/2025\/02\/trailer-fantastic-four-first-steps-2025\/\" target=\"_blank\" rel=\"noopener\">\u00a0\u00bb\u00a0Cite\u0219te continuarea pe pagina autorului<\/a><\/p>\n","protected":false},"excerpt":{"rendered":"<p>Trailerul ofer\u0103 o privire asupra echipei \u00een ac\u021biune, eviden\u021biind superputerile fiec\u0103rui membru \u0219i prezent\u00e2nd o estetic\u0103 retro-futurist\u0103 inspirat\u0103 de anii &#8217;60. De asemenea, sugereaz\u0103 o amenin\u021bare iminent\u0103 din partea antagonistului Galactus, interpretat de Ralph Ineson. Cei patru supereroi \u00eencearc\u0103 s\u0103 p\u0103streze un echilibru \u00eentre vie\u021bile lor publice \u0219i dinamica familial\u0103, totul pe fundalul unui New [&hellip;]<\/p>\n","protected":false},"author":1,"featured_media":8607,"comment_status":"open","ping_status":"open","sticky":false,"template":"","format":"standard","meta":{"_crdt_document":"","footnotes":""},"categories":[4],"tags":[],"class_list":["post-8606","post","type-post","status-publish","format-standard","has-post-thumbnail","hentry","category-noutati"],"_links":{"self":[{"href":"https:\/\/news-fm.ro\/index.php\/wp-json\/wp\/v2\/posts\/8606","targetHints":{"allow":["GET"]}}],"collection":[{"href":"https:\/\/news-fm.ro\/index.php\/wp-json\/wp\/v2\/posts"}],"about":[{"href":"https:\/\/news-fm.ro\/index.php\/wp-json\/wp\/v2\/types\/post"}],"author":[{"embeddable":true,"href":"https:\/\/news-fm.ro\/index.php\/wp-json\/wp\/v2\/users\/1"}],"replies":[{"embeddable":true,"href":"https:\/\/news-fm.ro\/index.php\/wp-json\/wp\/v2\/comments?post=8606"}],"version-history":[{"count":0,"href":"https:\/\/news-fm.ro\/index.php\/wp-json\/wp\/v2\/posts\/8606\/revisions"}],"wp:featuredmedia":[{"embeddable":true,"href":"https:\/\/news-fm.ro\/index.php\/wp-json\/wp\/v2\/media\/8607"}],"wp:attachment":[{"href":"https:\/\/news-fm.ro\/index.php\/wp-json\/wp\/v2\/media?parent=8606"}],"wp:term":[{"taxonomy":"category","embeddable":true,"href":"https:\/\/news-fm.ro\/index.php\/wp-json\/wp\/v2\/categories?post=8606"},{"taxonomy":"post_tag","embeddable":true,"href":"https:\/\/news-fm.ro\/index.php\/wp-json\/wp\/v2\/tags?post=8606"}],"curies":[{"name":"wp","href":"https:\/\/api.w.org\/{rel}","templated":true}]}}