{"id":8602,"date":"2025-02-04T01:09:38","date_gmt":"2025-02-04T01:09:38","guid":{"rendered":"https:\/\/news-fm.ro\/index.php\/2025\/02\/04\/primele-probe-survivor-romania-2025-incep-de-la-2030-afla-detalii\/"},"modified":"2025-02-04T01:09:38","modified_gmt":"2025-02-04T01:09:38","slug":"primele-probe-survivor-romania-2025-incep-de-la-2030-afla-detalii","status":"publish","type":"post","link":"https:\/\/news-fm.ro\/index.php\/2025\/02\/04\/primele-probe-survivor-romania-2025-incep-de-la-2030-afla-detalii\/","title":{"rendered":"Primele probe Survivor Rom\u00e2nia 2025 \u00eencep de la 20:30; Afl\u0103 detalii"},"content":{"rendered":"<p><a href=\"https:\/\/www.infomusic.ro\/stiri\/muzica\/emisiuni-muzica\/\">Emisiuni radio-tv<\/a> <\/p>\n<p>Survivor Rom\u00e2nia 2025 \u00eencepe luni, 3 februarie, de la ora 20:30. Difuzat \u00een acela\u0219i timp pe Pro TV \u0219i Voyo, show-ul dezv\u0103luie \u00eenc\u0103 din primul episod probe provocatoare pentru cei 20 de concuren\u021bi.<\/p>\n<p><img alt src=\"https:\/\/secure.gravatar.com\/avatar\/d3ceb0679b73e345f2004df5cf49d9e5?s=46&#038;d=blank&#038;r=g\"  height=\"46\" width=\"46\" decoding=\"async\"\/><\/p>\n<p>Publicat<\/p>\n<p>acum 12 ore<\/p>\n<p>pe<\/p>\n<p>03\/02\/2025<\/p>\n<p><img fetchpriority=\"high\" width=\"1000\" height=\"667\" src=\"https:\/\/static.infomusic.ro\/media\/2025\/02\/daniel-pavel-survivor-romania-2025-1000x667.jpeg\" alt=\"Daniel Pavel d\u0103 start probelor la Suvivor Rom\u00e2nia 2025\" decoding=\"async\" fetchpriority=\"high\"\/><\/p>\n<p> Daniel Pavel d\u0103 start probelor la Suvivor Rom\u00e2nia 2025 \u2502 FOTO: PRO TV\t<\/p>\n<p>Gazda emisiunii Survivor Rom\u00e2nia 2025, Daniel Pavel, este preg\u0103tit s\u0103 le aduc\u0103 celor de acas\u0103 trei zile pe s\u0103pt\u0103m\u00e2n\u0103, de luni p\u00e2n\u0103 miercuri, cea mai tare provocare pentru concuren\u021bii show-ului. Sezonul debuteaz\u0103 ast\u0103zi, 3 februarie, cu cei 20 de participan\u021bi afla\u021bi pe o barc\u0103 de pira\u021bi.<\/p>\n<p>Ce se \u00eent\u00e2mpl\u0103 \u00een primul episod Survivor Rom\u00e2nia 2025, difuzat pe 3 februarie, de la 20:30<\/p>\n<p>&#8220;Va trebui s\u0103 s\u0103ri\u021bi de pe barc\u0103 \u0219i s\u0103 \u00eenota\u021bi p\u00e2n\u0103 la \u021b\u0103rm. Pe ultimul care va ajunge \u00eel va pa\u0219te un mare pericol&#8221;, anun\u021b\u0103 Daniel Pavel chiar la debutul show-ului.<\/p>\n<p>Gata de a dovedi c\u0103 \u00ee\u0219i merit\u0103 locul \u00een competi\u021bie, cei 20 de concuren\u021bi vor s\u0103ri \u00een ap\u0103 \u0219i vor \u00eenota, cu toate for\u021bele, p\u00e2n\u0103 la mal. Spiritul de competi\u021bie se va sim\u021bi imediat, iar alian\u021bele \u0219i strategiile vor \u00eencepe s\u0103 se contureze \u00eenc\u0103 din primele minute.<\/p>\n<p>Tot \u00een aceast\u0103 sear\u0103 vom afla \u0219i ce \u00eei va a\u0219tepta pe concuren\u021bi, dup\u0103 prima prob\u0103, atunci c\u00e2nd vor ajunge \u00eenot pe insula dominican\u0103 \u0219i, mai apoi, pe insulele care le vor deveni cas\u0103 \u00een urm\u0103toarea perioad\u0103.<\/p>\n<p>&#8220;\u00cencepe prima num\u0103r\u0103toare invers\u0103 din acest sezon! \u00cenapoi la origini \u00eenseamn\u0103 redecoperirea instinctelor primare, puterea interioar\u0103, cea care te face s\u0103 spui c\u00e2nd nu mai pot, mai pot pu\u021bin. De asemenea, spiritul ne\u00eenfricat care exist\u0103 \u00een fiecare dintre voi e foarte important. \u00cenapoi la r\u0103d\u0103cini \u00eenseamn\u0103 s\u0103 renun\u021ba\u021bi la confortul vie\u021bii cotidiente. Voi o s\u0103 demonstra\u021bi c\u0103 de\u021bine\u021bi calit\u0103\u021bile unui adev\u0103rat supravie\u021buitor! Sunte\u021bi preg\u0103ti\u021bi s\u0103 demonstrati c\u0103 pute\u021bi supravie\u021bui \u00een jungla Survivor?&#8221;, anun\u021b\u0103 prezentatorul reality-ului, \u00eenainte de a bate gongul de start.<\/p>\n<p>Premiera sezonului Survivor Rom\u00e2nia se difuzeaz\u0103 de la ora 20:30, \u00een aceast\u0103 sear\u0103, pe PRO TV \u0219i VOYO. Anul acesta, show-ul se va difuza \u00een fiecare luni, de la ora 20:30, iar mar\u021bi \u0219i miercuri de la ora 21:30.\u00a0<\/p>\n<p>Cine sunt cei 20 de concuren\u021bi Survivor Rom\u00e2nia 2025:<\/p>\n<p>Concuren\u021bii au v\u00e2rste cuprinse \u00eentre 19 \u0219i 46 de ani, cel mai t\u00e2n\u0103r fiind Mario Longa, iar la polul opus Ovidiu Macinic. Participan\u021bii au fost selecta\u021bi din domenii diverse: de la IT la sport, marketing, radio, mod\u0103 \u0219i design.\u00a0G\u0103se\u0219ti detalii despre pove\u0219tile lor de via\u021b\u0103 \u00een\u00a0<a href=\"https:\/\/www.infomusic.ro\/2025\/01\/survivor-romania-2025-concurenti\/\" target=\"_blank\" rel=\"noopener\">articolul nostru, de pe InfoMusic<\/a>.\u00a0<\/p>\n<ol>\n<li>Adi Co\u0219eru,<\/li>\n<li>Adina Gache,<\/li>\n<li>Alex Furman,<\/li>\n<li>Alexia Preda,<\/li>\n<li>Bitz\u0103,<\/li>\n<li>Cristian Marinescu,<\/li>\n<li>Darius M\u0103cinic,<\/li>\n<li>Diana Ursu,<\/li>\n<li>Diandra Moga,<\/li>\n<li>Dorian Afro,<\/li>\n<li>Ema Kovacs,<\/li>\n<li>Francesca Chebu\u021biu,<\/li>\n<li>Ina Shan,<\/li>\n<li>Larisa Popa,<\/li>\n<li>Mario Longa,<\/li>\n<li>Roxana Chiperi,<\/li>\n<li>Sebastian Co\u021bofan\u0103,<\/li>\n<li>Silvia Gherasim,<\/li>\n<li>Ovidiu M\u0103cinic<\/li>\n<li>Vasile Petrovschi.<\/li>\n<\/ol>\n<p>Despre Survivor Rom\u00e2nia 2025<\/p>\n<p>Abandona\u021bi \u00een mijlocul naturii exotice, \u00een Republica Dominican\u0103, departe de confortul civiliza\u021biei, concuren\u021bii vor trece prin foarte multe \u00eencerc\u0103ri, vor fi nevoi\u021bi s\u0103 \u00ee\u0219i construiasc\u0103 ad\u0103post, s\u0103 \u00ee\u0219i procure hran\u0103, s\u0103 \u00ee\u0219i g\u0103seasc\u0103 alia\u021bi \u00een mijlocul grupului din care vor face parte. La finele unor \u00eencerc\u0103ri limit\u0103 se va afla un singur c\u00e2\u0219tig\u0103tor.<\/p>\n<p> \u00ce\u021bi recomand\u0103m aceste videoclipuri <\/p>\n<p><img decoding=\"async\" src=\"https:\/\/static.infomusic.ro\/logo-slogan.svg\" alt=\"INFOMUSIC\" width=\"150\" height=\"150\"\/><\/p>\n<p> <a href=\"https:\/\/www.infomusic.ro\/stiri\/muzica\/emisiuni-muzica\/\">Emisiuni radio-tv<\/a>Un mare pericol \u00eei pa\u0219te pe concuren\u021bii Survivor Rom\u00e2nia 2025 \u00een primul episod <\/p>\n<p>\u00cenc\u0103 de la debutul primului episod Survivor Rom\u00e2nia 2025,<\/p>\n<p> <a class=\"echo_read_more\" href=\"https:\/\/www.infomusic.ro\/2025\/02\/primele-probe-survivor-romania-2025-incep-detalii\/\" target=\"_blank\" rel=\"noopener\">\u00a0\u00bb\u00a0Cite\u0219te continuarea pe pagina autorului<\/a><\/p>\n","protected":false},"excerpt":{"rendered":"<p>Emisiuni radio-tv Survivor Rom\u00e2nia 2025 \u00eencepe luni, 3 februarie, de la ora 20:30. Difuzat \u00een acela\u0219i timp pe Pro TV \u0219i Voyo, show-ul dezv\u0103luie \u00eenc\u0103 din primul episod probe provocatoare pentru cei 20 de concuren\u021bi. Publicat acum 12 ore pe 03\/02\/2025 Daniel Pavel d\u0103 start probelor la Suvivor Rom\u00e2nia 2025 \u2502 FOTO: PRO TV Gazda [&hellip;]<\/p>\n","protected":false},"author":1,"featured_media":8603,"comment_status":"open","ping_status":"open","sticky":false,"template":"","format":"standard","meta":{"_crdt_document":"","footnotes":""},"categories":[4],"tags":[],"class_list":["post-8602","post","type-post","status-publish","format-standard","has-post-thumbnail","hentry","category-noutati"],"_links":{"self":[{"href":"https:\/\/news-fm.ro\/index.php\/wp-json\/wp\/v2\/posts\/8602","targetHints":{"allow":["GET"]}}],"collection":[{"href":"https:\/\/news-fm.ro\/index.php\/wp-json\/wp\/v2\/posts"}],"about":[{"href":"https:\/\/news-fm.ro\/index.php\/wp-json\/wp\/v2\/types\/post"}],"author":[{"embeddable":true,"href":"https:\/\/news-fm.ro\/index.php\/wp-json\/wp\/v2\/users\/1"}],"replies":[{"embeddable":true,"href":"https:\/\/news-fm.ro\/index.php\/wp-json\/wp\/v2\/comments?post=8602"}],"version-history":[{"count":0,"href":"https:\/\/news-fm.ro\/index.php\/wp-json\/wp\/v2\/posts\/8602\/revisions"}],"wp:featuredmedia":[{"embeddable":true,"href":"https:\/\/news-fm.ro\/index.php\/wp-json\/wp\/v2\/media\/8603"}],"wp:attachment":[{"href":"https:\/\/news-fm.ro\/index.php\/wp-json\/wp\/v2\/media?parent=8602"}],"wp:term":[{"taxonomy":"category","embeddable":true,"href":"https:\/\/news-fm.ro\/index.php\/wp-json\/wp\/v2\/categories?post=8602"},{"taxonomy":"post_tag","embeddable":true,"href":"https:\/\/news-fm.ro\/index.php\/wp-json\/wp\/v2\/tags?post=8602"}],"curies":[{"name":"wp","href":"https:\/\/api.w.org\/{rel}","templated":true}]}}