{"id":8586,"date":"2025-02-01T07:08:39","date_gmt":"2025-02-01T07:08:39","guid":{"rendered":"https:\/\/news-fm.ro\/index.php\/2025\/02\/01\/actorul-matthew-lillard-revine-in-scream-7\/"},"modified":"2025-02-01T07:08:39","modified_gmt":"2025-02-01T07:08:39","slug":"actorul-matthew-lillard-revine-in-scream-7","status":"publish","type":"post","link":"https:\/\/news-fm.ro\/index.php\/2025\/02\/01\/actorul-matthew-lillard-revine-in-scream-7\/","title":{"rendered":"Actorul Matthew Lillard revine \u00een &#8220;Scream 7&#8221;"},"content":{"rendered":"<p>Cel de-al <a href=\"https:\/\/www.infomusic.ro\/2024\/10\/scream-7-cinematografe-februarie-2026\/\" target=\"_blank\" rel=\"noopener\">\u0219aptelea film<\/a> din seria &#8220;Scream&#8221; promite s\u0103 fie unul memorabil, asta \u0219i datorit\u0103 revenirilor pe band\u0103 rulant\u0103 a unor actori din filmul original. Neve Campbell \u0219i Courteney Cox \u0219i-au confirmat deja prezen\u021ba \u00een distribu\u021bia noului proiect. Acum, Matthew Lillard li se al\u0103tur\u0103.<\/p>\n<p>Ce-i drept, revenirea lui Lillard \u00een universul &#8220;Scream&#8221; este o surpriz\u0103. Personajul s\u0103u din filmul original, adolescentul Stu Macher, s-a dovedit a fi unul dintre cei doi criminali. La final, a murit electrocutat, dup\u0103 ce protagonista Sidney a \u00eempins un televizor peste el. Cu toate acestea, un actor care se \u00eentoarce din mor\u021bi nu este un eveniment f\u0103r\u0103 precedent pentru franciza &#8220;Scream&#8221;. Skeet Ulrich, cel care l-a jucat pe Billy Loomis, colegul uciga\u0219 al lui Stu, a revenit \u00een &#8220;Scream 5&#8221;. El a ap\u0103rut \u00een halucina\u021biile unui alt personaj din film.<\/p>\n<p>Revenirile nu se opresc aici. Actorul Scott Foley, care l-a interpretat pe criminalul Ghostface \u00een &#8220;Scream 3&#8221;, \u00ee\u0219i va face sim\u021bit\u0103 prezen\u021ba \u00een noua pelicul\u0103. Distribu\u021bia este completat\u0103 de Mason Gooding \u0219i Jasmin Savoy Brown &#8211; ambii au jucat \u00een &#8220;Scream 5&#8221; \u0219i &#8220;Scream 6&#8221; &#8211;\u00a0 Isabel May, Celeste O&#8217;Connor, Asa Germann, Mckenna Grace, Sam Rechner, Anna Camp, Joel McHale \u0219i Mark Consuelos.<\/p>\n<p>Franciza de groaz\u0103 a beneficiat ini\u021bial de patru lungmetraje: &#8220;Scream&#8221; (1996), &#8220;Scream 2&#8221; (1997), &#8220;Scream 3&#8221; (2000) \u0219i &#8220;Scream 4&#8221; (2011), regizate de regretatul Wes Craven. A fost readus\u0103 \u00een aten\u021bia publicului \u00een 2022, cu cel de-al cincilea capitol.<\/p>\n<p>Cel mai recent film, &#8220;Scream VI&#8221;, a fost lansat \u00een cinematografe \u00een martie 2023 \u0219i de\u021bine recordul francizei pentru cele mai mare \u00eencas\u0103ri la box office. \u00cen t<\/p>\n<p> <a class=\"echo_read_more\" href=\"https:\/\/www.infomusic.ro\/2025\/01\/matthew-lillard-revine-in-scream-7\/\" target=\"_blank\" rel=\"noopener\">\u00a0\u00bb\u00a0Cite\u0219te continuarea pe pagina autorului<\/a><\/p>\n","protected":false},"excerpt":{"rendered":"<p>Cel de-al \u0219aptelea film din seria &#8220;Scream&#8221; promite s\u0103 fie unul memorabil, asta \u0219i datorit\u0103 revenirilor pe band\u0103 rulant\u0103 a unor actori din filmul original. Neve Campbell \u0219i Courteney Cox \u0219i-au confirmat deja prezen\u021ba \u00een distribu\u021bia noului proiect. Acum, Matthew Lillard li se al\u0103tur\u0103. Ce-i drept, revenirea lui Lillard \u00een universul &#8220;Scream&#8221; este o surpriz\u0103. [&hellip;]<\/p>\n","protected":false},"author":1,"featured_media":8587,"comment_status":"open","ping_status":"open","sticky":false,"template":"","format":"standard","meta":{"_crdt_document":"","footnotes":""},"categories":[4],"tags":[],"class_list":["post-8586","post","type-post","status-publish","format-standard","has-post-thumbnail","hentry","category-noutati"],"_links":{"self":[{"href":"https:\/\/news-fm.ro\/index.php\/wp-json\/wp\/v2\/posts\/8586","targetHints":{"allow":["GET"]}}],"collection":[{"href":"https:\/\/news-fm.ro\/index.php\/wp-json\/wp\/v2\/posts"}],"about":[{"href":"https:\/\/news-fm.ro\/index.php\/wp-json\/wp\/v2\/types\/post"}],"author":[{"embeddable":true,"href":"https:\/\/news-fm.ro\/index.php\/wp-json\/wp\/v2\/users\/1"}],"replies":[{"embeddable":true,"href":"https:\/\/news-fm.ro\/index.php\/wp-json\/wp\/v2\/comments?post=8586"}],"version-history":[{"count":0,"href":"https:\/\/news-fm.ro\/index.php\/wp-json\/wp\/v2\/posts\/8586\/revisions"}],"wp:featuredmedia":[{"embeddable":true,"href":"https:\/\/news-fm.ro\/index.php\/wp-json\/wp\/v2\/media\/8587"}],"wp:attachment":[{"href":"https:\/\/news-fm.ro\/index.php\/wp-json\/wp\/v2\/media?parent=8586"}],"wp:term":[{"taxonomy":"category","embeddable":true,"href":"https:\/\/news-fm.ro\/index.php\/wp-json\/wp\/v2\/categories?post=8586"},{"taxonomy":"post_tag","embeddable":true,"href":"https:\/\/news-fm.ro\/index.php\/wp-json\/wp\/v2\/tags?post=8586"}],"curies":[{"name":"wp","href":"https:\/\/api.w.org\/{rel}","templated":true}]}}