{"id":8574,"date":"2025-01-31T15:09:27","date_gmt":"2025-01-31T15:09:27","guid":{"rendered":"https:\/\/news-fm.ro\/index.php\/2025\/01\/31\/emanuel-mirea-solistul-trupei-stigma-vine-la-x-factor-2025\/"},"modified":"2025-01-31T15:09:27","modified_gmt":"2025-01-31T15:09:27","slug":"emanuel-mirea-solistul-trupei-stigma-vine-la-x-factor-2025","status":"publish","type":"post","link":"https:\/\/news-fm.ro\/index.php\/2025\/01\/31\/emanuel-mirea-solistul-trupei-stigma-vine-la-x-factor-2025\/","title":{"rendered":"Emanuel Mirea, solistul trupei Stigma, vine la X Factor 2025"},"content":{"rendered":"<p>A f\u0103cut furori cu trupa Stigma, \u00een anii 2000, apoi a continuat seria succeselor muzicale cu propria forma\u0163ie, Emanuel Mirea Band. \u00cen plin\u0103 perioad\u0103 de glorie, a decis s\u0103 ia totul de la zero, \u00eentr-o \u0163ar\u0103 str\u0103in\u0103, l\u0103s\u00e2nd muzica deoparte. La 47 de ani, Emanuel \u015fi-a \u00eenvins emo\u0163iile \u015fi a venit \u00een cea mai nou\u0103 edi\u0163ie X Factor.<\/p>\n<p>Emanuel Mirea: &#8220;Acum via\u0163a mea e absolut normal\u0103. \u00cemi lipsesc scenele mari!&#8221;<\/p>\n<p>Emanuel Mirea \u015fi colegul s\u0103u, Cornel Sorian, f\u0103ceau senza\u0163ie la \u00eenceputul anilor 2000 cu forma\u0163ia pop-rock Stigma, \u00eens\u0103 drumurile lor s-au separat.<\/p>\n<\/p>\n<p>\u00cen plin\u0103 perioad\u0103 de succes, Emanuel a hot\u0103r\u00e2t s\u0103 \u00ee\u015fi schimbe total via\u0163a \u015fi s\u0103 ia totul de la zero, \u00eentr-o \u0163ar\u0103 complet str\u0103in\u0103 \u015fi \u00eentr-un domeniu cu totul nou.<\/p>\n<p>&#8220;Eram \u015fi celebru, \u015fi t\u00e2n\u0103r, aveam o situa\u0163ie, \u00eens\u0103 la un moment dat mi-am dat seama c\u0103 le am pe toate astea \u015fi de fapt nu am cel mai important lucru, o stare de \u00eemplinire!&#8221;, le-a povestit el jura\u0163ilor X Factor, atunci c\u00e2nd ace\u015ftia l-au \u00eentrebat ce l-a determinat s\u0103 ia o decizie at\u00e2t de radical\u0103 \u00een ceea ce prive\u015fte cariera lui.<\/p>\n<p>&#8220;Acum via\u0163a mea e absolut normal\u0103. \u00cemi lipsesc scenele mari!&#8221;, le-a mai spus Emanuel, a c\u0103rui apari\u0163ie pe scena X Factor este, \u00eenainte de toate, o mare provocare pentru el.<\/p>\n<p>&#8220;Sunt con\u015ftient c\u0103 sunt mul\u0163i oameni care m-au v\u0103zut ultima dat\u0103 c\u00e2nd aveam 25 de ani, eram blond, cu plete, f\u0103r\u0103 riduri \u015fi ochelari de vedere! Vreau s\u0103 inspir, s\u0103 aduc bucurie, bucur\u00e2ndu-m\u0103 de ceea ce iubesc cel mai mult!&#8221;<\/p>\n<p>Jura\u0163ii X Factor l-au recunoscut pe Emanuel, ba chiar au dep\u0103nat amintiri \u00eempreun\u0103:<\/p>\n<p>&#8220;N-are rost s\u0103 mai vorbim, ai boal\u0103 pe mine din 2004&#8221;, a dezv\u0103luit amuzat \u015etefan B\u0103nic\u0103.<\/p>\n<p>Ce l-a determinat pe juratul X Factor s\u0103 fac\u0103 o astfel de afirma\u0163ie, ce dezv\u0103luiri a mai f\u0103cut Emanuel, dar \u015fi \u00eentregul moment al acestuia vor putea fi urm\u0103rite duminica aceasta, de la 20.00, la Antena 1.<\/p>\n<p> <a class=\"echo_read_more\" href=\"https:\/\/www.infomusic.ro\/2025\/01\/emanuel-mirea-trupa-stigma-x-factor-2025\/\" target=\"_blank\" rel=\"noopener\">\u00a0\u00bb\u00a0Cite\u0219te continuarea pe pagina autorului<\/a><\/p>\n","protected":false},"excerpt":{"rendered":"<p>A f\u0103cut furori cu trupa Stigma, \u00een anii 2000, apoi a continuat seria succeselor muzicale cu propria forma\u0163ie, Emanuel Mirea Band. \u00cen plin\u0103 perioad\u0103 de glorie, a decis s\u0103 ia totul de la zero, \u00eentr-o \u0163ar\u0103 str\u0103in\u0103, l\u0103s\u00e2nd muzica deoparte. La 47 de ani, Emanuel \u015fi-a \u00eenvins emo\u0163iile \u015fi a venit \u00een cea mai nou\u0103 [&hellip;]<\/p>\n","protected":false},"author":1,"featured_media":8575,"comment_status":"open","ping_status":"open","sticky":false,"template":"","format":"standard","meta":{"_crdt_document":"","footnotes":""},"categories":[4],"tags":[],"class_list":["post-8574","post","type-post","status-publish","format-standard","has-post-thumbnail","hentry","category-noutati"],"_links":{"self":[{"href":"https:\/\/news-fm.ro\/index.php\/wp-json\/wp\/v2\/posts\/8574","targetHints":{"allow":["GET"]}}],"collection":[{"href":"https:\/\/news-fm.ro\/index.php\/wp-json\/wp\/v2\/posts"}],"about":[{"href":"https:\/\/news-fm.ro\/index.php\/wp-json\/wp\/v2\/types\/post"}],"author":[{"embeddable":true,"href":"https:\/\/news-fm.ro\/index.php\/wp-json\/wp\/v2\/users\/1"}],"replies":[{"embeddable":true,"href":"https:\/\/news-fm.ro\/index.php\/wp-json\/wp\/v2\/comments?post=8574"}],"version-history":[{"count":0,"href":"https:\/\/news-fm.ro\/index.php\/wp-json\/wp\/v2\/posts\/8574\/revisions"}],"wp:featuredmedia":[{"embeddable":true,"href":"https:\/\/news-fm.ro\/index.php\/wp-json\/wp\/v2\/media\/8575"}],"wp:attachment":[{"href":"https:\/\/news-fm.ro\/index.php\/wp-json\/wp\/v2\/media?parent=8574"}],"wp:term":[{"taxonomy":"category","embeddable":true,"href":"https:\/\/news-fm.ro\/index.php\/wp-json\/wp\/v2\/categories?post=8574"},{"taxonomy":"post_tag","embeddable":true,"href":"https:\/\/news-fm.ro\/index.php\/wp-json\/wp\/v2\/tags?post=8574"}],"curies":[{"name":"wp","href":"https:\/\/api.w.org\/{rel}","templated":true}]}}