{"id":799,"date":"2018-12-06T08:28:58","date_gmt":"2018-12-06T08:28:58","guid":{"rendered":"http:\/\/news-fm.ro\/?p=799"},"modified":"2018-12-11T17:06:00","modified_gmt":"2018-12-11T17:06:00","slug":"romanii-il-considera-pe-ceausescu-cea-mai-importanta-personalitate","status":"publish","type":"post","link":"https:\/\/news-fm.ro\/index.php\/2018\/12\/06\/romanii-il-considera-pe-ceausescu-cea-mai-importanta-personalitate\/","title":{"rendered":"Rom\u00e2nii \u00eel consider\u0103 pe Ceau\u015fescu cea mai important\u0103 personalitate."},"content":{"rendered":"\n<p class=\"wp-block-paragraph\">Un studiu publicat miercuri indic\u0103 un clasament nea\u015fteptat al personalit\u0103\u0163ilor apreciate de rom\u00e2ni.<\/p>\n\n\n\n<p class=\"wp-block-paragraph\">Fostul lider comunist Nicolae Ceau\u015fescu \u015fi marele sculptor Constantin Br\u00e2ncu\u015fi ocup\u0103 primele locuri \u00eentr-un clasament al celor mai importante (marcante) personalit\u0103\u0163i istorice sau culturale ale Rom\u00e2niei moderne \u015fi contemporane, relev\u0103 un sondaj realizat de CT&amp;Research realizat la comanda Funda\u0163iei Universitare a M\u0103rii Negre (FUMN) \u015fi dat publicit\u0103\u0163ii miercuri.<\/p>\n\n\n\n<p class=\"wp-block-paragraph\">Potrivit cercet\u0103rii, la \u00eentrebarea \u201cCare crede\u0163i dvs. c\u0103 a fost personalitatea istoric\u0103 cea mai important\u0103 (marcant\u0103) pentru istoria modern\u0103 \u015fi contemporan\u0103 a Rom\u00e2niei?\u201d, pe primul loc s-a situat Nicolae Ceau\u015fescu &#8211; 26,6%, urmat de Regele Mihai &#8211; 21,4%, Regele Ferdinand I &#8211; 11,6%, Regele Carol al II-lea &#8211; 5,4% \u015fi Nicolae Iorga &#8211; 4,9%.<\/p>\n\n\n\n<p class=\"wp-block-paragraph\">Pe urm\u0103toarele locuri se situeaz\u0103, \u00een ordine: Regina Maria &#8211; 4,8%; Nicolae Titulescu &#8211; 4,1%; Ion Iliescu &#8211; 3,5%; Ion Antonescu &#8211; 3,1%; Gheorghe Gheorghiu Dej &#8211; 2,4%; Ion I.C. Br\u0103tianu &#8211; 2,3%; Corneliu Coposu &#8211; 2,3%; Traian B\u0103sescu &#8211;&nbsp;<br>1,1%; Klaus Iohannis &#8211; 1,0%; Emil Constantinescu &#8211; 0,4%.<br>Un procent de 0,1% au numit \u201cAlt\u0103 personalitate istoric\u0103\u201d, iar 5,1% s-au \u00eencadrat la \u201cNu \u015ftiu\/Nu r\u0103spund\u201d.<\/p>\n\n\n\n<p class=\"wp-block-paragraph\">La \u00eentrebarea \u201cCare crede\u0163i dvs. c\u0103 a fost personalitatea cultural\u0103 cea mai important\u0103 (marcant\u0103) pentru istoria modern\u0103 \u015fi contemporan\u0103 a Rom\u00e2niei?\u201d, rom\u00e2nii l-au a\u015fezat pe primul loc pe Constantin Br\u00e2ncu\u015fi &#8211; 30,3%, urmat George Enescu &#8211; 18,6%, Nicolae Iorga &#8211; 8,8%, Mircea Eliade &#8211; 6,2% \u015fi Gheorghe Zamfir &#8211; 6,1%.<\/p>\n\n\n\n<p class=\"wp-block-paragraph\">Ace\u015ftia sunt urma\u0163i \u00een ordine de: Maria T\u0103nase &#8211; 6,0%; Emil Cioran &#8211; 4,0%; Marin Preda &#8211; 3,4%; Petre \u0162u\u0163ea &#8211; 2,5%; Eugen Ionescu &#8211; 1,6%; Nicolae Steinhardt &#8211; 1,2%; Constantin Noica &#8211; 1,1%; Dumitru Staniloae &#8211; 1,0%; Sergiu Celibidache &#8211; 0,8% \u015fi Zoe Dumitrescu Bu\u015fulenga &#8211; 0,1%.<\/p>\n\n\n\n<p class=\"wp-block-paragraph\">\u00cen r\u00e2ndul celor care Nu \u015ftiu\/Nu r\u0103spund s-au situat 7,9% dintre responden\u0163i iar 0,3% s-au \u00eencadrat la \u201cAlt\u0103 personalitate cultural\u0103\u201d.<\/p>\n\n\n\n<p class=\"wp-block-paragraph\">Potrivit pre\u015fedintelui FUMN, Dan Dungaciu, apari\u0163ia \u00een premier\u0103 a celor doi regi ai Rom\u00e2niei \u00eentre personalit\u0103\u0163ile istorice men\u0163ionate de responden\u0163i reprezint\u0103 un fapt semnificativ deoarece arat\u0103 c\u0103 \u201craportarea la monarhie \u015fi la ceea ce a \u00eensemnat ea, cu valori \u015fi simbolistic\u0103 profund\u0103, \u00eenseamn\u0103, de fapt, o neraportare la clasa politic\u0103 actual\u0103\u201d, \u201cun vot de blam pe care \u00eel acorzi unui prezent care nu \u00ee\u0163i place\u201d.<\/p>\n\n\n\n<p class=\"wp-block-paragraph\">Parte a proiectului \u201cAgresiuni identitare \u015fi patrimoniu nematerial\u201d, sondajul, prima cercetare comparativ\u0103 pentru regiunile istorice Transilvania, Moldova, Muntenia \u015fi Basarabia (R. Moldova), a fost realizat la nivel na\u0163ional, \u00een perioada 13 &#8211; 21 noiembrie, pe un e\u015fantion multistratificat, probabilistic de 1.400 persoane, reprezentativ pentru popula\u0163ia Rom\u00e2niei neinstitu\u0163ionalizat\u0103, cu v\u00e2rsta de 18 ani \u015fi peste 18 ani.<\/p>\n\n\n\n<p class=\"wp-block-paragraph\">Eroarea maxim\u0103 admis\u0103 a datelor este de \u0105 2,6%, la un grad de \u00eencredere de 95%. Metoda folosit\u0103 a fost cea a sondajului de opinie pe baza unui chestionar aplicat de operatorii de interviu la domiciliul responden\u0163ilor, chestionarele fiind aplicate \u00een toate jude\u0163ele Rom\u00e2niei \u015fi \u00een sectoarele municipiului Bucure\u015fti. E\u015fantionul a fost validat pe baza datelor oficiale ale Institutului Na\u0163ional de Statistic\u0103.<\/p>\n\n\n\n<p class=\"wp-block-paragraph\"><br><\/p>\n","protected":false},"excerpt":{"rendered":"<p>Un studiu publicat miercuri indic\u0103 un clasament nea\u015fteptat al personalit\u0103\u0163ilor apreciate de rom\u00e2ni. Fostul lider comunist Nicolae Ceau\u015fescu \u015fi marele sculptor Constantin Br\u00e2ncu\u015fi ocup\u0103 primele locuri \u00eentr-un clasament al celor mai importante (marcante) personalit\u0103\u0163i istorice sau culturale ale Rom\u00e2niei moderne \u015fi contemporane, relev\u0103 un sondaj realizat de CT&amp;Research realizat la comanda Funda\u0163iei Universitare a M\u0103rii [&hellip;]<\/p>\n","protected":false},"author":1,"featured_media":0,"comment_status":"open","ping_status":"open","sticky":false,"template":"","format":"standard","meta":{"_crdt_document":"","footnotes":""},"categories":[1],"tags":[],"class_list":["post-799","post","type-post","status-publish","format-standard","hentry","category-diverse"],"_links":{"self":[{"href":"https:\/\/news-fm.ro\/index.php\/wp-json\/wp\/v2\/posts\/799","targetHints":{"allow":["GET"]}}],"collection":[{"href":"https:\/\/news-fm.ro\/index.php\/wp-json\/wp\/v2\/posts"}],"about":[{"href":"https:\/\/news-fm.ro\/index.php\/wp-json\/wp\/v2\/types\/post"}],"author":[{"embeddable":true,"href":"https:\/\/news-fm.ro\/index.php\/wp-json\/wp\/v2\/users\/1"}],"replies":[{"embeddable":true,"href":"https:\/\/news-fm.ro\/index.php\/wp-json\/wp\/v2\/comments?post=799"}],"version-history":[{"count":0,"href":"https:\/\/news-fm.ro\/index.php\/wp-json\/wp\/v2\/posts\/799\/revisions"}],"wp:attachment":[{"href":"https:\/\/news-fm.ro\/index.php\/wp-json\/wp\/v2\/media?parent=799"}],"wp:term":[{"taxonomy":"category","embeddable":true,"href":"https:\/\/news-fm.ro\/index.php\/wp-json\/wp\/v2\/categories?post=799"},{"taxonomy":"post_tag","embeddable":true,"href":"https:\/\/news-fm.ro\/index.php\/wp-json\/wp\/v2\/tags?post=799"}],"curies":[{"name":"wp","href":"https:\/\/api.w.org\/{rel}","templated":true}]}}