{"id":6710,"date":"2024-01-24T02:09:32","date_gmt":"2024-01-24T02:09:32","guid":{"rendered":"https:\/\/news-fm.ro\/index.php\/2024\/01\/24\/justin-timberlake-lanseaza-albumul-everything-i-thought-it-was-trailer\/"},"modified":"2024-01-24T02:09:32","modified_gmt":"2024-01-24T02:09:32","slug":"justin-timberlake-lanseaza-albumul-everything-i-thought-it-was-trailer","status":"publish","type":"post","link":"https:\/\/news-fm.ro\/index.php\/2024\/01\/24\/justin-timberlake-lanseaza-albumul-everything-i-thought-it-was-trailer\/","title":{"rendered":"Justin Timberlake lanseaz\u0103 albumul &#8220;Everything I Thought It Was&#8221; &#8211; TRAILER"},"content":{"rendered":"<p>Au trecut aproximativ \u0219ase ani de la ultimul album lansat de Justin Timberlake, dar artistul nu s-a dezis de pasiunea sa pentru muzic\u0103. A preg\u0103tit un nou material discografic, ce va ajunge \u00een m\u00e2inile fanilor anul acesta.<\/p>\n<p>Mai mult, &#8220;Everything I Thought It Was&#8221; este prefa\u021bat de piesa &#8220;Selfish&#8221;, ce urmeaz\u0103 s\u0103 fie lansat\u0103 oficial pe 25 ianuarie. Vestea a fost oferit\u0103 de Timberlake pe social media, public\u00e2nd o imagine realizat\u0103 de Charlotte Rutherford. Artwork-ul \u00eel prezint\u0103 pe artist cu spatele la camer\u0103, privind spre un apus frumos colorat.<\/p>\n<p>&#8220;Selfish&#8221; este o pies\u0103 marcat\u0103 de influen\u021be R&#038;B, ce s-a bucurat deja de un debut live, pe 19 ianuarie, \u00een cadrul unui concert pe care Timberlake l-a sus\u021binut \u00een Memphis.<\/p>\n<p>\u00cen ceea ce prive\u0219te albumul &#8220;Everything I Thought It Was&#8221;, acesta beneficiaz\u0103 de un trailer intrigant. O ma\u0219in\u0103 se opre\u0219te la o benzin\u0103rie din de\u0219ert, iar naratorul, interpretat de Benicio Del Toro, spune:<\/p>\n<p>&#8220;Ce avem noi aici? Ooh, e o ma\u0219in\u0103 dr\u0103gu\u021b\u0103! Stai, este un model. Asta spunea JT? OK, acel apus de soare cu siguran\u021b\u0103 nu este real. Oh, iat\u0103-l pe Justin! De ce nu se \u00eentoarce? La ce naiba se uit\u0103?<\/p>\n<p>  TRAILER &#8220;Everything I Thought It Was&#8221; <\/p>\n<p> <a class=\"echo_read_more\" href=\"https:\/\/www.infomusic.ro\/2024\/01\/justin-timberlake-lanseaza-albumul-everything-i-thought-it-was-trailer\/\" target=\"_blank\" rel=\"noopener\">\u00a0\u00bb\u00a0Cite\u0219te continuarea pe pagina autorului<\/a><\/p>\n","protected":false},"excerpt":{"rendered":"<p>Au trecut aproximativ \u0219ase ani de la ultimul album lansat de Justin Timberlake, dar artistul nu s-a dezis de pasiunea sa pentru muzic\u0103. A preg\u0103tit un nou material discografic, ce va ajunge \u00een m\u00e2inile fanilor anul acesta. Mai mult, &#8220;Everything I Thought It Was&#8221; este prefa\u021bat de piesa &#8220;Selfish&#8221;, ce urmeaz\u0103 s\u0103 fie lansat\u0103 oficial [&hellip;]<\/p>\n","protected":false},"author":1,"featured_media":6711,"comment_status":"open","ping_status":"open","sticky":false,"template":"","format":"standard","meta":{"_crdt_document":"","footnotes":""},"categories":[4],"tags":[],"class_list":["post-6710","post","type-post","status-publish","format-standard","has-post-thumbnail","hentry","category-noutati"],"_links":{"self":[{"href":"https:\/\/news-fm.ro\/index.php\/wp-json\/wp\/v2\/posts\/6710","targetHints":{"allow":["GET"]}}],"collection":[{"href":"https:\/\/news-fm.ro\/index.php\/wp-json\/wp\/v2\/posts"}],"about":[{"href":"https:\/\/news-fm.ro\/index.php\/wp-json\/wp\/v2\/types\/post"}],"author":[{"embeddable":true,"href":"https:\/\/news-fm.ro\/index.php\/wp-json\/wp\/v2\/users\/1"}],"replies":[{"embeddable":true,"href":"https:\/\/news-fm.ro\/index.php\/wp-json\/wp\/v2\/comments?post=6710"}],"version-history":[{"count":0,"href":"https:\/\/news-fm.ro\/index.php\/wp-json\/wp\/v2\/posts\/6710\/revisions"}],"wp:featuredmedia":[{"embeddable":true,"href":"https:\/\/news-fm.ro\/index.php\/wp-json\/wp\/v2\/media\/6711"}],"wp:attachment":[{"href":"https:\/\/news-fm.ro\/index.php\/wp-json\/wp\/v2\/media?parent=6710"}],"wp:term":[{"taxonomy":"category","embeddable":true,"href":"https:\/\/news-fm.ro\/index.php\/wp-json\/wp\/v2\/categories?post=6710"},{"taxonomy":"post_tag","embeddable":true,"href":"https:\/\/news-fm.ro\/index.php\/wp-json\/wp\/v2\/tags?post=6710"}],"curies":[{"name":"wp","href":"https:\/\/api.w.org\/{rel}","templated":true}]}}