{"id":671,"date":"2018-11-02T08:08:57","date_gmt":"2018-11-02T08:08:57","guid":{"rendered":"http:\/\/news-fm.ro\/?p=671"},"modified":"2018-11-02T08:08:59","modified_gmt":"2018-11-02T08:08:59","slug":"vita-de-vie-a-lansat-sase-cea-de-a-doua-parte-a-albumului-sase-sase","status":"publish","type":"post","link":"https:\/\/news-fm.ro\/index.php\/2018\/11\/02\/vita-de-vie-a-lansat-sase-cea-de-a-doua-parte-a-albumului-sase-sase\/","title":{"rendered":"Vi\u021ba de Vie a lansat &#8220;\u015ease&#8221; (-), cea de-a doua parte a albumului &#8220;\u0218ase\/\u0218ase&#8221;"},"content":{"rendered":"\n<p class=\"wp-block-paragraph\">Vi\u021ba de Vie a\u00a0\u00eentregit povestea albumului \u201d\u0218ase\/\u0218ase\u201d lans\u00e2nd ultima parte a materialului, \u201d\u0218ase (-)\u201d. Discul a fost prezentat fanilor \u00een cadrul unui concert de amploare, ce a avut loc pe 27 octombrie, la Arenele Romane.<\/p>\n\n\n\n<figure class=\"wp-block-image\"><img decoding=\"async\" src=\"https:\/\/static.infomusic.ro\/media\/2018\/10\/vita-de-vie-concert-sase-2018-8392-800x533.jpg\" alt=\"\" class=\"wp-image-117783\"\/><\/figure>\n\n\n\n<p class=\"wp-block-paragraph\">\u201c<strong>\u015ease (-)<\/strong>\u201d urmeaz\u0103 aceea\u0219i re\u021bet\u0103 simbolic\u0103 a conceptului \u201e\u0218ase\/\u0218ase\u201d, \u00eens\u0103 pluseaz\u0103 prin ad\u0103ugarea unor elemente muzicale de-a dreptul spectaculoase, reg\u0103site \u00een structura celor dou\u0103 noi materiale, \u201dPloaie de foc\u201d \u0219i\u201d Luna \u0219i noi\u201d Live @ Awake (feat. Filarmonica de Stat T\u00e2rgu Mure\u0219). Acest fapt se las\u0103 certificat \u0219i prin dovada lans\u0103rilor anterioare \u2013 \u201dHaiHui\u201d, \u201d<a href=\"https:\/\/www.infomusic.ro\/videoclip\/vita-de-vie-dur-de-a-dura\/\">Dur de-a dura<\/a>\u201d, \u201d<a href=\"https:\/\/www.infomusic.ro\/videoclip\/vita-de-vie-ialapet\/\">ialapet<\/a>\u201d \u015fi \u201d<a href=\"https:\/\/www.infomusic.ro\/videoclip\/vita-de-vie-sorcova\/\">Sorcova<\/a>\u201d.<\/p>\n\n\n\n<p class=\"wp-block-paragraph\">\u00cen cadrul concertului de la Arene,&nbsp;<strong>Vi\u021ba de Vie<\/strong>&nbsp;a interpretat integral cele 12 piese extrase de pe albumul \u201d<strong>\u0218ase\/\u0218ase<\/strong>\u201d, dar \u0219i alte c\u00e2teva melodii consacrate.<\/p>\n\n\n\n<p class=\"wp-block-paragraph\">Dup\u0103 lansarea single-ului \u201dHaiHui\u201d, care a avut loc \u00een luna mai a anului precedent, Vi\u021ba de Vie a \u00eenregistrat un succes fenomenal cu \u201d<strong>Dur de-a dura<\/strong>\u201d, c\u00e2\u0219tig\u00e2nd Premiul Radio Rom\u00e2nia pentru \u201e<strong>Cea mai bun\u0103 pies\u0103 alternative rock<\/strong>\u201d, \u00een cadrul Galei Premiilor Muzicale Radio Rom\u00e2nia.<\/p>\n\n\n\n<p class=\"wp-block-paragraph\">\u201d<strong>ialapet<\/strong>\u201d este cel mai recent \u0219i poate unul dintre cel mai puternice single-uri semnate Vi\u021ba de Vie, lu\u00e2nd \u00een considerare linia melodic\u0103 \u0219i versurile de o profunzime violent\u0103.<\/p>\n\n\n\n<p class=\"wp-block-paragraph\">Povestea \u201dSorcovei\u201d vine ca un balsam \u00een completarea universului &#8220;\u0218ase (-)&#8221;, iat celelalte dou\u0103 lans\u0103ri, \u201dPloaie de Foc\u201d \u0219i \u201dLuna \u0219i noi\u201d \/\/ Live @ Awake (feat. Filarmonica de Stat T\u00e2rgu Mure\u0219), au reu\u0219it s\u0103 le ofere fanilor o experien\u021b\u0103 inedit\u0103 \u00een cadrul concertului de la Arene.<\/p>\n\n\n\n<p class=\"wp-block-paragraph\">Grafica albumului \u201c\u0218ase (-)\u201d este conceput\u0103 de Agi (Adrian Iota). Cele \u0219ase simboluri de pe copert\u0103, fiecare apar\u021bin\u00e2nd uneia dintre piese, sunt a\u0219ezate \u00een forma unui zar. Albumul con\u021bine \u0219i alte \u201esurprize\u201d, fiecare fiind \u00eendemnat s\u0103 le descopere singur. Noul album \u201c\u0218ase (-)\u201d este disponibil, \u00een format fizic \u0219i digital,&nbsp;<a href=\"https:\/\/umusic.lnk.to\/SasePR\" target=\"_blank\" rel=\"noreferrer noopener\">aici<\/a>.<\/p>\n\n\n\n<p class=\"wp-block-paragraph\"><strong>Vi\u021ba de Vie<\/strong>&nbsp;\u0219i-a \u00eenceput activitatea \u00een 1996. Trupa \u00eei are \u00een componen\u021b\u0103 pe Adrian Despot (voce, chitar\u0103), Sorin Pupe T\u0103nase (tobe), Cezar Popescu (chitar\u0103), Adrian Ciuplea (bas, violoncel) \u0219i Mihai Ardelean (clape).<br><\/p>\n","protected":false},"excerpt":{"rendered":"<p>Vi\u021ba de Vie a\u00a0\u00eentregit povestea albumului \u201d\u0218ase\/\u0218ase\u201d lans\u00e2nd ultima parte a materialului, \u201d\u0218ase (-)\u201d. Discul a fost prezentat fanilor \u00een cadrul unui concert de amploare, ce a avut loc pe 27 octombrie, la Arenele Romane. \u201c\u015ease (-)\u201d urmeaz\u0103 aceea\u0219i re\u021bet\u0103 simbolic\u0103 a conceptului \u201e\u0218ase\/\u0218ase\u201d, \u00eens\u0103 pluseaz\u0103 prin ad\u0103ugarea unor elemente muzicale de-a dreptul spectaculoase, reg\u0103site [&hellip;]<\/p>\n","protected":false},"author":1,"featured_media":672,"comment_status":"open","ping_status":"open","sticky":false,"template":"","format":"standard","meta":{"_crdt_document":"","footnotes":""},"categories":[5,3,2],"tags":[],"class_list":["post-671","post","type-post","status-publish","format-standard","has-post-thumbnail","hentry","category-melodii","category-stars","category-trupe"],"_links":{"self":[{"href":"https:\/\/news-fm.ro\/index.php\/wp-json\/wp\/v2\/posts\/671","targetHints":{"allow":["GET"]}}],"collection":[{"href":"https:\/\/news-fm.ro\/index.php\/wp-json\/wp\/v2\/posts"}],"about":[{"href":"https:\/\/news-fm.ro\/index.php\/wp-json\/wp\/v2\/types\/post"}],"author":[{"embeddable":true,"href":"https:\/\/news-fm.ro\/index.php\/wp-json\/wp\/v2\/users\/1"}],"replies":[{"embeddable":true,"href":"https:\/\/news-fm.ro\/index.php\/wp-json\/wp\/v2\/comments?post=671"}],"version-history":[{"count":0,"href":"https:\/\/news-fm.ro\/index.php\/wp-json\/wp\/v2\/posts\/671\/revisions"}],"wp:featuredmedia":[{"embeddable":true,"href":"https:\/\/news-fm.ro\/index.php\/wp-json\/wp\/v2\/media\/672"}],"wp:attachment":[{"href":"https:\/\/news-fm.ro\/index.php\/wp-json\/wp\/v2\/media?parent=671"}],"wp:term":[{"taxonomy":"category","embeddable":true,"href":"https:\/\/news-fm.ro\/index.php\/wp-json\/wp\/v2\/categories?post=671"},{"taxonomy":"post_tag","embeddable":true,"href":"https:\/\/news-fm.ro\/index.php\/wp-json\/wp\/v2\/tags?post=671"}],"curies":[{"name":"wp","href":"https:\/\/api.w.org\/{rel}","templated":true}]}}