{"id":668,"date":"2018-11-02T08:06:40","date_gmt":"2018-11-02T08:06:40","guid":{"rendered":"http:\/\/news-fm.ro\/?p=668"},"modified":"2018-11-02T08:06:42","modified_gmt":"2018-11-02T08:06:42","slug":"c-c-catch-si-ace-of-base-concerteaza-in-romania-la-prima-editie-a-festivalului-forever-young","status":"publish","type":"post","link":"https:\/\/news-fm.ro\/index.php\/2018\/11\/02\/c-c-catch-si-ace-of-base-concerteaza-in-romania-la-prima-editie-a-festivalului-forever-young\/","title":{"rendered":"C. C. Catch \u0219i Ace Of Base concerteaz\u0103 \u00een Rom\u00e2nia, la prima edi\u021bie a festivalului Forever Young"},"content":{"rendered":"\n<p class=\"wp-block-paragraph\">Ace Of Base, C. C. Catch, Mr. President \u0219i mul\u021bi al\u021bii vor concerta anul viitor \u00een Rom\u00e2nia, cu prilejul primei edi\u021bii a festivalului de muzic\u0103 retro Forever Young. Evenimentul se va desf\u0103\u0219ura la Bucure\u0219ti, \u00een perioada 21 &#8211; 23 iunie 2019.<\/p>\n\n\n\n<figure class=\"wp-block-image\"><img decoding=\"async\" src=\"https:\/\/static.infomusic.ro\/media\/2018\/10\/ace-of-base-cc-catch-800x533.jpg\" alt=\"Ace of Base \/ CC Catch\" class=\"wp-image-117977\"\/><\/figure>\n\n\n\n<p class=\"wp-block-paragraph\"><strong>Forever Young<\/strong>&nbsp;<strong>Festival<\/strong>&nbsp;va avea loc \u00een parcarea C de la Romexpo, pe scen\u0103 urm\u00e2nd s\u0103 urce zeci de nume de legend\u0103 ale muzicii disco, pop sau rap, care au \u00eenc\u00e2ntat cu evolu\u021biile lor genera\u021bii de fani la nivel mondial.<\/p>\n\n\n\n<p class=\"wp-block-paragraph\">Printre vedetele care au confirmat deja participarea la&nbsp;<strong>Forever Young Festival 2019<\/strong>&nbsp;se num\u0103r\u0103 C. C. Catch, Ace Of Base, Ice Mc, Milli Vanilli, Baccara, Arabesque, Mr. President, Captain Hollywood Project. Acestora li se vor ad\u0103uga, \u00een cur\u00e2nd, foarte mul\u021bi al\u021bii, inclusiv o serie de nume care vor evolua \u00een premier\u0103 \u00een Rom\u00e2nia.<\/p>\n\n\n\n<blockquote class=\"wp-block-quote is-layout-flow wp-block-quote-is-layout-flow\"><p>\u201cSuntem \u00eenc\u00e2nta\u021bi s\u0103 putem oferi, la Bucure\u0219ti, pentru prima dat\u0103 \u00een Rom\u00e2nia, trei zile de adev\u0103rat\u0103 s\u0103rb\u0103toare a muzicii.<\/p><p>Bucuria acestor ritmuri, care au \u00eenc\u00e2ntat genera\u021bii de fani ai muzicii de pretutindeni, le face s\u0103 fie mereu la mod\u0103.<\/p><p>Sunt convins c\u0103 to\u021bi cei care apreciaz\u0103 muzica anilor \u201980 &#8211; \u201990 vor fi \u00eenc\u00e2nta\u021bi de line up-ul de excep\u021bie care va evolua pe scenele festivalului, dar, \u00een acela\u0219i timp, ne face pl\u0103cere s\u0103 le d\u0103m ocazia \u0219i celor mai tineri s\u0103 vad\u0103 live vedetele a c\u0103ror muzic\u0103 st\u0103 la baza ritmurilor pop de ast\u0103zi\u201c, a declarat Florin Apostol, director general al International Artist Management, organizatorul evenimentului.<\/p><\/blockquote>\n\n\n\n<p class=\"wp-block-paragraph\">Cele trei zile de festival vor include, \u00eenaintea concertelor zilnice, o serie de activit\u0103\u021bi conexe, dedicate \u00eentregii familii, astfel \u00eenc\u00e2t evenimentul s\u0103 fie c\u00e2t mai atractiv, at\u00e2t pentru cei mari, c\u00e2t \u0219i pentru cei mai mici.<\/p>\n\n\n\n<p class=\"wp-block-paragraph\">Astfel, \u00een parcarea C de la Romexpo vor fi organizate ateliere creative pentru copii, concursuri de muzic\u0103 \u0219i dansuri specifice perioadei \u201980 &#8211; \u201990, evenimente antrenante pentru toat\u0103 familia.<\/p>\n","protected":false},"excerpt":{"rendered":"<p>Ace Of Base, C. C. Catch, Mr. President \u0219i mul\u021bi al\u021bii vor concerta anul viitor \u00een Rom\u00e2nia, cu prilejul primei edi\u021bii a festivalului de muzic\u0103 retro Forever Young. Evenimentul se va desf\u0103\u0219ura la Bucure\u0219ti, \u00een perioada 21 &#8211; 23 iunie 2019. Forever Young&nbsp;Festival&nbsp;va avea loc \u00een parcarea C de la Romexpo, pe scen\u0103 urm\u00e2nd s\u0103 [&hellip;]<\/p>\n","protected":false},"author":1,"featured_media":669,"comment_status":"open","ping_status":"open","sticky":false,"template":"","format":"standard","meta":{"_crdt_document":"","footnotes":""},"categories":[4,3],"tags":[],"class_list":["post-668","post","type-post","status-publish","format-standard","has-post-thumbnail","hentry","category-noutati","category-stars"],"_links":{"self":[{"href":"https:\/\/news-fm.ro\/index.php\/wp-json\/wp\/v2\/posts\/668","targetHints":{"allow":["GET"]}}],"collection":[{"href":"https:\/\/news-fm.ro\/index.php\/wp-json\/wp\/v2\/posts"}],"about":[{"href":"https:\/\/news-fm.ro\/index.php\/wp-json\/wp\/v2\/types\/post"}],"author":[{"embeddable":true,"href":"https:\/\/news-fm.ro\/index.php\/wp-json\/wp\/v2\/users\/1"}],"replies":[{"embeddable":true,"href":"https:\/\/news-fm.ro\/index.php\/wp-json\/wp\/v2\/comments?post=668"}],"version-history":[{"count":0,"href":"https:\/\/news-fm.ro\/index.php\/wp-json\/wp\/v2\/posts\/668\/revisions"}],"wp:featuredmedia":[{"embeddable":true,"href":"https:\/\/news-fm.ro\/index.php\/wp-json\/wp\/v2\/media\/669"}],"wp:attachment":[{"href":"https:\/\/news-fm.ro\/index.php\/wp-json\/wp\/v2\/media?parent=668"}],"wp:term":[{"taxonomy":"category","embeddable":true,"href":"https:\/\/news-fm.ro\/index.php\/wp-json\/wp\/v2\/categories?post=668"},{"taxonomy":"post_tag","embeddable":true,"href":"https:\/\/news-fm.ro\/index.php\/wp-json\/wp\/v2\/tags?post=668"}],"curies":[{"name":"wp","href":"https:\/\/api.w.org\/{rel}","templated":true}]}}