{"id":665,"date":"2018-11-02T08:03:44","date_gmt":"2018-11-02T08:03:44","guid":{"rendered":"http:\/\/news-fm.ro\/?p=665"},"modified":"2018-11-02T08:03:46","modified_gmt":"2018-11-02T08:03:46","slug":"tudor-chirila-ii-face-o-dedicatie-muzicala-andrei-la-vocea-romaniei-am-lasat-floricelele-pentru-tine","status":"publish","type":"post","link":"https:\/\/news-fm.ro\/index.php\/2018\/11\/02\/tudor-chirila-ii-face-o-dedicatie-muzicala-andrei-la-vocea-romaniei-am-lasat-floricelele-pentru-tine\/","title":{"rendered":"Tudor Chiril\u0103 \u00eei face o dedica\u021bie muzical\u0103 Andrei la Vocea Rom\u00e2niei: &#8220;Am l\u0103sat floricelele pentru tine&#8221;"},"content":{"rendered":"\n<p class=\"wp-block-paragraph\">Confrunt\u0103rile de la Vocea Rom\u00e2niei continu\u0103 vinerea aceasta cu noi momente inedite, at\u00e2t ale concuren\u021bilor, c\u00e2t \u0219i ale antrenorilor. \u00cen urm\u0103torul episod, Tudor Chiril\u0103 \u00eei va face Andrei o dedica\u021bie muzical\u0103, croit\u0103 pe gusturile ei.<\/p>\n\n\n\n<figure class=\"wp-block-image\"><img decoding=\"async\" src=\"https:\/\/static.infomusic.ro\/media\/2018\/11\/Tudor-Irina-Andra-800x533.jpg\" alt=\"Tudor Chiril\u0103, Irina Rimes, Andra\" class=\"wp-image-118041\"\/><\/figure>\n\n\n\n<p class=\"wp-block-paragraph\">Vinerea aceasta,<strong>&nbsp;Andra<\/strong>&nbsp;va fi surprins\u0103 de alegerea muzical\u0103 pe care Tudor o face pentru dou\u0103 dintre concurentele din echipa lui. Aceast\u0103 alegere nu a fost, \u00eens\u0103 \u00eent\u00e2mpl\u0103toare, Tudor m\u0103rturisindu-i ulterior colegei sale:<\/p>\n\n\n\n<blockquote class=\"wp-block-quote is-layout-flow wp-block-quote-is-layout-flow\"><p>\u201dIat\u0103, Andra, o dedica\u021bie pentru tine, o pies\u0103 \u00een care vocile s-au manifestat de parc\u0103 le-ai fi antrenat tu. Am l\u0103sat floricelele pentru tine, special.\u201d<\/p><\/blockquote>\n\n\n\n<p class=\"wp-block-paragraph\">\u0218i Irina, pl\u0103cut surprins\u0103 de pies\u0103 \u0219i de interpretarea ei, i se confeseaz\u0103 lui Tudor:<\/p>\n\n\n\n<blockquote class=\"wp-block-quote is-layout-flow wp-block-quote-is-layout-flow\"><p>\u201d\u00cemi place at\u00e2t de mult melodia asta aleas\u0103 de Tudor, \u00eenc\u00e2t \u00eemi c\u00e2nt\u0103 \u00eenc\u0103 \u00een cap.\u201d<\/p><\/blockquote>\n\n\n\n<h2 class=\"wp-block-heading\">Smiley o invit\u0103 la dans pe Irina<\/h2>\n\n\n\n<p class=\"wp-block-paragraph\">Spectacolul creat de concuren\u021bi pe scen\u0103 se transmite \u0219i \u00een r\u00e2ndul antrenorilor, iar&nbsp;<strong>Smiley<\/strong>&nbsp;o invit\u0103 la dans pe<strong>&nbsp;Irina<\/strong>.<\/p>\n\n\n\n<blockquote class=\"wp-block-quote is-layout-flow wp-block-quote-is-layout-flow\"><p>\u201dPiesa asta mi-a dat ocazia s\u0103 o invit pe Irina la un vals. A\u0219tept de mult momentul \u0103sta.\u201d<\/p><\/blockquote>\n\n\n\n<p class=\"wp-block-paragraph\"><strong>Smiley<\/strong>&nbsp;este profund impresionat \u0219i de un moment adus pe scen\u0103 de unul dintre cuplurile create de Andra, manifest\u00e2ndu-\u0219i f\u0103r\u0103 re\u021bineri entuziasmul:<\/p>\n\n\n\n<blockquote class=\"wp-block-quote is-layout-flow wp-block-quote-is-layout-flow\"><p>\u201dMam\u0103, ce b\u0103t\u0103lie a fost aici! For\u021b\u0103, tat\u0103!\u201d.<\/p><\/blockquote>\n\n\n\n<p class=\"wp-block-paragraph\">Performan\u021bele concuren\u021bilor sunt \u00eendelung comentate, \u00eens\u0103 Tudor simte c\u0103 nu-\u0219i poate exprima p\u0103rerea at\u00e2t c\u00e2t \u0219i-ar dori:<\/p>\n\n\n\n<blockquote class=\"wp-block-quote is-layout-flow wp-block-quote-is-layout-flow\"><p>\u201dEu am ajuns la Vocea Rom\u00e2niei s\u0103 n-am loc s\u0103 vorbesc! Tu-\u021bi dai seama?!\u201d.<\/p><\/blockquote>\n\n\n\n<p class=\"wp-block-paragraph\">Vineri, la 20:30, va fi lupt\u0103 \u0219i va fi un show antrenant \u00een cea de-a doua rund\u0103 de Confrunt\u0103ri de la&nbsp;<strong>Vocea Rom\u00e2niei<\/strong>.<\/p>\n\n\n\n<h2 class=\"wp-block-heading\">Cum s-a desf\u0103\u0219urat prima sear\u0103 a Confrunt\u0103rilor<\/h2>\n\n\n\n<p class=\"wp-block-paragraph\">Prima sear\u0103 a confrunt\u0103rilor de la Vocea Rom\u00e2niei 2018 a avut loc pe 26 octombrie.&nbsp;<a href=\"https:\/\/www.infomusic.ro\/2018\/10\/concurentii-care-au-trecut-de-prima-serie-a-duelurilor-de-la-vocea-romaniei-2018-video\/\">\u0218ase duete \u0219i un trio au \u00eenc\u00e2ntat publicul<\/a>, show-ul aduc\u00e2ndu-le rom\u00e2nilor emo\u021bie, efervescen\u021b\u0103 \u0219i bucurie.<\/p>\n\n\n\n<p class=\"wp-block-paragraph\">A\u0219a cum a obi\u0219nuit \u0219i \u00een edi\u021biile trecute,&nbsp;<strong>Tudor Chiril\u0103<\/strong>&nbsp;\u0219i doi dintre concuren\u021bii s\u0103i au creat un moment impresionant \u00een prima sear\u0103 a confrunt\u0103rilor. Pl\u0103cut surprins\u0103,&nbsp;<strong>Irina Rimes<\/strong>&nbsp;l-a catalogat drept&nbsp;<a href=\"https:\/\/www.infomusic.ro\/2018\/10\/duelul-blues-considerat-de-irina-drept-unul-dintre-cele-mai-bune-de-la-vocea-romaniei\/\">&#8220;unul dintre cele mai bune duete&#8221;<\/a>&nbsp;de la Vocea Rom\u00e2niei.<\/p>\n","protected":false},"excerpt":{"rendered":"<p>Confrunt\u0103rile de la Vocea Rom\u00e2niei continu\u0103 vinerea aceasta cu noi momente inedite, at\u00e2t ale concuren\u021bilor, c\u00e2t \u0219i ale antrenorilor. \u00cen urm\u0103torul episod, Tudor Chiril\u0103 \u00eei va face Andrei o dedica\u021bie muzical\u0103, croit\u0103 pe gusturile ei. Vinerea aceasta,&nbsp;Andra&nbsp;va fi surprins\u0103 de alegerea muzical\u0103 pe care Tudor o face pentru dou\u0103 dintre concurentele din echipa lui. Aceast\u0103 [&hellip;]<\/p>\n","protected":false},"author":1,"featured_media":666,"comment_status":"open","ping_status":"open","sticky":false,"template":"","format":"standard","meta":{"_crdt_document":"","footnotes":""},"categories":[1],"tags":[],"class_list":["post-665","post","type-post","status-publish","format-standard","has-post-thumbnail","hentry","category-diverse"],"_links":{"self":[{"href":"https:\/\/news-fm.ro\/index.php\/wp-json\/wp\/v2\/posts\/665","targetHints":{"allow":["GET"]}}],"collection":[{"href":"https:\/\/news-fm.ro\/index.php\/wp-json\/wp\/v2\/posts"}],"about":[{"href":"https:\/\/news-fm.ro\/index.php\/wp-json\/wp\/v2\/types\/post"}],"author":[{"embeddable":true,"href":"https:\/\/news-fm.ro\/index.php\/wp-json\/wp\/v2\/users\/1"}],"replies":[{"embeddable":true,"href":"https:\/\/news-fm.ro\/index.php\/wp-json\/wp\/v2\/comments?post=665"}],"version-history":[{"count":0,"href":"https:\/\/news-fm.ro\/index.php\/wp-json\/wp\/v2\/posts\/665\/revisions"}],"wp:featuredmedia":[{"embeddable":true,"href":"https:\/\/news-fm.ro\/index.php\/wp-json\/wp\/v2\/media\/666"}],"wp:attachment":[{"href":"https:\/\/news-fm.ro\/index.php\/wp-json\/wp\/v2\/media?parent=665"}],"wp:term":[{"taxonomy":"category","embeddable":true,"href":"https:\/\/news-fm.ro\/index.php\/wp-json\/wp\/v2\/categories?post=665"},{"taxonomy":"post_tag","embeddable":true,"href":"https:\/\/news-fm.ro\/index.php\/wp-json\/wp\/v2\/tags?post=665"}],"curies":[{"name":"wp","href":"https:\/\/api.w.org\/{rel}","templated":true}]}}