{"id":6606,"date":"2023-12-22T20:10:30","date_gmt":"2023-12-22T20:10:30","guid":{"rendered":"https:\/\/news-fm.ro\/index.php\/2023\/12\/22\/pro-tv-difuzeaza-concertul-andra-traditional-2\/"},"modified":"2023-12-22T20:10:30","modified_gmt":"2023-12-22T20:10:30","slug":"pro-tv-difuzeaza-concertul-andra-traditional-2","status":"publish","type":"post","link":"https:\/\/news-fm.ro\/index.php\/2023\/12\/22\/pro-tv-difuzeaza-concertul-andra-traditional-2\/","title":{"rendered":"PRO TV difuzeaz\u0103 concertul Andra &#8211; Tradi\u021bional 2"},"content":{"rendered":"<p>Filmul PRO vine \u00een Ajunul Cr\u0103ciunului cu anima\u021bii, comedii \u0219i pelicule de aventur\u0103, numai bune de urm\u0103rit al\u0103turi de cei dragi. De-a lungul \u00eentregii zile, cei de acas\u0103 se vor vedea produc\u021bii cunoscute, precum &#8220;Familia Crood: Vremuri noi (Croods: A New Age)&#8221;, &#8220;Jack Frost&#8221; \u0219i &#8220;Oglind\u0103, oglinjoar\u0103 (Mirror Mirror)&#8221;. Ziua va fi completat\u0103 de un episod special din serialul &#8220;Las Fierbin\u021bi&#8221;.<\/p>\n<p>  Concert Andra &#8211; Tradi\u021bional 2 \u00een ziua de Cr\u0103ciun <\/p>\n<p>Cr\u0103ciunul aduce \u0219i o por\u021bie bun\u0103 de r\u00e2s pe 25 decembrie, atunci c\u00e2nd telespectatorii vor vedea o selec\u021bie de filme dedicate familiei, printre care se num\u0103r\u0103 &#8220;Ajutorul lui Mo\u0219 Cr\u0103ciun (Santa\u2019s Little Helper)&#8221;, &#8220;Singur acas\u0103 4 (Home Alone 4)&#8221;, &#8220;Grinch (Dr. Suess\u2019 The Grinch)&#8221; \u0219i &#8220;Cr\u0103ciunul cu familia Krank (Christmas With the Kranks)&#8221;.<\/p>\n<p>Concertul &#8220;Tradi\u021bional 2&#8221;, sus\u021binut de Andra, una dintre cele mai cunoscute artiste din Rom\u00e2nia, va fi difuzat la PRO TV, luni, \u00eencep\u00e2nd cu ora 14:00.<\/p>\n<p>Andra a bucurat anul acesta rom\u00e2nii cu o nou\u0103 produc\u021bie a show-ului &#8220;Tradi\u021bional&#8221;. Toate concertele din aceast\u0103 serie, at\u00e2t na\u021bionale, c\u00e2t \u0219i interna\u021bionale, au fost sold-out, iar participan\u021bii au fost martorii a dou\u0103 ore de muzic\u0103 live, dans \u0219i invita\u021bi speciali. De Cr\u0103ciun, cei care nu au putut asculta live concertul &#8220;Tradi\u021bional 2&#8221;, \u00eel pot urm\u0103ri la televizor.<\/p>\n<\/p>\n<p>Ziua de 25 decembrie se va termina cu filme care promit s\u0103 \u00eei \u021bin\u0103 pe telespectatori cu sufletul la gur\u0103: &#8220;355 (The 355)&#8221;, &#8220;Moarte pe Nil (Death on the Nile)&#8221; \u0219i &#8220;Cine a anulat Cr\u0103ciunul (Christmas is Canceled)&#8221;.<\/p>\n<p>Pe 26 decembrie, vor rula unele dintre cele mai \u00eendr\u0103gite comedii specifice s\u0103rb\u0103torilor de iarn\u0103. Printre ele se num\u0103r\u0103 &#8220;Acela\u0219i Cr\u0103ciun \u00een fiecare zi (Lacy\u2019s Christmas Do-Over)&#8221;, &#8220;Singur acas\u0103 5: Jaf de s\u0103rb\u0103tori (Home Alone: Holiday Heist)&#8221;, &#8220;O nou\u0103 poveste de Cr\u0103ciun (Last Christmas)&#8221; \u0219i &#8220;Pinguinii domnului Popper (Mr. Popper\u2019s Penguins)&#8221;.<\/p>\n<p> <a class=\"echo_read_more\" href=\"https:\/\/www.infomusic.ro\/2023\/12\/pro-tv-difuzeaza-concertul-andra-traditional-2\/\" target=\"_blank\" rel=\"noopener\">\u00a0\u00bb\u00a0Cite\u0219te continuarea pe pagina autorului<\/a><\/p>\n","protected":false},"excerpt":{"rendered":"<p>Filmul PRO vine \u00een Ajunul Cr\u0103ciunului cu anima\u021bii, comedii \u0219i pelicule de aventur\u0103, numai bune de urm\u0103rit al\u0103turi de cei dragi. De-a lungul \u00eentregii zile, cei de acas\u0103 se vor vedea produc\u021bii cunoscute, precum &#8220;Familia Crood: Vremuri noi (Croods: A New Age)&#8221;, &#8220;Jack Frost&#8221; \u0219i &#8220;Oglind\u0103, oglinjoar\u0103 (Mirror Mirror)&#8221;. Ziua va fi completat\u0103 de un [&hellip;]<\/p>\n","protected":false},"author":1,"featured_media":6607,"comment_status":"open","ping_status":"open","sticky":false,"template":"","format":"standard","meta":{"_crdt_document":"","footnotes":""},"categories":[4],"tags":[],"class_list":["post-6606","post","type-post","status-publish","format-standard","has-post-thumbnail","hentry","category-noutati"],"_links":{"self":[{"href":"https:\/\/news-fm.ro\/index.php\/wp-json\/wp\/v2\/posts\/6606","targetHints":{"allow":["GET"]}}],"collection":[{"href":"https:\/\/news-fm.ro\/index.php\/wp-json\/wp\/v2\/posts"}],"about":[{"href":"https:\/\/news-fm.ro\/index.php\/wp-json\/wp\/v2\/types\/post"}],"author":[{"embeddable":true,"href":"https:\/\/news-fm.ro\/index.php\/wp-json\/wp\/v2\/users\/1"}],"replies":[{"embeddable":true,"href":"https:\/\/news-fm.ro\/index.php\/wp-json\/wp\/v2\/comments?post=6606"}],"version-history":[{"count":0,"href":"https:\/\/news-fm.ro\/index.php\/wp-json\/wp\/v2\/posts\/6606\/revisions"}],"wp:featuredmedia":[{"embeddable":true,"href":"https:\/\/news-fm.ro\/index.php\/wp-json\/wp\/v2\/media\/6607"}],"wp:attachment":[{"href":"https:\/\/news-fm.ro\/index.php\/wp-json\/wp\/v2\/media?parent=6606"}],"wp:term":[{"taxonomy":"category","embeddable":true,"href":"https:\/\/news-fm.ro\/index.php\/wp-json\/wp\/v2\/categories?post=6606"},{"taxonomy":"post_tag","embeddable":true,"href":"https:\/\/news-fm.ro\/index.php\/wp-json\/wp\/v2\/tags?post=6606"}],"curies":[{"name":"wp","href":"https:\/\/api.w.org\/{rel}","templated":true}]}}