{"id":6604,"date":"2023-12-22T04:08:40","date_gmt":"2023-12-22T04:08:40","guid":{"rendered":"https:\/\/news-fm.ro\/index.php\/2023\/12\/22\/korn-concerteaza-in-europa-in-2024-unde-ii-putem-vedea\/"},"modified":"2023-12-22T04:08:40","modified_gmt":"2023-12-22T04:08:40","slug":"korn-concerteaza-in-europa-in-2024-unde-ii-putem-vedea","status":"publish","type":"post","link":"https:\/\/news-fm.ro\/index.php\/2023\/12\/22\/korn-concerteaza-in-europa-in-2024-unde-ii-putem-vedea\/","title":{"rendered":"Korn concerteaz\u0103 \u00een Europa \u00een 2024; Unde \u00eei putem vedea?"},"content":{"rendered":"<p><a href=\"https:\/\/www.infomusic.ro\/stiri\/muzica\/muzica-noua\/\">Muzic\u0103 nou\u0103<\/a>  Korn anun\u0163\u0103 o colaborare cu ADIDAS \u015fi va lansa ceva special pe 27 octombrie <\/p>\n<p>Korn are o istorie \u00eendelungat\u0103 cu brandul Adidas, dar nu una oficial\u0103. Chiar dac\u0103 solistul Jonathan Davis se \u00eembrac\u0103 numai \u00een haine Adidas modificate special pentru el, de abia acum s-a pus de o colaborare \u00eentre trup\u0103 \u015fi brand.<\/p>\n<p><img loading=\"lazy\" alt src=\"https:\/\/secure.gravatar.com\/avatar\/ee005f72e5991809a79a3166fc02dae9?s=46&#038;d=blank&#038;r=g\"  height=\"46\" width=\"46\" loading=\"lazy\" decoding=\"async\"\/> <\/p>\n<p>Publicat<\/p>\n<p>acum 2 luni<\/p>\n<p>pe<\/p>\n<p>22\/10\/2023 <\/p>\n<p><img loading=\"lazy\" width=\"1000\" height=\"667\" src=\"https:\/\/static.infomusic.ro\/media\/2023\/10\/colaborare-korn-adidas-2023-1000x667.jpg\" alt=\"Colaborare Korn Adidas 2023\" decoding=\"async\" loading=\"lazy\"\/> <\/p>\n<p> Colaborare Korn Adidas 2023 \u2502 FOTO: Korn <\/p>\n<p>Korn \u015fi-a unit for\u0163ele cu Adidas Originals pentru a lansa o colec\u0163ie special\u0103 de produse pe 27 octombrie. Trupa \u00ee\u015fi f\u0103cea apari\u0163ia pe scena rock-ului alternativ cu 30 de ani \u00een urm\u0103, venind cu o estetic\u0103 mai apropiat\u0103 de hip-hop. Muzicienii aveau dread-uri \u015fi se \u00eembr\u0103cau sport. O genera\u0163ie \u00eentreag\u0103 de fani a \u00eenceput s\u0103 poarte treninguri Adidas.<\/p>\n<p>Korn a avut \u015fi o pies\u0103 &#8220;A.D.I.D.A.S&#8221; \u00een 1996, dar aceea mai degrab\u0103 a \u015fubrezit rela\u0163ia cu brandul. Asta pentru c\u0103 este un acronim de la &#8220;All Day I Dream About Sex&#8221;. Lucrurile s-au \u00eenc\u0103lzit \u00eentre timp \u00eentre trup\u0103 \u015fi brandul de haine, iar colec\u0163ia colaborativa folose\u015fte un stil inspirat de albumul &#8220;Life is Peachy&#8221; din 1996. Include dou\u0103 tricouri, un hanorac cu logo-ul cu 3 dungi \u015fi cu cel al trupei pe fa\u0163\u0103, plus dou\u0103 variante unice de trening.<\/p>\n<p>Unul vine pe negru cu accente albe \u015fi altul este mov \u015fi lucios. Va exista \u015fi o colec\u0163ie de pantofi sport, o edi\u0163ie custom de Campus 00s \u015fi o edi\u0163ie special\u0103 de Supermodified. Ambele au simboluri Korn \u015fi extra-uri, precum un breloc \u00een form\u0103 de pan\u0103 de chitar\u0103 \u015fi o cutie special branduit\u0103. Produsele se vor g\u0103si pe <a href=\"https:\/\/www.adidas.com\/us\/korn\">adidas.com<\/a> \u015fi la anumi\u0163i retaileri.<\/p>\n<p>Revista Kerrang! scria \u00een 2021 ca Adidas le-a oferit celor de la Korn produse gratuite spre final de ani 1990, dar nu a dorit s\u0103 semneze un contract cu forma\u0163ia. Astfel \u00een 1998 Korn semna o \u00een\u0163elegere cu Puma. Ultimul album lansat de <a href=\"https:\/\/www.infomusic.ro\/videoclip\/korn-worst-is-on-its-way\/\">Korn<\/a> a fost &#8220;Requiem&#8221; \u00een 2022, care venea dup\u0103 &#8220;The Nothing&#8221; din 2019. Am abut \u015fi o edi\u0163ie special\u0103 &#8220;Requiem Mass&#8221;, \u00eenregistrat\u0103 \u00eentr-o biseric\u0103 veche. E un EP de fapt de piese live, care a implicat o veritabil\u0103 ceremonie la care au participat 300 de persoane.<\/p>\n<\/p>\n<p>\u00cen cadrul ceremoniei erau comemorate persoanele care au murit de Covid. <a href=\"https:\/\/www.infomusic.ro\/2022\/02\/korn-a-lansat-piesa-muscatoare-lost-in-the-grandeur-audio\/\">Korn<\/a> are la activ 14 albume, inclusiv unele experimentale, precum &#8220;Path of Totality&#8221;, pe care cocheta cu drum &#8216;n bass \u015fi dubstep.<\/p>\n<p> <a class=\"echo_read_more\" href=\"https:\/\/www.infomusic.ro\/2023\/12\/korn-concerteaza-in-europa-in-2024-unde-ii-putem-vedea\/\" target=\"_blank\" rel=\"noopener\">\u00a0\u00bb\u00a0Cite\u0219te continuarea pe pagina autorului<\/a><\/p>\n","protected":false},"excerpt":{"rendered":"<p>Muzic\u0103 nou\u0103 Korn anun\u0163\u0103 o colaborare cu ADIDAS \u015fi va lansa ceva special pe 27 octombrie Korn are o istorie \u00eendelungat\u0103 cu brandul Adidas, dar nu una oficial\u0103. Chiar dac\u0103 solistul Jonathan Davis se \u00eembrac\u0103 numai \u00een haine Adidas modificate special pentru el, de abia acum s-a pus de o colaborare \u00eentre trup\u0103 \u015fi brand. [&hellip;]<\/p>\n","protected":false},"author":1,"featured_media":6605,"comment_status":"open","ping_status":"open","sticky":false,"template":"","format":"standard","meta":{"_crdt_document":"","footnotes":""},"categories":[4],"tags":[],"class_list":["post-6604","post","type-post","status-publish","format-standard","has-post-thumbnail","hentry","category-noutati"],"_links":{"self":[{"href":"https:\/\/news-fm.ro\/index.php\/wp-json\/wp\/v2\/posts\/6604","targetHints":{"allow":["GET"]}}],"collection":[{"href":"https:\/\/news-fm.ro\/index.php\/wp-json\/wp\/v2\/posts"}],"about":[{"href":"https:\/\/news-fm.ro\/index.php\/wp-json\/wp\/v2\/types\/post"}],"author":[{"embeddable":true,"href":"https:\/\/news-fm.ro\/index.php\/wp-json\/wp\/v2\/users\/1"}],"replies":[{"embeddable":true,"href":"https:\/\/news-fm.ro\/index.php\/wp-json\/wp\/v2\/comments?post=6604"}],"version-history":[{"count":0,"href":"https:\/\/news-fm.ro\/index.php\/wp-json\/wp\/v2\/posts\/6604\/revisions"}],"wp:featuredmedia":[{"embeddable":true,"href":"https:\/\/news-fm.ro\/index.php\/wp-json\/wp\/v2\/media\/6605"}],"wp:attachment":[{"href":"https:\/\/news-fm.ro\/index.php\/wp-json\/wp\/v2\/media?parent=6604"}],"wp:term":[{"taxonomy":"category","embeddable":true,"href":"https:\/\/news-fm.ro\/index.php\/wp-json\/wp\/v2\/categories?post=6604"},{"taxonomy":"post_tag","embeddable":true,"href":"https:\/\/news-fm.ro\/index.php\/wp-json\/wp\/v2\/tags?post=6604"}],"curies":[{"name":"wp","href":"https:\/\/api.w.org\/{rel}","templated":true}]}}