{"id":655,"date":"2018-10-24T05:37:00","date_gmt":"2018-10-24T05:37:00","guid":{"rendered":"http:\/\/news-fm.ro\/?p=655"},"modified":"2018-10-24T05:37:02","modified_gmt":"2018-10-24T05:37:02","slug":"raluca-raducanu-revine-cu-proiectul-fata-cu-vioara-band","status":"publish","type":"post","link":"https:\/\/news-fm.ro\/index.php\/2018\/10\/24\/raluca-raducanu-revine-cu-proiectul-fata-cu-vioara-band\/","title":{"rendered":"Raluca R\u0103ducanu revine cu proiectul Fata cu Vioara &#038; Band"},"content":{"rendered":"\n<p class=\"wp-block-paragraph\">Cunoscut\u0103 sub numele de \u201cFata cu Vioara\u201d, Raluca R\u0103ducanu, solist\u0103 \u015fi violonist\u0103, lanseaz\u0103 Fata cu Vioara &amp; Band, odat\u0103 cu prima pies\u0103 reorchestrat\u0103 a trupei. Fosta participant\u0103 la concursul X Factor, Raluca R\u0103ducanu a fost remarcat\u0103 \u0219i de c\u0103tre X Factor Global datorit\u0103 momentului ei inedit.<\/p>\n\n\n\n<figure class=\"wp-block-image\"><img decoding=\"async\" src=\"https:\/\/static.infomusic.ro\/media\/2018\/10\/Raluca-Raducanu-800x533.jpg\" alt=\"\" class=\"wp-image-117621\"\/><\/figure>\n\n\n\n<p class=\"wp-block-paragraph\"><\/p>\n\n\n\n<p class=\"wp-block-paragraph\">Raluca R\u0103ducanu revine cu piesa&nbsp;<strong>\u201c\u00centr-o zi la poarta mea\u201d<\/strong>&nbsp;a celebrei interprete de muzic\u0103 popular\u0103 Gabi Lunc\u0103; melodia este reorchestrat\u0103 \u00eentr-o manier\u0103 fresh \u0219i av\u00e2nd influen\u021be din folclor, rock, pop \u0219i funk.<\/p>\n\n\n\n<blockquote class=\"wp-block-quote is-layout-flow wp-block-quote-is-layout-flow\"><p>\u201cMi-am dorit de foarte mult timp acest proiect \u0219i sunt m\u00e2ndr\u0103 c\u0103 visul meu a devenit realitate. \u00cempreun\u0103 cu echipa ne-am propus s\u0103 venim cu o abordare ie\u0219it\u0103 din tipare, care s\u0103 reflecte un mix muzical perfect \u00eentre tradi\u021bie \u0219i modern. Cred cu t\u0103rie \u00een aceast\u0103 formul\u0103 \u0219i sunt convins\u0103 c\u0103 prin munc\u0103 \u0219i dedicare, Fata cu Vioara &amp; Band va ajunge \u00een cur\u00e2nd un brand cu rezonan\u021b\u0103 \u00een industrie\u201d, a spus Raluca R\u0103ducanu, fondatoarea \u015fi solista violonist\u0103 a proiectului Fata cu Vioara &amp; Band.<\/p><\/blockquote>\n\n\n\n<p class=\"wp-block-paragraph\">Anul acesta, Raluca s-a bucurat de \u00eenc\u0103 o realizare notabil\u0103 pentru cariera ei de muzician profesionist: interpretarea solo de la concursul X Factor Rom\u00e2nia prin intermediul c\u0103ruia a fost remarcat\u0103 \u0219i de c\u0103tre&nbsp;<strong>X Factor Global<\/strong>, momentul ei prezent\u00e2nd o abordare inedit\u0103 datorit\u0103 conceptului vioar\u0103-voce, o formul\u0103 neobi\u0219nuit\u0103 \u00een competi\u021biile de gen.<\/p>\n\n\n\n<p class=\"wp-block-paragraph\"><strong>Fata cu Vioara &amp; Band<\/strong>&nbsp;este un proiect fondat al\u0103turi de \u0219apte tineri arti\u0219ti ai Universit\u0103\u021bii Na\u021bionale de Muzic\u0103 din Bucure\u0219ti, \u00een cadrul c\u0103reia Raluca a urmat cursurile Facult\u0103\u021bii de Interpretare Muzical\u0103. Piesa \u201c\u00centr-o zi la poarta mea\u201d a fost \u00eenregistrat\u0103 cu Andu Karman la studiourile Melody Nation. \u00cen trecut, artista a participat \u0219i la Eurovision.<\/p>\n\n\n\n<p class=\"wp-block-paragraph\">Atenta \u00eendrumare a tat\u0103lui, c\u00e2t \u0219i exigen\u021ba profesorilor au determinat-o pe&nbsp;<strong>Raluca<\/strong>&nbsp;s\u0103 progreseze, dorindu-\u0219i o adev\u0103rat\u0103 carier\u0103 ca muzician. Dup\u0103 terminarea liceului, drumul ei c\u0103tre perfec\u021bionare a dus-o la Bucure\u0219ti, pe treptele Facult\u0103\u021bii de Interpretare Muzical\u0103, din cadrul Universit\u0103\u021bii Na\u021bionale de Muzic\u0103 (UNMB). Pe perioada studiilor din cadrul UNMB, Raluca s-a familiarizat \u00een scurt timp cu scena, sus\u021bin\u00e2nd recitaluri \u0219i concerte, dar \u0219i cu mediul competitiv specific profesiei de violonist, particip\u00e2nd \u0219i c\u00e2\u0219tig\u00e2nd premii la diferite concursuri din industrie.<\/p>\n\n\n\n<p class=\"wp-block-paragraph\">Dup\u0103 terminarea facult\u0103\u021bii,&nbsp;<strong>Raluca<\/strong>&nbsp;a explorat noi abord\u0103ri \u00een muzic\u0103. Cu o educa\u021bie solid\u0103 \u00een spate, \u00een ceea ce prive\u0219te muzica popular\u0103 \u0219i cea clasic\u0103, Raluca \u0219i-a \u00eendreptat aten\u021bia \u0219i c\u0103tre alte genuri muzicale. Astfel, \u00eenc\u0103 din perioada studiilor, Raluca a avut o pasiune \u00een continu\u0103 dezvoltare pentru muzica popular\u0103 autohton\u0103.<\/p>\n\n\n\n<p class=\"wp-block-paragraph\">\u00cen anul 2011, \u00eenregistra prima pies\u0103 solo \u00een studio, \u00een posturile de solist vocal \u0219i violonist. Pe l\u00e2ng\u0103 presta\u021biile solo pe care le are ca invitat special,&nbsp;<strong>Fata cu Vioara<\/strong>&nbsp;colaboreaz\u0103 ca solist\u0103 &#8211; violonist\u0103 al\u0103turi de banduri consacrate din \u0163ar\u0103. Vocea artistei reflect\u0103 un mix perfect \u00eentre o educa\u021bie muzical\u0103 solid\u0103, inova\u021bie \u0219i creativitate, acestea fiind doar c\u00e2teva dintre elementele cu care \u00ee\u0219i \u00eenc\u00e2nt\u0103 publicul.<\/p>\n\n\n\n<figure class=\"wp-block-embed-youtube wp-block-embed is-type-video is-provider-youtube wp-embed-aspect-16-9 wp-has-aspect-ratio\"><div class=\"wp-block-embed__wrapper\">\n<iframe title=\"UNSUAL VIOLIN Cover on The X Factor Romania! | X Factor Global\" width=\"1140\" height=\"641\" src=\"https:\/\/www.youtube.com\/embed\/x4qT1vlSeIY?start=210&#038;feature=oembed\" frameborder=\"0\" allow=\"accelerometer; autoplay; clipboard-write; encrypted-media; gyroscope; picture-in-picture; web-share\" allowfullscreen><\/iframe>\n<\/div><\/figure>\n","protected":false},"excerpt":{"rendered":"<p>Cunoscut\u0103 sub numele de \u201cFata cu Vioara\u201d, Raluca R\u0103ducanu, solist\u0103 \u015fi violonist\u0103, lanseaz\u0103 Fata cu Vioara &amp; Band, odat\u0103 cu prima pies\u0103 reorchestrat\u0103 a trupei. Fosta participant\u0103 la concursul X Factor, Raluca R\u0103ducanu a fost remarcat\u0103 \u0219i de c\u0103tre X Factor Global datorit\u0103 momentului ei inedit. Raluca R\u0103ducanu revine cu piesa&nbsp;\u201c\u00centr-o zi la poarta mea\u201d&nbsp;a [&hellip;]<\/p>\n","protected":false},"author":1,"featured_media":656,"comment_status":"open","ping_status":"open","sticky":false,"template":"","format":"standard","meta":{"_crdt_document":"","footnotes":""},"categories":[4,3],"tags":[],"class_list":["post-655","post","type-post","status-publish","format-standard","has-post-thumbnail","hentry","category-noutati","category-stars"],"_links":{"self":[{"href":"https:\/\/news-fm.ro\/index.php\/wp-json\/wp\/v2\/posts\/655","targetHints":{"allow":["GET"]}}],"collection":[{"href":"https:\/\/news-fm.ro\/index.php\/wp-json\/wp\/v2\/posts"}],"about":[{"href":"https:\/\/news-fm.ro\/index.php\/wp-json\/wp\/v2\/types\/post"}],"author":[{"embeddable":true,"href":"https:\/\/news-fm.ro\/index.php\/wp-json\/wp\/v2\/users\/1"}],"replies":[{"embeddable":true,"href":"https:\/\/news-fm.ro\/index.php\/wp-json\/wp\/v2\/comments?post=655"}],"version-history":[{"count":0,"href":"https:\/\/news-fm.ro\/index.php\/wp-json\/wp\/v2\/posts\/655\/revisions"}],"wp:featuredmedia":[{"embeddable":true,"href":"https:\/\/news-fm.ro\/index.php\/wp-json\/wp\/v2\/media\/656"}],"wp:attachment":[{"href":"https:\/\/news-fm.ro\/index.php\/wp-json\/wp\/v2\/media?parent=655"}],"wp:term":[{"taxonomy":"category","embeddable":true,"href":"https:\/\/news-fm.ro\/index.php\/wp-json\/wp\/v2\/categories?post=655"},{"taxonomy":"post_tag","embeddable":true,"href":"https:\/\/news-fm.ro\/index.php\/wp-json\/wp\/v2\/tags?post=655"}],"curies":[{"name":"wp","href":"https:\/\/api.w.org\/{rel}","templated":true}]}}