{"id":652,"date":"2018-10-24T05:33:59","date_gmt":"2018-10-24T05:33:59","guid":{"rendered":"http:\/\/news-fm.ro\/?p=652"},"modified":"2018-10-24T05:34:00","modified_gmt":"2018-10-24T05:34:00","slug":"dupa-18-ani-trupa-iedera-revine-cu-o-piesa-noua","status":"publish","type":"post","link":"https:\/\/news-fm.ro\/index.php\/2018\/10\/24\/dupa-18-ani-trupa-iedera-revine-cu-o-piesa-noua\/","title":{"rendered":"Dup\u0103 18 ani, trupa Iedera revine cu o pies\u0103 nou\u0103"},"content":{"rendered":"\n<p class=\"wp-block-paragraph\">Noul single al trupei Iedera, &#8220;Las\u0103-m\u0103 s\u0103 cresc&#8221;, este compus \u00eempreun\u0103 cu b\u0103ie\u021bii de la Trupa Zero. Melodia este \u00eenso\u021bit\u0103 de un videoclip care surprinde imagini de la Festivalul\u00a0Old Blacks, Rock &amp; More, unde a fost prezentat\u0103 publicului pentru prima oar\u0103.<\/p>\n\n\n\n<figure class=\"wp-block-image\"><img decoding=\"async\" src=\"https:\/\/static.infomusic.ro\/media\/2018\/10\/iedera-festival-old-blacks-and-more-800x534.jpg\" alt=\"Trupa Iedera - Old Blacks, Rock and more\" class=\"wp-image-117631\"\/><\/figure>\n\n\n\n<p class=\"wp-block-paragraph\">Trupa Iedera &#8211; Old Blacks, Rock and more (foto: Htag PR)Urm\u0103re\u0219te-ne pe&nbsp;<\/p>\n\n\n\n<p class=\"wp-block-paragraph\">&#8220;Las\u0103-m\u0103 s\u0103 cresc, s\u0103-mi fac loc, \u00een lumea asta plin\u0103 de foc!&#8221;. A\u0219a \u00eencepe noul single lansat de trupa\u00a0<strong>Iedera<\/strong>, cea care \u00een urm\u0103 cu 18 ani se num\u0103r\u0103 printre primele trupe care d\u0103deau tonul \u00een muzica alternativ\u0103 din Rom\u00e2nia, cu piese precum &#8220;Am tricou cu superman&#8221; \u0219i &#8220;Mai tare ca maneaua&#8221;.<\/p>\n\n\n\n<p class=\"wp-block-paragraph\">Cei trei membri principali, Costel Andrei (voce), Gelu Bodrug (voce) \u0219i Ionu\u021b Dragomir (clape) au colaborat cu Trupa Zero \u00een cadrul festivalului &#8220;Old Blacks, Rock &amp; More&#8221; de la Arenele Romane, pe 25 mai 2018, c\u00e2nd publicul s-a bucurat de re\u00eent\u00e2lnirea cu o trup\u0103 care revenise pe scen\u0103 dup\u0103 at\u00e2t de mult timp. De\u0219i cei mai tineri nu-i \u0219tiau deloc, \u00een timp ce al\u021bii \u0219i-i aminteau cu nostalgie, cert este c\u0103 mul\u021bimea a explodat \u0219i s-a animat, mai bine de o or\u0103, pe muzica lor.<\/p>\n\n\n\n<p class=\"wp-block-paragraph\">C\u00e2ntat\u0103 publicului \u00een premier\u0103 la prima edi\u021bie a Festivalului &#8220;Old Blacks, Rock &amp; More&#8221;, piesa&nbsp;<strong>&#8220;Las\u0103-m\u0103 s\u0103 cresc&#8221;<\/strong>&nbsp;a st\u00e2rnit reac\u021bii nea\u0219teptat de bune \u00een r\u00e2ndul publicului.<\/p>\n\n\n\n<blockquote class=\"wp-block-quote is-layout-flow wp-block-quote-is-layout-flow\"><p>&#8220;De\u0219i refrenul zice &lt;D\u0103-i cu hate, d\u0103-i cu hate&gt;, noi sper\u0103m s\u0103-i da\u021bi cu &#8220;Love&#8221;. Piesa, f\u0103cut\u0103 \u00een colaborare cu b\u0103ie\u021bii de la Trupa Zero, care ne sunt buni prieteni, are un mesaj pozitiv \u0219i reflect\u0103 vremurile \u00een care tr\u0103im&#8221; poveste\u0219te Costel Andrei, unul dintre fondatorii trupei Iedera.<\/p><\/blockquote>\n\n\n\n<p class=\"wp-block-paragraph\">Datorit\u0103 reac\u021biilor pozitive de la festival, b\u0103ie\u021bii au decis s\u0103 \u00eei fac\u0103 \u0219i un videoclip, regizat \u0219i montat chiar de Alex Piscunov de la Trupa Zero.<\/p>\n\n\n\n<blockquote class=\"wp-block-quote is-layout-flow wp-block-quote-is-layout-flow\"><p>&#8220;Cred c\u0103 imaginile de la Old Blacks redau cel mai bine energia piesei, nici nu am vrut s\u0103 avem vreo regie deosbita, ci pur \u0219i simplu am vrut s\u0103 ar\u0103t\u0103m fix atmosfera de la festival, unde reac\u021bia publicului a fost foarte tare&#8221; poveste\u0219te Alex.<\/p><\/blockquote>\n\n\n\n<p class=\"wp-block-paragraph\">Melodia\u00a0<strong>&#8220;Las\u0103-m\u0103 s\u0103 cresc&#8221;<\/strong>\u00a0are un mesaj pozitiv, despre lupta \u00eempotriva a tot ceea ce ne abate de la drumul pe care ni-l croim prin via\u021b\u0103 cu propriile for\u021be. Vocile care se aud \u00een pies\u0103 apar\u021bin copiilor Ansamblului &#8220;Dorule\u021bul&#8221; din Chitila ale c\u0103ror voci se aud pe pies\u0103, scoate \u0219i mai mult \u00een eviden\u021b\u0103 mesajul cu privire la viitorul tinerilor care trebuie s\u0103 \u00ee\u0219i cl\u0103deasc\u0103 singuri viitorul, cu perseveren\u021b\u0103 \u0219i maturitate.<\/p>\n\n\n\n<figure class=\"wp-block-embed-youtube wp-block-embed is-type-video is-provider-youtube wp-embed-aspect-16-9 wp-has-aspect-ratio\"><div class=\"wp-block-embed__wrapper\">\n<iframe title=\"Iedera - Lasa-ma Sa Cresc @ OldBlacks 2018\" width=\"1140\" height=\"641\" src=\"https:\/\/www.youtube.com\/embed\/a3cFyDm9IsE?feature=oembed\" frameborder=\"0\" allow=\"accelerometer; autoplay; clipboard-write; encrypted-media; gyroscope; picture-in-picture; web-share\" allowfullscreen><\/iframe>\n<\/div><\/figure>\n","protected":false},"excerpt":{"rendered":"<p>Noul single al trupei Iedera, &#8220;Las\u0103-m\u0103 s\u0103 cresc&#8221;, este compus \u00eempreun\u0103 cu b\u0103ie\u021bii de la Trupa Zero. Melodia este \u00eenso\u021bit\u0103 de un videoclip care surprinde imagini de la Festivalul\u00a0Old Blacks, Rock &amp; More, unde a fost prezentat\u0103 publicului pentru prima oar\u0103. Trupa Iedera &#8211; Old Blacks, Rock and more (foto: Htag PR)Urm\u0103re\u0219te-ne pe&nbsp; &#8220;Las\u0103-m\u0103 s\u0103 [&hellip;]<\/p>\n","protected":false},"author":1,"featured_media":653,"comment_status":"open","ping_status":"open","sticky":false,"template":"","format":"standard","meta":{"_crdt_document":"","footnotes":""},"categories":[5,2],"tags":[],"class_list":["post-652","post","type-post","status-publish","format-standard","has-post-thumbnail","hentry","category-melodii","category-trupe"],"_links":{"self":[{"href":"https:\/\/news-fm.ro\/index.php\/wp-json\/wp\/v2\/posts\/652","targetHints":{"allow":["GET"]}}],"collection":[{"href":"https:\/\/news-fm.ro\/index.php\/wp-json\/wp\/v2\/posts"}],"about":[{"href":"https:\/\/news-fm.ro\/index.php\/wp-json\/wp\/v2\/types\/post"}],"author":[{"embeddable":true,"href":"https:\/\/news-fm.ro\/index.php\/wp-json\/wp\/v2\/users\/1"}],"replies":[{"embeddable":true,"href":"https:\/\/news-fm.ro\/index.php\/wp-json\/wp\/v2\/comments?post=652"}],"version-history":[{"count":0,"href":"https:\/\/news-fm.ro\/index.php\/wp-json\/wp\/v2\/posts\/652\/revisions"}],"wp:featuredmedia":[{"embeddable":true,"href":"https:\/\/news-fm.ro\/index.php\/wp-json\/wp\/v2\/media\/653"}],"wp:attachment":[{"href":"https:\/\/news-fm.ro\/index.php\/wp-json\/wp\/v2\/media?parent=652"}],"wp:term":[{"taxonomy":"category","embeddable":true,"href":"https:\/\/news-fm.ro\/index.php\/wp-json\/wp\/v2\/categories?post=652"},{"taxonomy":"post_tag","embeddable":true,"href":"https:\/\/news-fm.ro\/index.php\/wp-json\/wp\/v2\/tags?post=652"}],"curies":[{"name":"wp","href":"https:\/\/api.w.org\/{rel}","templated":true}]}}