{"id":6392,"date":"2023-10-31T00:09:56","date_gmt":"2023-10-31T00:09:56","guid":{"rendered":"https:\/\/news-fm.ro\/index.php\/2023\/10\/31\/moartea-lui-john-lennon-devine-subiectul-unui-documentar-narat-de-kiefer-sutherland\/"},"modified":"2023-10-31T00:09:56","modified_gmt":"2023-10-31T00:09:56","slug":"moartea-lui-john-lennon-devine-subiectul-unui-documentar-narat-de-kiefer-sutherland","status":"publish","type":"post","link":"https:\/\/news-fm.ro\/index.php\/2023\/10\/31\/moartea-lui-john-lennon-devine-subiectul-unui-documentar-narat-de-kiefer-sutherland\/","title":{"rendered":"Moartea lui John Lennon devine subiectul unui documentar narat de Kiefer Sutherland"},"content":{"rendered":"<p><a href=\"https:\/\/www.infomusic.ro\/stiri\/muzica\/muzica-noua\/\">Muzic\u0103 nou\u0103<\/a>  The Beatles anun\u0163\u0103 lansarea melodiei finale &#8220;Now and Then&#8221;, cu vocea lui John Lennon <\/p>\n<p>The Beatles a anun\u0163at \u00een sf\u00e2r\u015fit lansarea legendarei piese &#8220;Now and Then&#8221;, melodia sa final\u0103. Ea va sosi \u00eempreun\u0103 cu variante modernizate ale albumelor &#8220;Red&#8221; \u015fi &#8220;Blue&#8221;. Mai multe informa\u0163ii \u015fi un trailer g\u0103si\u0163i mai jos.<\/p>\n<p><img loading=\"lazy\" alt src=\"https:\/\/secure.gravatar.com\/avatar\/ee005f72e5991809a79a3166fc02dae9?s=46&#038;d=blank&#038;r=g\"  height=\"46\" width=\"46\" loading=\"lazy\" decoding=\"async\"\/> <\/p>\n<p>Publicat<\/p>\n<p>acum 2 zile<\/p>\n<p>pe<\/p>\n<p>28\/10\/2023 <\/p>\n<p><img loading=\"lazy\" width=\"1000\" height=\"667\" src=\"https:\/\/static.infomusic.ro\/media\/2023\/10\/coperta-single-beatles-now-and-then-1000x667.jpg\" alt=\"Coperta single Beatles Now and Then\" decoding=\"async\" loading=\"lazy\"\/> <\/p>\n<p> Coperta single Beatles Now and Then \u2502 FOTO: Beatles <\/p>\n<p>Single-ul s-a l\u0103sat a\u015fteptat ceva vreme \u015fi poart\u0103 semn\u0103tura lui Paul McCartney \u015fi Ringo Starr. Ceilal\u0163i membri Beatles, George Harrison \u015fi John Lennon sunt <a href=\"https:\/\/www.infomusic.ro\/2023\/06\/the-beatles-va-lansa-o-melodie-finala-cu-john-lennon-refacuta-cu-ajutorul-ai-ului\/\">\u00eenlocui\u0163i de&#8230; AI.<\/a> Dorin\u0163a a fost de a crea &#8220;ultima pies\u0103 cu to\u0163i cei 4 Beatle\u015fi&#8221;. Vestea vine dup\u0103 o s\u0103pt\u0103m\u00e2n\u0103 \u00eentreag\u0103 de teasere care implicau o caset\u0103 audio, postate pe conturile de social media ale trupei.<\/p>\n<p>\u00cen plus imaginile erau proiectate \u015fi \u00een Liverpool, ora\u015ful de ba\u015ftin\u0103 al acestui grup legendar. Melodia se nume\u015fte &#8220;Now and Then&#8221; \u015fi nu e chiar nou\u0103. John Lennon a compus \u015fi \u00eenregistrat un demo al s\u0103u \u00een anii 1970. Pe atunci era doar pian \u015fi voce \u015fi compozi\u0163ia lua na\u015ftere \u00een New York. Dup\u0103 moartea sa, so\u0163ia, Yoko Ono i-a oferit \u00eenregistrarea lui Paul McCartney, Harrison \u015fi Starr. Asta se \u00eent\u00e2mpl\u0103 \u00een 1994, cei 3 primind \u015fi alte demo-uri, &#8220;Free As a Bird&#8221; \u015fi &#8220;Real Love&#8221;.<\/p>\n<p>Ambele au fost finalizate \u015fi lansate ca melodii &#8220;noi&#8221; <a href=\"https:\/\/www.infomusic.ro\/videoclip\/the-beatles-here-there-and-everywhere\/\">Beatles<\/a> \u00een anii 1990, ca parte a proiectului Beatles Anthology. De atunci p\u00e2n\u0103 acum s-a lucrat \u015fi la &#8220;Now and Then&#8221;, dar limit\u0103rile tehnologice au f\u0103cut imposibil\u0103 lansarea unei versiuni curate. S-a lucrat cu produc\u0103torul Jeff Lynne, dar pur \u015fi simplu vocea lui Lennon \u015fi pianul nu puteau fi separate pentru un mixaj mai curat.<\/p>\n<p>Apoi \u00een 2021 regizorul Peter Jackson, cunoscut pentru trilogiile &#8220;Hobbitul&#8221; \u015fi &#8220;Lord of the Rings&#8221; a lansat documentarul Beatles &#8220;Get Back&#8221;. Acolo a folosit tehnologia audio WingNut Filmas MAL pentru a de-mixa coloana sonor\u0103 mono a filmului. A izolat apoi instrumentele \u015fi vocea \u015fi a scos \u00een eviden\u0163\u0103 discu\u0163iile din fundal.<\/p>\n<\/p>\n<p>Aceea\u015fi tehnologie avea s\u0103 fie pus\u0103 la treab\u0103 pentru edi\u0163ia remixata a albumului Beatles &#8220;Revolver&#8221;, lansat \u00een 2022. \u015ei acum&#8230; la fel pentru pies\u0103 cu Lennon, &#8220;Now and Then&#8221;. Vocea lui John se aude &#8220;cristal de clar&#8221;, conform lui McCartney, care se declar\u0103 emo\u0163ionat de proiect. Melodia include \u015fi p\u0103r\u0163ile de chitar\u0103 acustic\u0103 \u015fi electric\u0103 \u00eenregistrate de Harrison \u00een 1995, plus o \u00eenregistrare nou\u0103 de tobe de la Starr, care aduce \u015fi backing vocals.<\/p>\n<p>McCartney s-a ocupat de chitar\u0103 bas \u015fi backing vocals, plus o parte de chitar\u0103 slide. Lansarea are loc pe 2 noiembrie 2023, cu \u00eenc\u0103 o parte a discului incluz\u00e2nd single-ul &#8220;Love Me Do&#8221;, primul lansat de Beatles \u00een 1962.<\/p>\n<p>Pe 3 noiembrie vine un videoclip pentru &#8220;Now and Then&#8221;.<\/p>\n<p>       <a href=\"https:\/\/www.infomusic.ro\/stiri\/muzica\/tehnologie\/\">Tehnologie<\/a>  The Beatles va lansa o melodie final\u0103 cu John Lennon, ref\u0103cut\u0103 cu ajutorul AI-ului <\/p>\n<p>Oric\u00e2t de ciudat ar suna, The Beatles a finalizat o \u00eenregistrare cu John Lennon, la ani buni de la dispari\u0163ia sa. Totul s-a petrecut prin intermediul AI-ului, care a izolat vocea lui Lennon pe o \u00eenregistrare demo.<\/p>\n<p><img loading=\"lazy\" alt src=\"https:\/\/secure.gravatar.com\/avatar\/ee005f72e5991809a79a3166fc02dae9?s=46&#038;d=blank&#038;r=g\"  height=\"46\" width=\"46\" loading=\"lazy\" decoding=\"async\"\/> <\/p>\n<p>Publicat<\/p>\n<p>acum 5 luni<\/p>\n<p>pe<\/p>\n<p>15\/06\/2023 <\/p>\n<p><img loading=\"lazy\" width=\"729\" height=\"600\" src=\"https:\/\/static.infomusic.ro\/media\/2016\/04\/John-Lennon-\u0219i-Yoko-Ono-729x600.jpg\" alt=\"John Lennon \u0219i Yoko Ono\" decoding=\"async\" loading=\"lazy\"\/> <\/p>\n<p> John Lennon \u0219i Yoko Ono <\/p>\n<p>Paul McCartney a contribuit la acest proiect, la care s-a tot lucrat \u00een ultimii ani, doar c\u0103 tehnologia abia acum e la nivelul dorit.<\/p>\n<p> <a class=\"echo_read_more\" href=\"https:\/\/www.infomusic.ro\/2023\/10\/documentar-john-lennon-apple-tv\/\" target=\"_blank\" rel=\"noopener\">\u00a0\u00bb\u00a0Cite\u0219te continuarea pe pagina autorului<\/a><\/p>\n","protected":false},"excerpt":{"rendered":"<p>Muzic\u0103 nou\u0103 The Beatles anun\u0163\u0103 lansarea melodiei finale &#8220;Now and Then&#8221;, cu vocea lui John Lennon The Beatles a anun\u0163at \u00een sf\u00e2r\u015fit lansarea legendarei piese &#8220;Now and Then&#8221;, melodia sa final\u0103. Ea va sosi \u00eempreun\u0103 cu variante modernizate ale albumelor &#8220;Red&#8221; \u015fi &#8220;Blue&#8221;. Mai multe informa\u0163ii \u015fi un trailer g\u0103si\u0163i mai jos. Publicat acum 2 [&hellip;]<\/p>\n","protected":false},"author":1,"featured_media":6393,"comment_status":"open","ping_status":"open","sticky":false,"template":"","format":"standard","meta":{"_crdt_document":"","footnotes":""},"categories":[4],"tags":[],"class_list":["post-6392","post","type-post","status-publish","format-standard","has-post-thumbnail","hentry","category-noutati"],"_links":{"self":[{"href":"https:\/\/news-fm.ro\/index.php\/wp-json\/wp\/v2\/posts\/6392","targetHints":{"allow":["GET"]}}],"collection":[{"href":"https:\/\/news-fm.ro\/index.php\/wp-json\/wp\/v2\/posts"}],"about":[{"href":"https:\/\/news-fm.ro\/index.php\/wp-json\/wp\/v2\/types\/post"}],"author":[{"embeddable":true,"href":"https:\/\/news-fm.ro\/index.php\/wp-json\/wp\/v2\/users\/1"}],"replies":[{"embeddable":true,"href":"https:\/\/news-fm.ro\/index.php\/wp-json\/wp\/v2\/comments?post=6392"}],"version-history":[{"count":0,"href":"https:\/\/news-fm.ro\/index.php\/wp-json\/wp\/v2\/posts\/6392\/revisions"}],"wp:featuredmedia":[{"embeddable":true,"href":"https:\/\/news-fm.ro\/index.php\/wp-json\/wp\/v2\/media\/6393"}],"wp:attachment":[{"href":"https:\/\/news-fm.ro\/index.php\/wp-json\/wp\/v2\/media?parent=6392"}],"wp:term":[{"taxonomy":"category","embeddable":true,"href":"https:\/\/news-fm.ro\/index.php\/wp-json\/wp\/v2\/categories?post=6392"},{"taxonomy":"post_tag","embeddable":true,"href":"https:\/\/news-fm.ro\/index.php\/wp-json\/wp\/v2\/tags?post=6392"}],"curies":[{"name":"wp","href":"https:\/\/api.w.org\/{rel}","templated":true}]}}