{"id":5741,"date":"2023-05-17T13:01:44","date_gmt":"2023-05-17T13:01:44","guid":{"rendered":"http:\/\/news-fm.ro\/index.php\/2023\/05\/17\/afla-cand-apare-cel-de-al-doilea-sezon-al-serialului-loki\/"},"modified":"2023-05-17T13:01:44","modified_gmt":"2023-05-17T13:01:44","slug":"afla-cand-apare-cel-de-al-doilea-sezon-al-serialului-loki","status":"publish","type":"post","link":"https:\/\/news-fm.ro\/index.php\/2023\/05\/17\/afla-cand-apare-cel-de-al-doilea-sezon-al-serialului-loki\/","title":{"rendered":"Afl\u0103 c\u00e2nd apare cel de-al doilea sezon al serialului &#8220;Loki&#8221;"},"content":{"rendered":"<p>Cel de-al doilea sezon &#8220;Loki&#8221; va debuta pe 6 octombrie pe Disney +. \u00centr-o premier\u0103 pentru un serial Marvel, toate episoadele &#8220;Echo&#8221; vor fi lansate \u00een aceea\u0219i zi, pe 29 noiembrie.<\/p>\n<p>Cu Tom Hiddleston \u00een rolul principal, &#8220;Loki&#8221; este prima serie Marvel Disney+ care a fost re\u00eennoit\u0103 pentru un al doilea sezon. Primul capitol al pove\u0219tii a avut premiera \u00een 2021 \u0219i s-a concentrat pe Loki pendul\u00e2nd prin timp \u0219i realit\u0103\u021bi.<\/p>\n<p>Aventurile lui Loki vor continua cu noi episoade. \u00cen ceea ce prive\u0219te distribu\u021bia, au fost reconfirma\u021bi Owen Wilson \u0219i Sophia Di Martino. Acestora li se al\u0103tur\u0103 Ke Huy Quan, c\u00e2\u0219tig\u0103torul Premiului Oscar pentru filmul &#8220;Everything Everywhere All at Once&#8221;.<\/p>\n<p>Scenariul tuturor episoadelor este scris de Eric Martin (&#8220;Rick \u0219i Morty&#8221;), iar regia este realizat\u0103 de Justin Benson \u0219i Aaron Moorhead (&#8220;Moon Knight&#8221;).<\/p>\n<p>\u00centre timp, &#8220;Echo&#8221; va continua povestea Mayei Lopez (Alaqua Cox), asasinul surd, prezentat pentru prima dat\u0103 \u00een seria Disney+ din 2021, &#8220;Hawkeye&#8221;. Cast-ul va fi completat pe Vincent D\u2019Onofrio \u00een rolul lui Wilson Fisk (alias Kingpin) \u0219i Charlie Cox \u00een rolul lui Daredevil.<\/p>\n<p>  TRAILER: Loki &#8211; sezonul 1 <\/p>\n<p> <a class=\"echo_read_more\" href=\"https:\/\/www.infomusic.ro\/2023\/05\/loki-sezonul-2-disney-plus\/\" target=\"_blank\" rel=\"noopener\">\u00a0\u00bb\u00a0Cite\u0219te continuarea pe pagina autorului<\/a><\/p>\n","protected":false},"excerpt":{"rendered":"<p>Cel de-al doilea sezon &#8220;Loki&#8221; va debuta pe 6 octombrie pe Disney +. \u00centr-o premier\u0103 pentru un serial Marvel, toate episoadele &#8220;Echo&#8221; vor fi lansate \u00een aceea\u0219i zi, pe 29 noiembrie. Cu Tom Hiddleston \u00een rolul principal, &#8220;Loki&#8221; este prima serie Marvel Disney+ care a fost re\u00eennoit\u0103 pentru un al doilea sezon. Primul capitol al [&hellip;]<\/p>\n","protected":false},"author":1,"featured_media":5742,"comment_status":"open","ping_status":"open","sticky":false,"template":"","format":"standard","meta":{"_crdt_document":"","footnotes":""},"categories":[4],"tags":[],"class_list":["post-5741","post","type-post","status-publish","format-standard","has-post-thumbnail","hentry","category-noutati"],"_links":{"self":[{"href":"https:\/\/news-fm.ro\/index.php\/wp-json\/wp\/v2\/posts\/5741","targetHints":{"allow":["GET"]}}],"collection":[{"href":"https:\/\/news-fm.ro\/index.php\/wp-json\/wp\/v2\/posts"}],"about":[{"href":"https:\/\/news-fm.ro\/index.php\/wp-json\/wp\/v2\/types\/post"}],"author":[{"embeddable":true,"href":"https:\/\/news-fm.ro\/index.php\/wp-json\/wp\/v2\/users\/1"}],"replies":[{"embeddable":true,"href":"https:\/\/news-fm.ro\/index.php\/wp-json\/wp\/v2\/comments?post=5741"}],"version-history":[{"count":0,"href":"https:\/\/news-fm.ro\/index.php\/wp-json\/wp\/v2\/posts\/5741\/revisions"}],"wp:featuredmedia":[{"embeddable":true,"href":"https:\/\/news-fm.ro\/index.php\/wp-json\/wp\/v2\/media\/5742"}],"wp:attachment":[{"href":"https:\/\/news-fm.ro\/index.php\/wp-json\/wp\/v2\/media?parent=5741"}],"wp:term":[{"taxonomy":"category","embeddable":true,"href":"https:\/\/news-fm.ro\/index.php\/wp-json\/wp\/v2\/categories?post=5741"},{"taxonomy":"post_tag","embeddable":true,"href":"https:\/\/news-fm.ro\/index.php\/wp-json\/wp\/v2\/tags?post=5741"}],"curies":[{"name":"wp","href":"https:\/\/api.w.org\/{rel}","templated":true}]}}