{"id":5673,"date":"2023-05-02T18:59:18","date_gmt":"2023-05-02T18:59:18","guid":{"rendered":"http:\/\/news-fm.ro\/index.php\/2023\/05\/02\/cel-de-al-doilea-sezon-al-seriei-monster-spune-povestea-fratilor-lyle-si-erik-menendez-teaser\/"},"modified":"2023-05-02T18:59:18","modified_gmt":"2023-05-02T18:59:18","slug":"cel-de-al-doilea-sezon-al-seriei-monster-spune-povestea-fratilor-lyle-si-erik-menendez-teaser","status":"publish","type":"post","link":"https:\/\/news-fm.ro\/index.php\/2023\/05\/02\/cel-de-al-doilea-sezon-al-seriei-monster-spune-povestea-fratilor-lyle-si-erik-menendez-teaser\/","title":{"rendered":"Cel de-al doilea sezon al seriei &#8220;Monster&#8221; spune povestea fra\u021bilor Lyle \u0219i Erik Menendez &#8211; TEASER"},"content":{"rendered":"<p>Intitulat\u0103 &#8220;Monsters: The Lyle and Erik Menendez Story&#8221;, seria este prima din dou\u0103 comandate de Netflix dup\u0103 succesul cu <a href=\"https:\/\/www.infomusic.ro\/2022\/09\/serial-dahmer-monster-the-jeffrey-dahmer-story-trailer\/\" target=\"_blank\" rel=\"noopener\">&#8220;Monster: The Jeffrey Dahmer Story&#8221;<\/a> de anul trecut. Anun\u021bul proiectului este \u00eenso\u021bit de un teaser cu apelul din august 1989 la 911, \u00een care Lyle \u00eei spune \u00een lacrimi operatorului c\u0103 p\u0103rin\u021bii lui au fost \u00eempu\u0219ca\u021bi. &#8220;Monsters: The Lyle and Erik Menendez Story&#8221; va ap\u0103rea pe Netflix \u00een 2024.<\/p>\n<p>Jos\u00e9 \u0219i Mary Louise &#8220;Kitty&#8221; Menendez au fost \u00eempu\u0219ca\u021bi mortal \u00een casa lor din Beverly Hills pe 20 august 1989. Ini\u021bial, Lyle \u0219i Erik nu au fost suspecta\u021bi de crim\u0103, dar poli\u021bia a \u00eenceput s\u0103 investigheze implicarea lor dup\u0103 o serie de cheltuieli pe obiecte de lux.<\/p>\n<p>\u00centr-un final, Erik i-a m\u0103rturisit faptele psihologului s\u0103u, Jerome Oziel. La r\u00e2ndul s\u0103u, el i-a spus amantei sale, Judalon Smyth. Aceasta din urm\u0103 a devenit un martor cheie \u00een procesul fra\u021bilor Menendez. Ei au declarat c\u0103 au comis crimele de fric\u0103, dup\u0103 o via\u021b\u0103 \u00eentreag\u0103 de abuz din partea p\u0103rin\u021bilor &#8211; \u00een special abuz sexual din partea tat\u0103lui lor.<\/p>\n<p>Erik \u0219i Lyle au fost judeca\u021bi separat, ceea ce a dus la anularea procesului dup\u0103 ce jura\u021bii au ajuns \u00een impas. C\u00e2nd au fost judeca\u021bi \u00eempreun\u0103 \u00een 1996, au fost g\u0103si\u021bi vinova\u021bi \u0219i condamna\u021bi la \u00eenchisoare pe via\u021b\u0103 f\u0103r\u0103 posibilitatea de eliberare condi\u021bionat\u0103.<\/p>\n<p>Netflix a comandat dou\u0103 sezoane suplimentare din seria &#8220;Monster&#8221; \u00een noiembrie, dup\u0103 succesul primului sezon, care l-a avut pe Evan Peters \u00een rolul criminalului Jeffrey Dahmer. &#8220;Monster: A Jeffrey Dahmer Story&#8221; a devenit al doilea cel mai popular serial TV \u00een limba englez\u0103 de pe Netflix din toate timpurile, dup\u0103 &#8220;Stranger Things&#8221; (sezonul 4).<\/p>\n<p>  TEASER &#8220;Monsters: The Lyle and Erik Menendez Story&#8221; <\/p>\n<p> <a class=\"echo_read_more\" href=\"https:\/\/www.infomusic.ro\/2023\/05\/monster-serial-netflix-sezonul-2\/\" target=\"_blank\" rel=\"noopener\">\u00a0\u00bb\u00a0Cite\u0219te continuarea pe pagina autorului<\/a><\/p>\n","protected":false},"excerpt":{"rendered":"<p>Intitulat\u0103 &#8220;Monsters: The Lyle and Erik Menendez Story&#8221;, seria este prima din dou\u0103 comandate de Netflix dup\u0103 succesul cu &#8220;Monster: The Jeffrey Dahmer Story&#8221; de anul trecut. Anun\u021bul proiectului este \u00eenso\u021bit de un teaser cu apelul din august 1989 la 911, \u00een care Lyle \u00eei spune \u00een lacrimi operatorului c\u0103 p\u0103rin\u021bii lui au fost \u00eempu\u0219ca\u021bi. [&hellip;]<\/p>\n","protected":false},"author":1,"featured_media":5674,"comment_status":"open","ping_status":"open","sticky":false,"template":"","format":"standard","meta":{"_crdt_document":"","footnotes":""},"categories":[4],"tags":[],"class_list":["post-5673","post","type-post","status-publish","format-standard","has-post-thumbnail","hentry","category-noutati"],"_links":{"self":[{"href":"https:\/\/news-fm.ro\/index.php\/wp-json\/wp\/v2\/posts\/5673","targetHints":{"allow":["GET"]}}],"collection":[{"href":"https:\/\/news-fm.ro\/index.php\/wp-json\/wp\/v2\/posts"}],"about":[{"href":"https:\/\/news-fm.ro\/index.php\/wp-json\/wp\/v2\/types\/post"}],"author":[{"embeddable":true,"href":"https:\/\/news-fm.ro\/index.php\/wp-json\/wp\/v2\/users\/1"}],"replies":[{"embeddable":true,"href":"https:\/\/news-fm.ro\/index.php\/wp-json\/wp\/v2\/comments?post=5673"}],"version-history":[{"count":0,"href":"https:\/\/news-fm.ro\/index.php\/wp-json\/wp\/v2\/posts\/5673\/revisions"}],"wp:featuredmedia":[{"embeddable":true,"href":"https:\/\/news-fm.ro\/index.php\/wp-json\/wp\/v2\/media\/5674"}],"wp:attachment":[{"href":"https:\/\/news-fm.ro\/index.php\/wp-json\/wp\/v2\/media?parent=5673"}],"wp:term":[{"taxonomy":"category","embeddable":true,"href":"https:\/\/news-fm.ro\/index.php\/wp-json\/wp\/v2\/categories?post=5673"},{"taxonomy":"post_tag","embeddable":true,"href":"https:\/\/news-fm.ro\/index.php\/wp-json\/wp\/v2\/tags?post=5673"}],"curies":[{"name":"wp","href":"https:\/\/api.w.org\/{rel}","templated":true}]}}