{"id":5651,"date":"2023-04-26T14:59:03","date_gmt":"2023-04-26T14:59:03","guid":{"rendered":"http:\/\/news-fm.ro\/index.php\/2023\/04\/26\/alina-eremia-a-lansat-piesa-cine-i-focul-cine-i-apa-audio\/"},"modified":"2023-04-26T14:59:03","modified_gmt":"2023-04-26T14:59:03","slug":"alina-eremia-a-lansat-piesa-cine-i-focul-cine-i-apa-audio","status":"publish","type":"post","link":"https:\/\/news-fm.ro\/index.php\/2023\/04\/26\/alina-eremia-a-lansat-piesa-cine-i-focul-cine-i-apa-audio\/","title":{"rendered":"Alina Eremia a lansat piesa &#8220;Cine-i focul, cine-i apa&#8221; &#8211; AUDIO"},"content":{"rendered":"<p><a href=\"https:\/\/www.infomusic.ro\/stiri\/muzica\/muzica-noua\/\">Muzic\u0103 nou\u0103<\/a>  Alina Eremia \u015fi Romanian House Mafia prezint\u0103 piesa &#8220;The Plan&#8221; &#8211; AUDIO <\/p>\n<p>Alina Eremia a lansat o nou\u0103 colaborare \u00een 2023, de aceast\u0103 dat\u0103 o pies\u0103 tipic\u0103 de club, &#8220;The Plan&#8221;. Este o colaborare cu Romanian House Mafia, care are un bas \u015fi ni\u015fte clape cu un sound foarte dance.<\/p>\n<p><img loading=\"lazy\" alt src=\"https:\/\/secure.gravatar.com\/avatar\/ee005f72e5991809a79a3166fc02dae9?s=46&#038;d=blank&#038;r=g\"  height=\"46\" width=\"46\" loading=\"lazy\" decoding=\"async\"\/> <\/p>\n<p>Publicat<\/p>\n<p>acum 2 luni<\/p>\n<p>pe<\/p>\n<p>22\/02\/2023 <\/p>\n<p><img loading=\"lazy\" width=\"1000\" height=\"667\" src=\"https:\/\/static.infomusic.ro\/media\/2023\/02\/coperta-single-romanian-house-mafia-alina-eremia-the-plan-1000x667.jpg\" alt=\"Coperta single Romanian House Mafia Alina Eremia The Plan\" decoding=\"async\" loading=\"lazy\"\/> <\/p>\n<p> Coperta single Romanian House Mafia Alina Eremia The Plan \u2502 FOTO: Global Records <\/p>\n<p>&#8220;The Plan&#8221; este o melodie catchy, cu un sound de \u00eenceput de ani 2000 \u015fi aminte\u015fte de hiturile Alexandrei Stan de acum un deceniu. A str\u00e2ns aproape 140.000 de vizualiz\u0103ri pe YouTube \u00een doar 4 zile \u015fi are un bas care o transform\u0103 \u00een imn de dance floor. De muzic\u0103 s-au ocupat Yoshi Breen, Alida, Marcel Botezan, Sebastian Barac. Produc\u0163ia e semnat\u0103 Alex Cotoi, Sebastian Barac \u015fi Marcel Botezan.<\/p>\n<p>Pentru cei care nu \u015ftiu, Romanian House Mafia este un proiect muzical Global Records creat pentru a promova crea\u0163iile din zona dance \u015fi house. E practic un sublabel de muzic\u0103 dance de la Global Records, care \u00ee\u015fi permite s\u0103 experimenteze cu sound-uri de house clasic, \u00eenregiment\u00e2nd cei mai buni produc\u0103tori \u015fi DJi. A avut \u015fi o colaborare cu INNA, &#8220;From Paris to London&#8221;, al\u0103turi de Bastien,.<\/p>\n<p>Prima lansare a Romanian House Mafia a fost &#8220;Spend the Night&#8221;, colaborare \u00eentre Gran Error \u015fi Bastien, iar a doua este cea cu Jade Shadi, &#8220;Wasted on You&#8221;.<\/p>\n<p>\u00cen ce o prive\u015fte pe Alina Eremia, am v\u0103zut-o jurat \u00een show-ul de talente One True Singer anul trecut pe HBO Max, iar \u00een 2023 ne-a oferit colaborarea cu Mario Fresh &#8220;Ai Fost&#8221;. Pe final de an 2022 colabora cu DJ-ul turc Ilkan Gunuc pentru track-ul de petrecere &#8220;Party Song&#8221;, care a fost bine primit \u00een Balcani. Artista ne-a propus \u00een ultimul an \u015fi un <a href=\"https:\/\/www.infomusic.ro\/2022\/09\/alina-eremia-a-lansat-un-documentar-muzical\/\">documentar muzical, &#8220;\u00cen Zadar (Behind the Music)&#8221;<\/a>, prin care fanii au cunoscut-o mai bine.<\/p>\n<\/p>\n<p>Alina Eremia debuta \u00een muzic\u0103 rom\u00e2neasc\u0103 la v\u00e2rsta de doar 5 ani. \u00cen 2005 a reprezentat Rom\u00e2nia la Junior Eurovision Song Contest, cu piesa &#8220;\u0162urai&#8221;. Din 2008 a colaborat cu Disney Rom\u00e2nia, dubl\u00e2nd vocile lui Pocahontas \u015fi Belle din &#8220;Frumoas\u0103 \u015fi Bestia&#8221;. A primit \u015fi un premiu la The Artist Awards 2022 pentru &#8220;Cea mai bun\u0103 colaborare a anului&#8221;, piesa <a href=\"https:\/\/www.infomusic.ro\/videoclip\/alina-eremia-x-connect-r-supertare\/\">&#8220;Supertare&#8221;<\/a> cu Connect-R.<\/p>\n<p>       <a href=\"https:\/\/www.infomusic.ro\/stiri\/muzica\/industria-muzicala\/\">Industria muzicala<\/a>  INNA prezint\u0103 cel de-al treilea sezon &#8220;Dance Queen\u2019s House&#8221;; printre invitatele speciale se num\u0103r\u0103 Irina Rimes \u0219i Alina Eremia <\/p>\n<p>INNA prezint\u0103 cel de-al treilea sezon din Dance Queen&#8217;s House: 16 zile izolat\u0103 \u00eentr-o cas\u0103, 8 vlog-uri \u0219i un album cu un sound atipic. G\u0103se\u0219ti mai multe detalii \u00een articol.<\/p>\n<p><img loading=\"lazy\" alt src=\"https:\/\/secure.gravatar.com\/avatar\/9d38d050002cce547922c9679f820ed9?s=46&#038;d=blank&#038;r=g\"  height=\"46\" width=\"46\" loading=\"lazy\" decoding=\"async\"\/> <\/p>\n<p>Publicat<\/p>\n<p>acum 5 luni<\/p>\n<p>pe<\/p>\n<p>06\/12\/2022 <\/p>\n<p><img loading=\"lazy\" width=\"1000\" height=\"667\" src=\"https:\/\/static.infomusic.ro\/media\/2022\/12\/inna-irina-rimes-dance-queen-house-sezonul-3-1000x667.jpg\" alt=\"INNA \u0219i Irina Rimes \u00een cel de-al treilea sezon \"Dance Queen's House\"\" decoding=\"async\" loading=\"lazy\"\/> <\/p>\n<p> INNA \u0219i Irina Rimes \u00een cel de-al treilea sezon &#8220;Dance Queen&#8217;s House&#8221; \u2502 FOTO: captur\u0103 YouTube \/ INNA <\/p>\n<p>INNA \u0219i-a obi\u0219nuit deja fanii ca la finalul anului s\u0103 lanseze un nou sezon din &#8220;Dance Queen&#8217;s House&#8221;: o sesiune de 16 zile \u00een care artista st\u0103 izolat\u0103 \u00eentr-o cas\u0103 cu compozitori \u0219i produc\u0103tori, fac muzic\u0103 \u00eempreun\u0103, ulterior lanseaz\u0103 8 vloguri cu tot ce se \u00eent\u00e2mpl\u0103 \u00een cas\u0103 \u0219i mai apoi, un album cu piesele rezultate din aceast\u0103 experien\u021b\u0103.<\/p>\n<p>Cel de-al treilea sezon de &#8220;Dance Queen&#8217;s House&#8221; a \u00eenceput \u00een for\u021b\u0103, iar \u00een primul episod, INNA prime\u0219te un disc de platin\u0103 pentru rezultatele deosebite ale piesei &#8220;Flashbacks&#8221;,<\/p>\n<p> <a class=\"echo_read_more\" href=\"https:\/\/www.infomusic.ro\/2023\/04\/alina-eremia-a-lansat-piesa-cine-i-focul-cine-i-apa\/\" target=\"_blank\" rel=\"noopener\">\u00a0\u00bb\u00a0Cite\u0219te continuarea pe pagina autorului<\/a><\/p>\n","protected":false},"excerpt":{"rendered":"<p>Muzic\u0103 nou\u0103 Alina Eremia \u015fi Romanian House Mafia prezint\u0103 piesa &#8220;The Plan&#8221; &#8211; AUDIO Alina Eremia a lansat o nou\u0103 colaborare \u00een 2023, de aceast\u0103 dat\u0103 o pies\u0103 tipic\u0103 de club, &#8220;The Plan&#8221;. Este o colaborare cu Romanian House Mafia, care are un bas \u015fi ni\u015fte clape cu un sound foarte dance. Publicat acum 2 [&hellip;]<\/p>\n","protected":false},"author":1,"featured_media":5652,"comment_status":"open","ping_status":"open","sticky":false,"template":"","format":"standard","meta":{"_crdt_document":"","footnotes":""},"categories":[4],"tags":[],"class_list":["post-5651","post","type-post","status-publish","format-standard","has-post-thumbnail","hentry","category-noutati"],"_links":{"self":[{"href":"https:\/\/news-fm.ro\/index.php\/wp-json\/wp\/v2\/posts\/5651","targetHints":{"allow":["GET"]}}],"collection":[{"href":"https:\/\/news-fm.ro\/index.php\/wp-json\/wp\/v2\/posts"}],"about":[{"href":"https:\/\/news-fm.ro\/index.php\/wp-json\/wp\/v2\/types\/post"}],"author":[{"embeddable":true,"href":"https:\/\/news-fm.ro\/index.php\/wp-json\/wp\/v2\/users\/1"}],"replies":[{"embeddable":true,"href":"https:\/\/news-fm.ro\/index.php\/wp-json\/wp\/v2\/comments?post=5651"}],"version-history":[{"count":0,"href":"https:\/\/news-fm.ro\/index.php\/wp-json\/wp\/v2\/posts\/5651\/revisions"}],"wp:featuredmedia":[{"embeddable":true,"href":"https:\/\/news-fm.ro\/index.php\/wp-json\/wp\/v2\/media\/5652"}],"wp:attachment":[{"href":"https:\/\/news-fm.ro\/index.php\/wp-json\/wp\/v2\/media?parent=5651"}],"wp:term":[{"taxonomy":"category","embeddable":true,"href":"https:\/\/news-fm.ro\/index.php\/wp-json\/wp\/v2\/categories?post=5651"},{"taxonomy":"post_tag","embeddable":true,"href":"https:\/\/news-fm.ro\/index.php\/wp-json\/wp\/v2\/tags?post=5651"}],"curies":[{"name":"wp","href":"https:\/\/api.w.org\/{rel}","templated":true}]}}