{"id":5603,"date":"2023-04-18T10:59:21","date_gmt":"2023-04-18T10:59:21","guid":{"rendered":"http:\/\/news-fm.ro\/index.php\/2023\/04\/18\/ariana-grande-si-cynthia-erivo-joaca-in-wicked-un-prequel-vrajitorul-din-oz-foto\/"},"modified":"2023-04-18T10:59:21","modified_gmt":"2023-04-18T10:59:21","slug":"ariana-grande-si-cynthia-erivo-joaca-in-wicked-un-prequel-vrajitorul-din-oz-foto","status":"publish","type":"post","link":"https:\/\/news-fm.ro\/index.php\/2023\/04\/18\/ariana-grande-si-cynthia-erivo-joaca-in-wicked-un-prequel-vrajitorul-din-oz-foto\/","title":{"rendered":"Ariana Grande \u0219i Cynthia Erivo joac\u0103 \u00een &#8220;Wicked&#8221;, un prequel &#8220;Vr\u0103jitorul din Oz&#8221; &#8211; FOTO"},"content":{"rendered":"<p>Au fost dezv\u0103luite primele imagini cu Cynthia Erivo ca Elphaba \u0219i Ariana Grande ca Glinda \u00een filmul &#8220;Wicked&#8221;. Erivo poart\u0103 p\u0103l\u0103ria \u0219i m\u0103tura de vr\u0103jitoare ale personajului s\u0103u, \u00een timp ce o Ariana blond\u0103 este \u00eembr\u0103cat\u0103 cu o spectaculoas\u0103 rochie roz \u0219i urc\u0103 pe ni\u0219te trepte.<\/p>\n<p>Un prequel &#8220;Vr\u0103jitorul din Oz&#8221;, &#8220;Wicked&#8221; poveste\u0219te tot ce s-a \u00eent\u00e2mplat \u00eenainte ca Dorothy s\u0103 se plimbe pe acel drum emblematic din c\u0103r\u0103mid\u0103 galben\u0103. Abordeaz\u0103 rela\u021bia dintre Elphaba, care mai t\u00e2rziu devine Vr\u0103jitoarea cea rea din Vest \u0219i Glinda, cunoscut\u0103 sub numele de Vr\u0103jitoarea Bun\u0103.<\/p>\n<p>Distribu\u021bia filmului \u00eei mai include pe\u00a0Jonathan Bailey \u00een rolul lui Fiyero, Jeff Goldblum \u00een rolul Vr\u0103jitorului, Michelle Yeoh \u00een rolul lui Madame Morrible \u0219i Ethan Slater \u00een rolul lui Boq.<\/p>\n<p>Produc\u021bia original\u0103 &#8220;Wicked&#8221; a avut premiera \u00een 2003, cu Idina Menzel \u0219i Kristin Chenoweth \u00een rolurile principale. R\u0103m\u00e2ne unul dintre cele mai longevive \u0219i populare spectacole de pe Broadway.<\/p>\n<p>&#8220;Wicked&#8221; este regizat de Jon M. Chu. Stephen Schwartz, cel care a compus muzica show-ului de pe Broadway, a scris scenariul \u00eempreun\u0103 cu Winnie Holzman. Al\u0103turi de cunoscutele &#8220;Defying Gravity&#8221; \u0219i &#8220;Popular&#8221;, coloana sonor\u0103 a filmului &#8220;Wicked&#8221; ar include cel pu\u021bin dou\u0103 melodii noi.<\/p>\n<p>Pelicula va fi lansat\u0103 \u00een dou\u0103 p\u0103r\u021bi. Prima va debuta pe 27 noiembrie 2024, iar cea de-a doua pe 25 decembrie 2025.<\/p>\n<p> Ariana Grande \u0219i Cynthia Erivo \u00een &#8220;Wicked&#8221; &#8211; FOTO <a class=\"echo_read_more\" href=\"https:\/\/www.infomusic.ro\/2023\/04\/ariana-grande-cynthia-erivo-film-wicked\/\" target=\"_blank\" rel=\"noopener\">\u00a0\u00bb\u00a0Cite\u0219te continuarea pe pagina autorului<\/a><\/p>\n","protected":false},"excerpt":{"rendered":"<p>Au fost dezv\u0103luite primele imagini cu Cynthia Erivo ca Elphaba \u0219i Ariana Grande ca Glinda \u00een filmul &#8220;Wicked&#8221;. Erivo poart\u0103 p\u0103l\u0103ria \u0219i m\u0103tura de vr\u0103jitoare ale personajului s\u0103u, \u00een timp ce o Ariana blond\u0103 este \u00eembr\u0103cat\u0103 cu o spectaculoas\u0103 rochie roz \u0219i urc\u0103 pe ni\u0219te trepte. Un prequel &#8220;Vr\u0103jitorul din Oz&#8221;, &#8220;Wicked&#8221; poveste\u0219te tot ce [&hellip;]<\/p>\n","protected":false},"author":1,"featured_media":5604,"comment_status":"open","ping_status":"open","sticky":false,"template":"","format":"standard","meta":{"_crdt_document":"","footnotes":""},"categories":[4],"tags":[],"class_list":["post-5603","post","type-post","status-publish","format-standard","has-post-thumbnail","hentry","category-noutati"],"_links":{"self":[{"href":"https:\/\/news-fm.ro\/index.php\/wp-json\/wp\/v2\/posts\/5603","targetHints":{"allow":["GET"]}}],"collection":[{"href":"https:\/\/news-fm.ro\/index.php\/wp-json\/wp\/v2\/posts"}],"about":[{"href":"https:\/\/news-fm.ro\/index.php\/wp-json\/wp\/v2\/types\/post"}],"author":[{"embeddable":true,"href":"https:\/\/news-fm.ro\/index.php\/wp-json\/wp\/v2\/users\/1"}],"replies":[{"embeddable":true,"href":"https:\/\/news-fm.ro\/index.php\/wp-json\/wp\/v2\/comments?post=5603"}],"version-history":[{"count":0,"href":"https:\/\/news-fm.ro\/index.php\/wp-json\/wp\/v2\/posts\/5603\/revisions"}],"wp:featuredmedia":[{"embeddable":true,"href":"https:\/\/news-fm.ro\/index.php\/wp-json\/wp\/v2\/media\/5604"}],"wp:attachment":[{"href":"https:\/\/news-fm.ro\/index.php\/wp-json\/wp\/v2\/media?parent=5603"}],"wp:term":[{"taxonomy":"category","embeddable":true,"href":"https:\/\/news-fm.ro\/index.php\/wp-json\/wp\/v2\/categories?post=5603"},{"taxonomy":"post_tag","embeddable":true,"href":"https:\/\/news-fm.ro\/index.php\/wp-json\/wp\/v2\/tags?post=5603"}],"curies":[{"name":"wp","href":"https:\/\/api.w.org\/{rel}","templated":true}]}}