{"id":5593,"date":"2023-04-14T00:00:17","date_gmt":"2023-04-14T00:00:17","guid":{"rendered":"http:\/\/news-fm.ro\/index.php\/2023\/04\/14\/depeche-mode-anunta-trupele-care-ii-vor-insoti-in-turneul-european-cantand-in-deschidere\/"},"modified":"2023-04-14T00:00:17","modified_gmt":"2023-04-14T00:00:17","slug":"depeche-mode-anunta-trupele-care-ii-vor-insoti-in-turneul-european-cantand-in-deschidere","status":"publish","type":"post","link":"https:\/\/news-fm.ro\/index.php\/2023\/04\/14\/depeche-mode-anunta-trupele-care-ii-vor-insoti-in-turneul-european-cantand-in-deschidere\/","title":{"rendered":"Depeche Mode anun\u0163\u0103 trupele care \u00eei vor \u00eenso\u0163i \u00een turneul european, c\u00e2nt\u00e2nd \u00een deschidere"},"content":{"rendered":"<p><a href=\"https:\/\/www.infomusic.ro\/stiri\/muzica\/concerte-turnee\/\">Concerte &#038; turnee<\/a>   <\/p>\n<p>Dup\u0103 ce a lansat albumul &#8220;Memento Mori&#8221; la final de lun\u0103 martie \u00een 2023, Depeche Mode are ve\u015fti pentru noi legate de turneul s\u0103u european. Grupul a ales ce trupe sau arti\u015fti c\u00e2nt\u0103 \u00een deschiderea sa pe parcursul zecilor de concerte.<\/p>\n<p><img loading=\"lazy\" alt src=\"https:\/\/secure.gravatar.com\/avatar\/ee005f72e5991809a79a3166fc02dae9?s=46&#038;d=blank&#038;r=g\"  height=\"46\" width=\"46\" loading=\"lazy\" decoding=\"async\"\/> <\/p>\n<p>Publicat<\/p>\n<p>acum 6 ore<\/p>\n<p>pe<\/p>\n<p>13\/04\/2023<\/p>\n<p><img fetchpriority=\"high\" width=\"1000\" height=\"667\" src=\"https:\/\/static.infomusic.ro\/media\/2017\/07\/depeche-mode-concert-2017-080-1000x667.jpg\" alt=\"Dave Gahan, solistul Depeche Mode \u00een concert pe Cluj Arena pe 23 iulie 2017\" decoding=\"async\"\/><\/p>\n<p> Dave Gahan, solistul Depeche Mode \u00een concert pe Cluj Arena pe 23 iulie 2017 \u2502 FOTO: Stefan Fekete \/ InfoMusic.ro <\/p>\n<p>\u015etiam deja c\u0103 <a href=\"https:\/\/www.infomusic.ro\/2023\/04\/trupa-haelos-deschide-concertul-depeche-mode-de-la-bucuresti\/\">Haelos<\/a> deschide concertul Depeche Mode de la Bucure\u015fti, dar acum avem informa\u0163ii \u015fi despre celelalte acte muzicale care vor c\u00e2nta \u00een deschidere. Memento Mori Tour va include 5 trupe sau muzicieni care se vor al\u0103tura duo-ului britanic. Update-ul a fost partajat pe Instagram, iar printre arti\u015fti se num\u0103r\u0103 Cold Cave \u015fi Young Fathers. Ei vor ap\u0103rea \u00een deschiderea unora dintre cele 34 de de opriri europene.<\/p>\n<p>Al\u0163i arti\u015fti care se al\u0103tur\u0103 turneului sunt Hope, din Berlin, dar \u015fi fostul solist Savages devenit artist solo, Jehnny Beth, plus trupa britanic\u0103 de trip hop mai sus men\u0163ionat\u0103, Haelos. Turneul european al celor de la Depeche Mode debuteaz\u0103 \u00een luna mai cu dou\u0103 reprezentan\u0163ii \u00een Olanda, pe 16 mai \u015fi 18 mai. Dave Gahan \u015fi Martin Gore au concerte programate \u00een Suedia, Germania, Italia, Fran\u0163a, Marea Britanie, Austria, Ungaria \u015fi vor \u00eencheia turneul pe 11 august \u00een Norvegia.<\/p>\n<p>\u00cen Rom\u00e2nia vor concerta pe Arena Na\u0163ional\u0103 pe 26 iulie. Toate aceste concerte sunt pentru promovarea noului album al trupei, <a href=\"https:\/\/www.infomusic.ro\/2023\/03\/depeche-mode-a-lansat-albumul-memento-mori\/\">&#8220;Memento Mori&#8221;<\/a>. Este LP-ul cu num\u0103rul 15 \u00een cariera grupului \u015fi din p\u0103cate nu include contribu\u0163ii ale lui Andrew Fletcher, care a \u00eencetat din via\u0163\u0103 anul trecut la v\u00e2rsta de 60 de ani. LP-ul este \u00eentunecat, plin de angoas\u0103, abordeaz\u0103 teme ca moarte \u015fi rena\u015ftere, separare, izolare, medita\u0163ie asupra trecutului.<\/p>\n<p>Revenind la chestiunea cu trupele \u00een deschidere, Gahan \u015fi colegul s\u0103u au trecut peste o list\u0103 uria\u015f\u0103 de nume \u015fi au amintit c\u00e2\u0163iva arti\u015fti care chiar le plac, precum Kelly Lee Owens, un act din genul electronica din Wales. Va c\u00e2nta \u00een deschidere la concerte Depeche din SUA. Sunt \u015fanse mari ca unii dintre ace\u015fti arti\u015fti s\u0103 contribuie cu remixuri la o poten\u0163ial\u0103 edi\u0163ie deluxe a lui &#8220;Memento Mori&#8221;.<\/p>\n<p>        \u00ce\u021bi recomand\u0103m aceste videoclipuri         <\/p>\n<p><img decoding=\"async\" src=\"https:\/\/static.infomusic.ro\/logo-slogan.svg\" alt=\"INFOMUSIC\" width=\"150\" height=\"150\"\/><\/p>\n<p>          <a href=\"https:\/\/www.infomusic.ro\/stiri\/muzica\/concerte-turnee\/\">Concerte &#038; turnee<\/a>  Trupa H\u00c6LOS deschide concertul Depeche Mode de la Bucure\u0219ti <\/p>\n<p>H\u00c6LOS va deschide concertul Depeche Mode, ce va avea loc la Arena Na\u021bional\u0103 din Bucure\u0219ti pe 26 iulie 2023. Evenimentul face parte din turneul mondial &#8220;Memento Mori&#8221;, cel de-al 19-lea turneu al trupei Depeche Mode \u0219i primul dup\u0103 mai bine de cinci ani. Mai multe detalii \u00een articol.<\/p>\n<p><img loading=\"lazy\" alt src=\"https:\/\/secure.gravatar.com\/avatar\/9d38d050002cce547922c9679f820ed9?s=46&#038;d=blank&#038;r=g\"  height=\"46\" width=\"46\" loading=\"lazy\" decoding=\"async\"\/> <\/p>\n<p>Publicat<\/p>\n<p>acum o zi<\/p>\n<p>pe<\/p>\n<p>12\/04\/2023 <\/p>\n<p><img loading=\"lazy\" width=\"1000\" height=\"667\" src=\"https:\/\/static.infomusic.ro\/media\/2023\/04\/trupa-haelos-2023-1000x667.jpeg\" alt=\"Trupa H\u00c6LOS\" decoding=\"async\" loading=\"lazy\"\/> <\/p>\n<p> Trupa H\u00c6LOS <\/p>\n<p>H\u00c6LOS este o trup\u0103 britanic\u0103 de trip hop, compus\u0103 din Lotti Benardout, Dom Goldsmith \u0219i Daniel Vildosola. S-a \u00eenfiin\u021bat la sf\u00e2r\u0219itul lui 2014 \u0219i abia \u00een 2020 a devenit independent\u0103, c\u00e2nd a avut libertatea de a-\u0219i permite s\u0103 nu se gr\u0103beasc\u0103.<\/p>\n<p>Toate piesele sale par s\u0103 cartografieze lunga c\u0103l\u0103torie de la disperare la alinare, de la stres la refugiu. Pe scurt, \u00eentreaga dinamic\u0103 a vie\u021bii urbane. Fiecare melodie pe care H\u00c6LOS o compune sun\u0103 ca un ritual, ca un proces de a gestiona momentele dificile; compozi\u021biile ne aduc aminte de acelea\u0219i str\u0103zi pustii din zori de zi \u00eenconjurate de muzica celor de la Massive Attack, Portishead sau a altor arti\u0219ti din zona muzical\u0103 electronic\u0103 ce \u0219i-au petrecut anii &#8217;90 g\u0103sind catharsisul dup\u0103 perioada de rave.<\/p>\n<p> <a class=\"echo_read_more\" href=\"https:\/\/www.infomusic.ro\/2023\/04\/depeche-mode-anunta-trupele-care-ii-vor-insoti-in-turneul-european-cantand-in-deschidere\/\" target=\"_blank\" rel=\"noopener\">\u00a0\u00bb\u00a0Cite\u0219te continuarea pe pagina autorului<\/a><\/p>\n","protected":false},"excerpt":{"rendered":"<p>Concerte &#038; turnee Dup\u0103 ce a lansat albumul &#8220;Memento Mori&#8221; la final de lun\u0103 martie \u00een 2023, Depeche Mode are ve\u015fti pentru noi legate de turneul s\u0103u european. Grupul a ales ce trupe sau arti\u015fti c\u00e2nt\u0103 \u00een deschiderea sa pe parcursul zecilor de concerte. Publicat acum 6 ore pe 13\/04\/2023 Dave Gahan, solistul Depeche Mode [&hellip;]<\/p>\n","protected":false},"author":1,"featured_media":5594,"comment_status":"open","ping_status":"open","sticky":false,"template":"","format":"standard","meta":{"_crdt_document":"","footnotes":""},"categories":[4],"tags":[],"class_list":["post-5593","post","type-post","status-publish","format-standard","has-post-thumbnail","hentry","category-noutati"],"_links":{"self":[{"href":"https:\/\/news-fm.ro\/index.php\/wp-json\/wp\/v2\/posts\/5593","targetHints":{"allow":["GET"]}}],"collection":[{"href":"https:\/\/news-fm.ro\/index.php\/wp-json\/wp\/v2\/posts"}],"about":[{"href":"https:\/\/news-fm.ro\/index.php\/wp-json\/wp\/v2\/types\/post"}],"author":[{"embeddable":true,"href":"https:\/\/news-fm.ro\/index.php\/wp-json\/wp\/v2\/users\/1"}],"replies":[{"embeddable":true,"href":"https:\/\/news-fm.ro\/index.php\/wp-json\/wp\/v2\/comments?post=5593"}],"version-history":[{"count":0,"href":"https:\/\/news-fm.ro\/index.php\/wp-json\/wp\/v2\/posts\/5593\/revisions"}],"wp:featuredmedia":[{"embeddable":true,"href":"https:\/\/news-fm.ro\/index.php\/wp-json\/wp\/v2\/media\/5594"}],"wp:attachment":[{"href":"https:\/\/news-fm.ro\/index.php\/wp-json\/wp\/v2\/media?parent=5593"}],"wp:term":[{"taxonomy":"category","embeddable":true,"href":"https:\/\/news-fm.ro\/index.php\/wp-json\/wp\/v2\/categories?post=5593"},{"taxonomy":"post_tag","embeddable":true,"href":"https:\/\/news-fm.ro\/index.php\/wp-json\/wp\/v2\/tags?post=5593"}],"curies":[{"name":"wp","href":"https:\/\/api.w.org\/{rel}","templated":true}]}}