{"id":5587,"date":"2023-04-12T23:00:09","date_gmt":"2023-04-12T23:00:09","guid":{"rendered":"http:\/\/news-fm.ro\/index.php\/2023\/04\/12\/trupa-haelos-deschide-concertul-depeche-mode-de-la-bucuresti\/"},"modified":"2023-04-12T23:00:09","modified_gmt":"2023-04-12T23:00:09","slug":"trupa-haelos-deschide-concertul-depeche-mode-de-la-bucuresti","status":"publish","type":"post","link":"https:\/\/news-fm.ro\/index.php\/2023\/04\/12\/trupa-haelos-deschide-concertul-depeche-mode-de-la-bucuresti\/","title":{"rendered":"Trupa H\u00c6LOS deschide concertul Depeche Mode de la Bucure\u0219ti"},"content":{"rendered":"<p><a href=\"https:\/\/www.infomusic.ro\/stiri\/muzica\/concerte-turnee\/\">Concerte &#038; turnee<\/a>   <\/p>\n<p>H\u00c6LOS va deschide concertul Depeche Mode, ce va avea loc la Arena Na\u021bional\u0103 din Bucure\u0219ti pe 26 iulie 2023. Evenimentul face parte din turneul mondial &#8220;Memento Mori&#8221;, cel de-al 19-lea turneu al trupei Depeche Mode \u0219i primul dup\u0103 mai bine de cinci ani. Mai multe detalii \u00een articol.<\/p>\n<p><img loading=\"lazy\" alt src=\"https:\/\/secure.gravatar.com\/avatar\/9d38d050002cce547922c9679f820ed9?s=46&#038;d=blank&#038;r=g\"  height=\"46\" width=\"46\" loading=\"lazy\" decoding=\"async\"\/> <\/p>\n<p>Publicat<\/p>\n<p>acum 7 ore<\/p>\n<p>pe<\/p>\n<p>12\/04\/2023<\/p>\n<p><img fetchpriority=\"high\" width=\"1000\" height=\"667\" src=\"https:\/\/static.infomusic.ro\/media\/2023\/04\/trupa-haelos-2023-1000x667.jpeg\" alt=\"Trupa H\u00c6LOS\" decoding=\"async\"\/><\/p>\n<p> Trupa H\u00c6LOS <\/p>\n<p>H\u00c6LOS este o trup\u0103 britanic\u0103 de trip hop, compus\u0103 din Lotti Benardout, Dom Goldsmith \u0219i Daniel Vildosola. S-a \u00eenfiin\u021bat la sf\u00e2r\u0219itul lui 2014 \u0219i abia \u00een 2020 a devenit independent\u0103, c\u00e2nd a avut libertatea de a-\u0219i permite s\u0103 nu se gr\u0103beasc\u0103.<\/p>\n<p>Toate piesele sale par s\u0103 cartografieze lunga c\u0103l\u0103torie de la disperare la alinare, de la stres la refugiu. Pe scurt, \u00eentreaga dinamic\u0103 a vie\u021bii urbane. Fiecare melodie pe care H\u00c6LOS o compune sun\u0103 ca un ritual, ca un proces de a gestiona momentele dificile; compozi\u021biile ne aduc aminte de acelea\u0219i str\u0103zi pustii din zori de zi \u00eenconjurate de muzica celor de la Massive Attack, Portishead sau a altor arti\u0219ti din zona muzical\u0103 electronic\u0103 ce \u0219i-au petrecut anii &#8217;90 g\u0103sind catharsisul dup\u0103 perioada de rave.<\/p>\n<\/p>\n<p>Turneul &#8220;Memento Mori&#8221; al trupei Depeche Mode vine dup\u0103 lansarea din luna martie a albumului omonim, cel de-al cincisprezecelea material de studio al trupei. Discut\u00e2nd despre Memento Mori, Martin Gore a declarat:<\/p>\n<p>\u201cAm \u00eenceput lucrul pentru acest proiect la debutul pandemiei, iar temele materialului sunt direct inspirate din acea perioad\u0103. Dup\u0103 pierderea lui Fletch, am decis s\u0103 continu\u0103m, fiind convin\u0219i c\u0103 el asta \u0219i-ar fi dorit, iar acest lucru nu a f\u0103cut dec\u00e2t s\u0103 confere proiectului o semnifica\u021bie aparte&#8221;.<\/p>\n<p> Bilete concert Depeche Mode la Bucure\u0219ti <\/p>\n<p>Pre\u021burile biletelor pornesc de la pre\u021bul de 255 lei. Pentru mai multe informa\u021bii despre bilete \u0219i modalitatea de achizi\u021bionare, acceseaz\u0103 <a href=\"https:\/\/www.infomusic.ro\/agenda\/depeche-mode-concert-arena-nationala-2023\/\" target=\"_blank\" rel=\"noopener\">agenda InfoMusic<\/a>.<\/p>\n<p>        \u00ce\u021bi recomand\u0103m aceste videoclipuri        <\/p>\n<p><img decoding=\"async\" src=\"https:\/\/static.infomusic.ro\/logo-slogan.svg\" alt=\"INFOMUSIC\" width=\"150\" height=\"150\"\/><\/p>\n<p>          <a href=\"https:\/\/www.infomusic.ro\/stiri\/muzica\/albume-noi-muzica\/\">Albume noi<\/a>  Depeche Mode a lansat albumul &#8220;Memento Mori&#8221; <\/p>\n<p>24 martie este o zi de s\u0103rb\u0103toare pentru fanii Depeche Mode, care ascult\u0103 noul album &#8220;Memento Mori&#8221;. Este o experien\u0163\u0103 dulce-am\u0103ruie, deoarece Depeche ne ofer\u0103 muzic\u0103 nou\u0103 din postura unui duet, dup\u0103 pierderea lui Andrew Fletcher. Cu aceast\u0103 ocazie a \u00eenceput \u015fi turneul care va aduce trupa \u015fi \u00een Rom\u00e2nia.<\/p>\n<p><img loading=\"lazy\" alt src=\"https:\/\/secure.gravatar.com\/avatar\/ee005f72e5991809a79a3166fc02dae9?s=46&#038;d=blank&#038;r=g\"  height=\"46\" width=\"46\" loading=\"lazy\" decoding=\"async\"\/> <\/p>\n<p>Publicat<\/p>\n<p>acum 3 s\u0103pt\u0103m\u00e2ni<\/p>\n<p>pe<\/p>\n<p>24\/03\/2023 <\/p>\n<p><img loading=\"lazy\" width=\"1000\" height=\"667\" src=\"https:\/\/static.infomusic.ro\/media\/2023\/03\/coperta-album-depeche-mode-memento-mori-1000x667.jpg\" alt=\"Coperta album Depeche Mode Memento Mori\" decoding=\"async\" loading=\"lazy\"\/> <\/p>\n<p> Coperta album Depeche Mode Memento Mori \u2502 FOTO: Depeche Mode <\/p>\n<p>&#8220;Memento Mori&#8221; este albumul cu num\u0103rul 15 din discografia forma\u0163iei britanice. Albumul a fost produs de c\u0103tre James Ford \u015fi Marta Salogni \u015fi a fost prefa\u0163at de dou\u0103 single-uri, <a href=\"https:\/\/www.infomusic.ro\/videoclip\/depeche-mode-ghosts-again\/\">&#8220;Ghosts Again&#8221;<\/a> \u015fi &#8220;My Cosmos Is Mine&#8221;. Este primul album de studio lansat de Depeche Mode dup\u0103 <a href=\"https:\/\/www.infomusic.ro\/2022\/05\/andrew-fletcher-depeche-mode-a-murit-la-60-de-ani\/\">moartea lui Andy Fletcher<\/a>, cofondator al grupului \u015fi omul de la clape. Din p\u0103cate Fletcher, care a murit pe 26 mai 2022 nu a apucat s\u0103 \u00eenregistreze material pentru LP.<\/p>\n<p>Dave Gahan \u015fi Martin Gore ne ofer\u0103 12 track-uri care surprind o varietate de st\u0103ri de spirit, de la paranoia \u015fi obsesie la bucurie \u015fi catharsis. Aparent mai exist\u0103 \u00eenc\u0103 5 track-uri care nu au mai ajuns pe album. Acesta este primul album al forma\u0163iei \u00een ultimii 5 ani \u015fi a fost conceput \u00een bun\u0103 parte pe durata pandemiei. Este un LP dominat de un sunet \u00eentunecat, de singur\u0103tate.<\/p>\n<p>\u00centr-un interviu cu Zane Lowe pentru Apple Music 1, Dave Gahan a discutat despre modul \u00een care minimalismul e cheia pentru modul \u00een care forma\u0163ia a abordat acest disc:<\/p>\n<p>Unele dintre cele mai bune piese de la Bob Marley \u015fi John Lennon au ca punct cheie simplitatea,<\/p>\n<p> <a class=\"echo_read_more\" href=\"https:\/\/www.infomusic.ro\/2023\/04\/trupa-haelos-deschide-concertul-depeche-mode-de-la-bucuresti\/\" target=\"_blank\" rel=\"noopener\">\u00a0\u00bb\u00a0Cite\u0219te continuarea pe pagina autorului<\/a><\/p>\n","protected":false},"excerpt":{"rendered":"<p>Concerte &#038; turnee H\u00c6LOS va deschide concertul Depeche Mode, ce va avea loc la Arena Na\u021bional\u0103 din Bucure\u0219ti pe 26 iulie 2023. Evenimentul face parte din turneul mondial &#8220;Memento Mori&#8221;, cel de-al 19-lea turneu al trupei Depeche Mode \u0219i primul dup\u0103 mai bine de cinci ani. Mai multe detalii \u00een articol. Publicat acum 7 ore [&hellip;]<\/p>\n","protected":false},"author":1,"featured_media":5588,"comment_status":"open","ping_status":"open","sticky":false,"template":"","format":"standard","meta":{"_crdt_document":"","footnotes":""},"categories":[4],"tags":[],"class_list":["post-5587","post","type-post","status-publish","format-standard","has-post-thumbnail","hentry","category-noutati"],"_links":{"self":[{"href":"https:\/\/news-fm.ro\/index.php\/wp-json\/wp\/v2\/posts\/5587","targetHints":{"allow":["GET"]}}],"collection":[{"href":"https:\/\/news-fm.ro\/index.php\/wp-json\/wp\/v2\/posts"}],"about":[{"href":"https:\/\/news-fm.ro\/index.php\/wp-json\/wp\/v2\/types\/post"}],"author":[{"embeddable":true,"href":"https:\/\/news-fm.ro\/index.php\/wp-json\/wp\/v2\/users\/1"}],"replies":[{"embeddable":true,"href":"https:\/\/news-fm.ro\/index.php\/wp-json\/wp\/v2\/comments?post=5587"}],"version-history":[{"count":0,"href":"https:\/\/news-fm.ro\/index.php\/wp-json\/wp\/v2\/posts\/5587\/revisions"}],"wp:featuredmedia":[{"embeddable":true,"href":"https:\/\/news-fm.ro\/index.php\/wp-json\/wp\/v2\/media\/5588"}],"wp:attachment":[{"href":"https:\/\/news-fm.ro\/index.php\/wp-json\/wp\/v2\/media?parent=5587"}],"wp:term":[{"taxonomy":"category","embeddable":true,"href":"https:\/\/news-fm.ro\/index.php\/wp-json\/wp\/v2\/categories?post=5587"},{"taxonomy":"post_tag","embeddable":true,"href":"https:\/\/news-fm.ro\/index.php\/wp-json\/wp\/v2\/tags?post=5587"}],"curies":[{"name":"wp","href":"https:\/\/api.w.org\/{rel}","templated":true}]}}