{"id":5585,"date":"2023-04-12T14:59:35","date_gmt":"2023-04-12T14:59:35","guid":{"rendered":"http:\/\/news-fm.ro\/index.php\/2023\/04\/12\/coma-a-lansat-albumul-acordul-parintilor-tracklist\/"},"modified":"2023-04-12T14:59:35","modified_gmt":"2023-04-12T14:59:35","slug":"coma-a-lansat-albumul-acordul-parintilor-tracklist","status":"publish","type":"post","link":"https:\/\/news-fm.ro\/index.php\/2023\/04\/12\/coma-a-lansat-albumul-acordul-parintilor-tracklist\/","title":{"rendered":"COMA a lansat albumul &#8220;Acordul p\u0103rin\u021bilor&#8221; &#8211; TRACKLIST"},"content":{"rendered":"<p>&#8221; este a \u0219asea si ultima semn\u0103tur\u0103 de pe . A fost f\u0103cut\u0103 cu ultimele pic\u0103turi din c\u0103limar\u0103 \u0219i la o or\u0103 t\u00e2rzie&#8230; \u015fi am pus \u00een ea am\u0103r\u0103ciune \u015fi dezgust, r\u0103ceal\u0103, resemnare, indiferen\u0163\u0103, dar \u0219i un strop de melancolie. \u0218i am r\u00e2s. Pentru c\u0103 ea mi-a z\u00e2mbit, mi-a spus &#8230; \u0219i m-a \u00eembr\u0103\u021bi\u0219at cu bl\u00e2nde\u021be&#8221;, a declarat COMA.<\/p>\n<\/p>\n<p>&#8220;Acordul p\u0103rin\u021bilor&#8221; este colec\u021bie de melodii rezultat\u0103 \u00een urma unui experiment desf\u0103\u0219urat \u00een timpul pandemiei, c\u00e2nd membrii forma\u021biei au lucrat individual. Pe &#8220;Acordul p\u0103rin\u021bilor&#8221;, piesele sunt g\u00e2ndite \u00een tandem, opun\u00e2nd diferite teme ale tr\u0103irilor noastre interioare ascunse sau uitate ca \u00eentr-o balan\u021b\u0103, \u00een speran\u021ba unei confrunt\u0103ri care s\u0103 duc\u0103 la echilibru.<\/p>\n<p>&#8220;Aurora&#8221; a fost primul c\u00e2ntec de pe &#8220;Acordul p\u0103rin\u021bilor&#8221;.\u00a0El poart\u0103 numele zei\u021bei romane a dimine\u021bii pentru c\u0103 mesajul s\u0103u este str\u00e2ns legat de puterea pe care o poate avea acest moment al zilei asupra omului &#8211; acea putere de a te face, pierz\u00e2ndu-te \u00een razele ei, s\u0103 ai curaj s\u0103 porne\u0219ti spre dorin\u021bele tale cele mai abandonate, s\u0103 le sco\u021bi la iveal\u0103 \u0219i s\u0103 le permi\u021bi s\u0103 explodeze.<\/p>\n<p>&#8220;NYX&#8221; a fost a doua melodie lansat\u0103 de COMA de pe urm\u0103torul material,\u00a0care a sosit ca o promisiune c\u0103tre &#8220;sine&#8221;. Noaptea (Nyx), de pe pozi\u0163ia de &#8220;sfetnic cel bun&#8221;, ajut\u0103 la limpezirea g\u00e2ndurilor, iar floarea de Nu-m\u0103-uita, prin proiectarea semnifica\u0163iei asupra propriei persoane, stabile\u015fte condi\u0163iile func\u0163ion\u0103rii acestei promisiuni.<\/p>\n<p>&#8220;IZA&#8221; a fost al treilea single de pe &#8220;Acordul p\u0103rintilor&#8221;\u00a0\u0219i poart\u0103 numele unei prietene a forma\u021biei care, cu o \u00eenregistrare a interpret\u0103rii la pian, \u00een maniera proprie, a unei piese COMA, a adus inspira\u021bie \u0219i lini\u0219te. Tema muzical\u0103 este construit\u0103 din sample-uri inspirate din acea \u00eenregistrare, iar versurile merg pe aceea\u0219i linie a introspec\u021biei, gravit\u00e2nd \u00een jurul ideii de \u00eemp\u0103care.<\/p>\n<p>&#8220;Calista&#8221;, a patra melodie, vorbe\u0219te despre toate p\u0103r\u021bile noastre conflictuale la care nu dorim s\u0103 renun\u021b\u0103m, dar \u0219i despre urm\u0103rile posibile la care nimeni nu se mai g\u00e2nde\u0219te. Recent, COMA a lansat piesa &#8220;Naufragii&#8221;, o colaborare cu Maru.<\/p>\n<p> Tracklist &#8220;Acordul p\u0103rin\u021bilor&#8221;: <\/p>\n<ol>\n<li>Aurora<\/li>\n<li>NYX<\/li>\n<li>Iza<\/li>\n<li>Calista<\/li>\n<li>Naufragii (feat. Maru)<\/li>\n<li>Lauri<\/li>\n<\/ol>\n<p> <a class=\"echo_read_more\" href=\"https:\/\/www.infomusic.ro\/2023\/04\/coma-a-lansat-albumul-acordul-parintilor-tracklist\/\" target=\"_blank\" rel=\"noopener\">\u00a0\u00bb\u00a0Cite\u0219te continuarea pe pagina autorului<\/a><\/p>\n","protected":false},"excerpt":{"rendered":"<p>&#8221; este a \u0219asea si ultima semn\u0103tur\u0103 de pe . A fost f\u0103cut\u0103 cu ultimele pic\u0103turi din c\u0103limar\u0103 \u0219i la o or\u0103 t\u00e2rzie&#8230; \u015fi am pus \u00een ea am\u0103r\u0103ciune \u015fi dezgust, r\u0103ceal\u0103, resemnare, indiferen\u0163\u0103, dar \u0219i un strop de melancolie. \u0218i am r\u00e2s. Pentru c\u0103 ea mi-a z\u00e2mbit, mi-a spus &#8230; \u0219i m-a \u00eembr\u0103\u021bi\u0219at cu [&hellip;]<\/p>\n","protected":false},"author":1,"featured_media":5586,"comment_status":"open","ping_status":"open","sticky":false,"template":"","format":"standard","meta":{"_crdt_document":"","footnotes":""},"categories":[4],"tags":[],"class_list":["post-5585","post","type-post","status-publish","format-standard","has-post-thumbnail","hentry","category-noutati"],"_links":{"self":[{"href":"https:\/\/news-fm.ro\/index.php\/wp-json\/wp\/v2\/posts\/5585","targetHints":{"allow":["GET"]}}],"collection":[{"href":"https:\/\/news-fm.ro\/index.php\/wp-json\/wp\/v2\/posts"}],"about":[{"href":"https:\/\/news-fm.ro\/index.php\/wp-json\/wp\/v2\/types\/post"}],"author":[{"embeddable":true,"href":"https:\/\/news-fm.ro\/index.php\/wp-json\/wp\/v2\/users\/1"}],"replies":[{"embeddable":true,"href":"https:\/\/news-fm.ro\/index.php\/wp-json\/wp\/v2\/comments?post=5585"}],"version-history":[{"count":0,"href":"https:\/\/news-fm.ro\/index.php\/wp-json\/wp\/v2\/posts\/5585\/revisions"}],"wp:featuredmedia":[{"embeddable":true,"href":"https:\/\/news-fm.ro\/index.php\/wp-json\/wp\/v2\/media\/5586"}],"wp:attachment":[{"href":"https:\/\/news-fm.ro\/index.php\/wp-json\/wp\/v2\/media?parent=5585"}],"wp:term":[{"taxonomy":"category","embeddable":true,"href":"https:\/\/news-fm.ro\/index.php\/wp-json\/wp\/v2\/categories?post=5585"},{"taxonomy":"post_tag","embeddable":true,"href":"https:\/\/news-fm.ro\/index.php\/wp-json\/wp\/v2\/tags?post=5585"}],"curies":[{"name":"wp","href":"https:\/\/api.w.org\/{rel}","templated":true}]}}