{"id":5575,"date":"2023-04-10T13:59:55","date_gmt":"2023-04-10T13:59:55","guid":{"rendered":"https:\/\/news-fm.ro\/index.php\/2023\/04\/10\/il-volo-revine-in-concert-la-sala-palatului\/"},"modified":"2023-04-10T13:59:55","modified_gmt":"2023-04-10T13:59:55","slug":"il-volo-revine-in-concert-la-sala-palatului","status":"publish","type":"post","link":"https:\/\/news-fm.ro\/index.php\/2023\/04\/10\/il-volo-revine-in-concert-la-sala-palatului\/","title":{"rendered":"Il Volo revine \u00een concert la Sala Palatului"},"content":{"rendered":"<p>Concertul crossover al trupei Il Volo de la Sala Palatului va cuprinde interpret\u0103ri ale unor melodii pop-opera adorate de publicul din \u00eentreaga lume, dar \u0219i piesele de rezisten\u021b\u0103 ce i-au propulsat \u00een topul celor mai aprecia\u021bi arti\u0219ti interna\u021bionali. &#8220;O Sole Mio&#8221;, &#8220;Notte Stellata (The Swan)&#8221; sau &#8220;Grande Amore&#8221; sunt doar c\u00e2teva dintre ingredientele concertului, pres\u0103rate cu momente fine de umor menite s\u0103 cucereasc\u0103 publicul \u0219i s\u0103 ofere o sear\u0103 de neuitat.<\/p>\n<p>Din anul 2009 \u0219i p\u00e2n\u0103 \u00een prezent, Il Volo a sus\u0163inut peste 300 de concerte pe toate continentele, \u00een fa\u021ba a peste 2 milioane de spectatori. A c\u00e2ntat \u00een cele mai prestigioase s\u0103li, precum Royal Albert Hall, Radio City Music Hall din New York sau Arena di Verona \u00een Italia. Grupul a readus \u00een aten\u021bia iubitorilor de concerte live din \u00eentreaga lume frumuse\u0163ea muzicii clasice, a operei tradi\u0163ionale \u015fi a belcanto-lui italian.<\/p>\n<p>Piero, Ignazio \u0219i Gianluca sunt aplauda\u0163i \u00een \u00eentreaga lume pentru energia \u0219i bucuria pe care o transmit publicului atunci c\u00e2nd sunt pe scen\u0103. Vocile lor unice \u015fi abilit\u0103\u0163ile de interpretare au fost comparate cu vocile celor mai mari soli\u0219ti clasici. Cei trei \u015fi-au \u00eenceput cariera la v\u00e2rsta de 14 ani, c\u00e2nd au ap\u0103rut \u00eentr-o emisiune televizat\u0103. Produc\u0103torul acelui show i-a reunit \u00eentr-un trio \u015fi le-a ales numele de scen\u0103 &#8211; Il Volo. Datorit\u0103 talentului lor uimitor, c\u00e2nt\u0103re\u021bii au \u00eemp\u0103r\u021bit scena cu unii dintre cei mari arti\u0219ti interna\u021bionali, precum Barbra Streisand, Bono, Carlos Santana sau Eros Ramazzoti.<\/p>\n<\/p>\n<p>\u00cen 2015, au c\u00e2\u015ftigat concursul Sanremo cu piesa &#8220;Grande Amore&#8221; \u015fi au reprezentat Italia la Eurovision. Apoi, au lansat albumul &#8220;Notte Magica &#8211; un omagiu adus celor trei tenori&#8221; (Carreras \u2013 Domingo &#8211; Pavarotti) iar \u00een 2016 \u015fi 2017 au sus\u021binut un turneu mondial de mare succes.<\/p>\n<p>Unul dintre cele mai recente albume ale trupei Il Volo &#8211; &#8220;Musica&#8221; &#8211; a cucerit publicul Sanremo \u0219i s-a aflat \u00een Top 10 al celor mai bine v\u00e2ndute albume de pe iTunes, \u00een 14 \u0163\u0103ri &#8211; Malta, Brazilia, Israel sau Japonia.<\/p>\n<p>  Bilete concert Il Volo la Sala Palatului: <\/p>\n<p>Bilete se pun \u00een v\u00e2nzare online, \u00eencep\u00e2nd cu 11 aprilie. Pentru mai multe detalii, accesa\u021bi<a href=\"https:\/\/www.infomusic.ro\/agenda\/il-volo-concert-sala-palatului-2023\/\" target=\"_blank\" rel=\"noopener\"> agenda InfoMusic.<\/a><\/p>\n<p> <a class=\"echo_read_more\" href=\"https:\/\/www.infomusic.ro\/2023\/04\/il-volo-sustin-un-concert-la-sala-palatului-2023\/\" target=\"_blank\" rel=\"noopener\">\u00a0\u00bb\u00a0Cite\u0219te continuarea pe pagina autorului<\/a><\/p>\n","protected":false},"excerpt":{"rendered":"<p>Concertul crossover al trupei Il Volo de la Sala Palatului va cuprinde interpret\u0103ri ale unor melodii pop-opera adorate de publicul din \u00eentreaga lume, dar \u0219i piesele de rezisten\u021b\u0103 ce i-au propulsat \u00een topul celor mai aprecia\u021bi arti\u0219ti interna\u021bionali. &#8220;O Sole Mio&#8221;, &#8220;Notte Stellata (The Swan)&#8221; sau &#8220;Grande Amore&#8221; sunt doar c\u00e2teva dintre ingredientele concertului, pres\u0103rate [&hellip;]<\/p>\n","protected":false},"author":1,"featured_media":5576,"comment_status":"open","ping_status":"open","sticky":false,"template":"","format":"standard","meta":{"_crdt_document":"","footnotes":""},"categories":[4],"tags":[],"class_list":["post-5575","post","type-post","status-publish","format-standard","has-post-thumbnail","hentry","category-noutati"],"_links":{"self":[{"href":"https:\/\/news-fm.ro\/index.php\/wp-json\/wp\/v2\/posts\/5575","targetHints":{"allow":["GET"]}}],"collection":[{"href":"https:\/\/news-fm.ro\/index.php\/wp-json\/wp\/v2\/posts"}],"about":[{"href":"https:\/\/news-fm.ro\/index.php\/wp-json\/wp\/v2\/types\/post"}],"author":[{"embeddable":true,"href":"https:\/\/news-fm.ro\/index.php\/wp-json\/wp\/v2\/users\/1"}],"replies":[{"embeddable":true,"href":"https:\/\/news-fm.ro\/index.php\/wp-json\/wp\/v2\/comments?post=5575"}],"version-history":[{"count":0,"href":"https:\/\/news-fm.ro\/index.php\/wp-json\/wp\/v2\/posts\/5575\/revisions"}],"wp:featuredmedia":[{"embeddable":true,"href":"https:\/\/news-fm.ro\/index.php\/wp-json\/wp\/v2\/media\/5576"}],"wp:attachment":[{"href":"https:\/\/news-fm.ro\/index.php\/wp-json\/wp\/v2\/media?parent=5575"}],"wp:term":[{"taxonomy":"category","embeddable":true,"href":"https:\/\/news-fm.ro\/index.php\/wp-json\/wp\/v2\/categories?post=5575"},{"taxonomy":"post_tag","embeddable":true,"href":"https:\/\/news-fm.ro\/index.php\/wp-json\/wp\/v2\/tags?post=5575"}],"curies":[{"name":"wp","href":"https:\/\/api.w.org\/{rel}","templated":true}]}}