{"id":5563,"date":"2023-04-05T20:58:39","date_gmt":"2023-04-05T20:58:39","guid":{"rendered":"http:\/\/news-fm.ro\/index.php\/2023\/04\/05\/cand-are-loc-spotlight-2023-festivalul-de-arta-vizuala-in-aer-liber\/"},"modified":"2023-04-05T20:58:39","modified_gmt":"2023-04-05T20:58:39","slug":"cand-are-loc-spotlight-2023-festivalul-de-arta-vizuala-in-aer-liber","status":"publish","type":"post","link":"https:\/\/news-fm.ro\/index.php\/2023\/04\/05\/cand-are-loc-spotlight-2023-festivalul-de-arta-vizuala-in-aer-liber\/","title":{"rendered":"C\u00e2nd are loc Spotlight 2023, festivalul de art\u0103 vizual\u0103 \u00een aer liber"},"content":{"rendered":"<p>Edi\u0163ia Spotlight din acest an se nume\u015fte Geometry of the City \u015fi \u00ee\u015fi propune s\u0103 transforme geometria ora\u015fului prin trei zile de spectacole de lumin\u0103, culoare \u015fi sunet. Astfel, \u00eentre 21 \u015fi 23 aprilie, cl\u0103diri celebre din Bucure\u015fti prind via\u0163\u0103 prin videomapping, locuri emblematice sunt populate de instala\u0163ii multimedia, iar statuile ora\u015fului sunt animate prin proiec\u0163ii de light art.<\/p>\n<p>  Premiere la Spotlight &#8211; Geometry of the City <\/p>\n<p>\u00cen premier\u0103 la Spotlight, Hotel InterContinental Ath\u00e9n\u00e9e Palace Bucharest este inclus \u00een circuitul festivalului cu o proiec\u0163ie luminoas\u0103 de foarte mari dimensiuni, ce poart\u0103 semn\u0103tura unuia dintre cei mai importan\u0163i arti\u015fti contemporani din Rom\u00e2nia, Roman Tolici. De asemenea, harta Spoltight se extinde, \u00een acest an, cu o instala\u0163ie \u00een Centrul istoric, pe fa\u0163ada Hanului Gabroveni, sediul Centrului Cultural al Municipiului Bucure\u015fti &#8211; ARCUB.<\/p>\n<p>Este, de altfel, pentru prima dat\u0103 c\u00e2nd programul Spotlight include lucr\u0103ri realizate de nume celebre ale artei contemporane din Rom\u00e2nia ce transform\u0103 locuri cunoscute din Bucure\u015fti \u00eempreun\u0103 cu pionieri new media din Fran\u0163a, Ungaria \u015fi Austria.<\/p>\n<p>Un alt element de noutate al edi\u0163iei din acest an a festivalului este muzica coral\u0103 inclus\u0103 \u00een programul Spotlight ca element de inspira\u0163ie pentru un spectacol de videomapping. Spotlight Festival 2023 marcheaz\u0103 \u00eemplinirea a 60 de ani de existen\u0163\u0103 a Corului Na\u0163ional de Camer\u0103 &#8220;Madrigal &#8211; Marin Constantin&#8221; cu o sesiune de videomapping pe fa\u0163ada Teatrului Odeon, realizat\u0103 de Mindscape Studio dup\u0103 un fragment muzical interpretat de celebrul ansamblu vocal.<\/p>\n<p> Harta Spotlight &#8211; Geometry of The City <\/p>\n<p>\u00cen weekendul 21-23 aprilie 2023, Spotlight invit\u0103 publicul s\u0103 exploreze un ora\u015f reinventat de arta new media prin zeci de instala\u0163ii \u015fi proiec\u0163ii de light-art pe Calea Victoriei \u015fi la ARCUB &#8211; Hanul Gabroveni. De la statuia lui Mihai Eminescu din parcul Ateneului transformat\u0103 \u00eentr-un joc vizual, la Palatul Telefoanelor escaladat de personaje ilustrate, la Teatrul Odeon devenit teren de joac\u0103 sau parcul Kretzulescu devenit o gr\u0103din\u0103 de flori din lumin\u0103, Spotlight &#8211; Geometry of the City a preg\u0103tit pentru bucure\u015fteni o aventur\u0103 vizual\u0103 spectaculoas\u0103. Traseul Spotlight din acest an \u00eencepe de la intersec\u0163ia Calea Victoriei cu strada Pia\u0163a Amzei \u015fi continu\u0103 de-a lungul acesteia p\u00e2n\u0103 la Cercul Militar, cu o ultim\u0103 oprire \u00een Centrul Vechi, la ARCUB &#8211; Hanul Gabroveni.<\/p>\n<p>  Programul Spotlight &#8211; Geometry of the City 2023 | 21-23 aprilie 2023 <\/p>\n<p>Programul Spotlight \u00eencepe, \u00een fiecare zi de festival, de la ora 19:30 \u0219i se \u00eencheie la ora 23:00.<\/p>\n<p>&#8220;Statui vii&#8221; la Spotlight &#8211; Geometry of The City<\/p>\n<p>Pentru a doua oar\u0103 consecutiv, MONUMENT for &#8211; Direc\u0163ia General\u0103 de Arhitectur\u0103 Peisagistic\u0103 \u015fi Monumente de For Public se al\u0103tur\u0103 Festivalului Spotlight \u015fi anim\u0103 o serie de statui de pe Calea Victoriei prin spectacole de videomapping create de Les Ateliers Nomad \u00een cadrul programului &#8220;Statui vii&#8221;, o campanie ini\u0163iat\u0103 de MONUMENT for, ce \u00ee\u015fi propune s\u0103 valorizeze monumente emblematice ale ora\u015fului printr-o serie de reactiv\u0103ri artistice.<\/p>\n<p>Despre Spotlight &#8211; Bucharest International Light Festival<\/p>\n<p>Spotlight &#8211; Bucharest International Light Festival se afl\u0103 la a \u015faptea edi\u021bie \u0219i este unul dintre evenimentele bucure\u0219tene care str\u00e2nge anual peste 150.000 de spectatori \u00een trei zile de festival. Zeci de lucr\u0103ri artistice, instala\u021bii, sisteme de iluminare arhitectural\u0103 \u0219i video-mapping din Germania, Ungaria, Slovacia, Finlanda, Cehia, Polonia, Fran\u021ba, Austria \u0219i Rom\u00e2nia transform\u0103 cl\u0103diri emblematice din Bucure\u0219ti.<\/p>\n<p>Din anul 2023, Spotlight Festival este membru al <\/p>\n<p> <a class=\"echo_read_more\" href=\"https:\/\/www.infomusic.ro\/2023\/04\/cand-are-loc-spotlight-2023\/\" target=\"_blank\" rel=\"noopener\">\u00a0\u00bb\u00a0Cite\u0219te continuarea pe pagina autorului<\/a><\/p>\n","protected":false},"excerpt":{"rendered":"<p>Edi\u0163ia Spotlight din acest an se nume\u015fte Geometry of the City \u015fi \u00ee\u015fi propune s\u0103 transforme geometria ora\u015fului prin trei zile de spectacole de lumin\u0103, culoare \u015fi sunet. Astfel, \u00eentre 21 \u015fi 23 aprilie, cl\u0103diri celebre din Bucure\u015fti prind via\u0163\u0103 prin videomapping, locuri emblematice sunt populate de instala\u0163ii multimedia, iar statuile ora\u015fului sunt animate prin [&hellip;]<\/p>\n","protected":false},"author":1,"featured_media":5564,"comment_status":"open","ping_status":"open","sticky":false,"template":"","format":"standard","meta":{"_crdt_document":"","footnotes":""},"categories":[4],"tags":[],"class_list":["post-5563","post","type-post","status-publish","format-standard","has-post-thumbnail","hentry","category-noutati"],"_links":{"self":[{"href":"https:\/\/news-fm.ro\/index.php\/wp-json\/wp\/v2\/posts\/5563","targetHints":{"allow":["GET"]}}],"collection":[{"href":"https:\/\/news-fm.ro\/index.php\/wp-json\/wp\/v2\/posts"}],"about":[{"href":"https:\/\/news-fm.ro\/index.php\/wp-json\/wp\/v2\/types\/post"}],"author":[{"embeddable":true,"href":"https:\/\/news-fm.ro\/index.php\/wp-json\/wp\/v2\/users\/1"}],"replies":[{"embeddable":true,"href":"https:\/\/news-fm.ro\/index.php\/wp-json\/wp\/v2\/comments?post=5563"}],"version-history":[{"count":0,"href":"https:\/\/news-fm.ro\/index.php\/wp-json\/wp\/v2\/posts\/5563\/revisions"}],"wp:featuredmedia":[{"embeddable":true,"href":"https:\/\/news-fm.ro\/index.php\/wp-json\/wp\/v2\/media\/5564"}],"wp:attachment":[{"href":"https:\/\/news-fm.ro\/index.php\/wp-json\/wp\/v2\/media?parent=5563"}],"wp:term":[{"taxonomy":"category","embeddable":true,"href":"https:\/\/news-fm.ro\/index.php\/wp-json\/wp\/v2\/categories?post=5563"},{"taxonomy":"post_tag","embeddable":true,"href":"https:\/\/news-fm.ro\/index.php\/wp-json\/wp\/v2\/tags?post=5563"}],"curies":[{"name":"wp","href":"https:\/\/api.w.org\/{rel}","templated":true}]}}