{"id":5559,"date":"2023-04-05T12:58:44","date_gmt":"2023-04-05T12:58:44","guid":{"rendered":"http:\/\/news-fm.ro\/index.php\/2023\/04\/05\/smiley-horia-brenciu-vita-de-vie-canta-la-miez-festival-2023\/"},"modified":"2023-04-05T12:58:44","modified_gmt":"2023-04-05T12:58:44","slug":"smiley-horia-brenciu-vita-de-vie-canta-la-miez-festival-2023","status":"publish","type":"post","link":"https:\/\/news-fm.ro\/index.php\/2023\/04\/05\/smiley-horia-brenciu-vita-de-vie-canta-la-miez-festival-2023\/","title":{"rendered":"Smiley, Horia Brenciu, Vi\u021ba de Vie c\u00e2nt\u0103 la MIEZ Festival 2023"},"content":{"rendered":"<p>Patru finali\u0219ti, un singur c\u00e2\u0219tig\u0103tor. Iulian Nunuc\u0103 a primit titulatura de Vocea Rom\u00e2niei 2022 \u0219i a bifat a cincea victorie a antrenorului Tudor Chiril\u0103.\u00a0\u00cen cadrul finalei,\u00a0am avut parte de momente individuale ale fiec\u0103rui concurent din cele patru echipe, de momente muzicale ale concuren\u021bilor al\u0103turi de antrenorii lor, dar \u0219i duete ale finalistelor \u00eempreun\u0103 cu arti\u0219ti cunoscu\u021bi. Astfel, fiecare echip\u0103 a \u00eenc\u00e2ntat publicul cu c\u00e2te trei interpret\u0103ri.<\/p>\n<p> Clasamentul final Vocea Rom\u00e2niei 2022 <\/p>\n<ul>\n<li>Locul 1: Iulian Nunuc\u0103 (echipa Tudor)<\/li>\n<li>Locul 2: Andra Botez (echipa Irina)<\/li>\n<li>Locul 3: Teodor Debu (echipa Denis)<\/li>\n<li>Locul 4: Winael Baldus (echipa Smiley &#038; Theo Rose)<\/li>\n<\/ul>\n<p> Rezumatul finalei Vocea Rom\u00e2niei 2022 <\/p>\n<p>Andra Botez a dat startul finalei de la Vocea Rom\u00e2niei. Concurenta din echipa Irina Rimes a urcat pe scena al\u0103turi de Damian Dr\u0103ghici \u0219i Surorile Osoianu. Arti\u0219tii au interpretat piesa &#8220;Ielele&#8221;.<\/p>\n<\/p>\n<p>A urmat Teodor Debu, din echipa lui Denis Roabe\u0219. Concurentul a avut un moment solo \u0219i a c\u00e2ntat piesa &#8220;Say Something&#8221;.<\/p>\n<p>&#8220;Ai r\u0103mas l\u00e2ng\u0103 noi p\u00e2n\u0103 la final. M\u0103 bucur c\u0103 ai r\u0103mas cu noi p\u00e2n\u0103 la final. E\u0219ti o surpriz\u0103 \u0219i \u00ee\u021bi doresc s\u0103 fii o surpriz\u0103 mereu. Te felicit!&#8221;, a spus Irina Rimes.<\/p>\n<p>Theo Rose a continuat:<\/p>\n<p>&#8220;Vocea Rom\u00e2niei o s\u0103 aib\u0103 in istoric exemplul asta de tineri. Aici ai venit s\u0103 \u00een\u021belegi c\u0103 e\u0219ti perfect a\u0219a cum e\u0219ti \u0219i s\u0103 descoperi ce ai tu special&#8221;.<\/p>\n<p>Tudor Chiril\u0103 a spus c\u0103 \u00eel vede pe Teodor abord\u00e2nd genul hip-hop, men\u021bion\u00e2nd \u0219i:<\/p>\n<p>&#8220;Eu sper ca muzica s\u0103 te ajute s\u0103-\u021bi \u00eembl\u00e2nze\u0219ti demonii&#8221;.<\/p>\n<\/p>\n<p>Theo Rose, Smiley \u0219i Winael Baldus au adus la Vocea Rom\u00e2niei un moment plin de emo\u021bie \u0219i \u00eensemn\u0103tate. Cei trei au interpretat piesa &#8220;Aprinde sc\u00e2nteia&#8221;.<\/p>\n<p>Sunte\u021bi foarte gangsta to\u021bi! Felicit\u0103ri c\u0103 a\u021bi foarte mi\u0219to!, a spus Tudor Chiril\u0103 suger\u00e2nd ca Winael s-ar potrivi pe coloana sonor\u0103 a serialului &#8220;Clanul&#8221;.<\/p>\n<p>Smiley a m\u0103rturisit:<\/p>\n<p>&#8220;M-am bucurat foarte tare c\u0103 am pus \u00een scen\u0103 piesa asta. E o pies\u0103 care are o importan\u021b\u0103 foarte mare pentru mine ca \u0219i mesaj&#8221;.<\/p>\n<p>Denis l-a felicitat pe Winael pentru tot parcursul s\u0103u de la Vocea Rom\u00e2niei.<\/p>\n<\/p>\n<p>Iulian Nunuc\u0103 a urmat cu o presta\u021bie solo. T\u00e2n\u0103rul a c\u00e2ntat piesa &#8220;All by myself&#8221;.<\/p>\n<p>&#8220;Superb, felicit\u0103ri! Iulian, ai o voce excep\u021bional\u0103 \u0219i m\u0103 bucur pentru tot parcursul pe care l-ai avut&#8221;, a spus Denis, ad\u0103ug\u00e2nd c\u0103 filosofia concurentului este s\u0103 se bucure de ceea ce c\u00e2nt\u0103.\u00a0<\/p>\n<p>Smiley a declarat:<\/p>\n<p>Iulian, e\u0219ti foarte bun! Ai ajuns p\u00e2n\u0103 \u00een final\u0103. E\u0219ti una dintre vocile spectaculoase ale acestei edi\u021bii. Bucur\u0103-te, tat\u0103! Bucur\u0103-te de fiecare lucru care \u021bi se \u00eent\u00e2mpl\u0103 din plin. Bravo \u021bie!&#8221;<\/p>\n<\/p>\n<p>Teodor Debu a revenit pe scen\u0103, de data aceasta acompaniat de Carla&#8217;s Dreams. Cei doi au \u00eenc\u00e2ntat audien\u021ba cu &#8220;Sub pielea mea&#8221;.<\/p>\n<\/p>\n<p>Winael a c\u00e2ntat o pies\u0103 solicitant\u0103 pentru momentul s\u0103u solo. Concurentul a interpretat &#8220;SOS&#8221;.<\/p>\n<p>&#8220;Eu vreau doar s\u0103-\u021bi mul\u021bumesc pentru o lec\u021bie de gratuitate \u0219i altruism. \u00ce\u021bi mul\u021bumesc c\u0103 mi-ai dat voie s\u0103 stau \u00een jurul t\u0103u&#8221;, a spus Theo Rose, ad\u0103ug\u00e2nd c\u0103 rom\u00e2nii l-au &#8220;adoptat&#8221; pe Winael \u0219i l-au adus \u00een finala de la Vocea Rom\u00e2niei.<\/p>\n<p>Smiley a fost de p\u0103rere c\u0103 piesa a meritat orice risc. Antrenorul a ad\u0103ugat c\u0103 vocea lui Winael este de nivel interna\u021bional \u0219i c\u0103 poate face fa\u021b\u0103 oric\u0103rui c\u00e2ntec.<\/p>\n<p>&#8220;Mi-e greu s\u0103 vorbesc. Am avut emo\u021bii foarte mari pentru el.<\/p>\n<p> <a class=\"echo_read_more\" href=\"https:\/\/www.infomusic.ro\/2023\/04\/lineup-miez-festival-bucuresti-2023\/\" target=\"_blank\" rel=\"noopener\">\u00a0\u00bb\u00a0Cite\u0219te continuarea pe pagina autorului<\/a><\/p>\n","protected":false},"excerpt":{"rendered":"<p>Patru finali\u0219ti, un singur c\u00e2\u0219tig\u0103tor. Iulian Nunuc\u0103 a primit titulatura de Vocea Rom\u00e2niei 2022 \u0219i a bifat a cincea victorie a antrenorului Tudor Chiril\u0103.\u00a0\u00cen cadrul finalei,\u00a0am avut parte de momente individuale ale fiec\u0103rui concurent din cele patru echipe, de momente muzicale ale concuren\u021bilor al\u0103turi de antrenorii lor, dar \u0219i duete ale finalistelor \u00eempreun\u0103 cu arti\u0219ti [&hellip;]<\/p>\n","protected":false},"author":1,"featured_media":5560,"comment_status":"open","ping_status":"open","sticky":false,"template":"","format":"standard","meta":{"_crdt_document":"","footnotes":""},"categories":[4],"tags":[],"class_list":["post-5559","post","type-post","status-publish","format-standard","has-post-thumbnail","hentry","category-noutati"],"_links":{"self":[{"href":"https:\/\/news-fm.ro\/index.php\/wp-json\/wp\/v2\/posts\/5559","targetHints":{"allow":["GET"]}}],"collection":[{"href":"https:\/\/news-fm.ro\/index.php\/wp-json\/wp\/v2\/posts"}],"about":[{"href":"https:\/\/news-fm.ro\/index.php\/wp-json\/wp\/v2\/types\/post"}],"author":[{"embeddable":true,"href":"https:\/\/news-fm.ro\/index.php\/wp-json\/wp\/v2\/users\/1"}],"replies":[{"embeddable":true,"href":"https:\/\/news-fm.ro\/index.php\/wp-json\/wp\/v2\/comments?post=5559"}],"version-history":[{"count":0,"href":"https:\/\/news-fm.ro\/index.php\/wp-json\/wp\/v2\/posts\/5559\/revisions"}],"wp:featuredmedia":[{"embeddable":true,"href":"https:\/\/news-fm.ro\/index.php\/wp-json\/wp\/v2\/media\/5560"}],"wp:attachment":[{"href":"https:\/\/news-fm.ro\/index.php\/wp-json\/wp\/v2\/media?parent=5559"}],"wp:term":[{"taxonomy":"category","embeddable":true,"href":"https:\/\/news-fm.ro\/index.php\/wp-json\/wp\/v2\/categories?post=5559"},{"taxonomy":"post_tag","embeddable":true,"href":"https:\/\/news-fm.ro\/index.php\/wp-json\/wp\/v2\/tags?post=5559"}],"curies":[{"name":"wp","href":"https:\/\/api.w.org\/{rel}","templated":true}]}}