{"id":5389,"date":"2023-02-23T21:58:40","date_gmt":"2023-02-23T21:58:40","guid":{"rendered":"http:\/\/news-fm.ro\/index.php\/2023\/02\/23\/russell-crowe-se-lupta-cu-demoni-in-trailerul-filmului-the-popes-exorcist-video\/"},"modified":"2023-02-23T21:58:40","modified_gmt":"2023-02-23T21:58:40","slug":"russell-crowe-se-lupta-cu-demoni-in-trailerul-filmului-the-popes-exorcist-video","status":"publish","type":"post","link":"https:\/\/news-fm.ro\/index.php\/2023\/02\/23\/russell-crowe-se-lupta-cu-demoni-in-trailerul-filmului-the-popes-exorcist-video\/","title":{"rendered":"Russell Crowe se lupt\u0103 cu demoni \u00een trailerul filmului &#8220;The Pope&#8217;s Exorcist&#8221; &#8211; VIDEO"},"content":{"rendered":"<p>Trailerul &#8220;The Pope&#8217;s Exorcist&#8221; \u00eel prezint\u0103 pe Russell Crowe \u00een rolul preotului Gabriele Amorth, exorcistul oficial al bisericii catolice. El se afl\u0103 \u00een fa\u021ba unui consiliu bisericesc de la Vatican unde explic\u0103 c\u0103 majoritatea practicilor de exorcizare pe care le efectueaz\u0103 se termin\u0103 cu el spun\u00e2ndu-le persoanelor &#8220;posedate&#8221; s\u0103 mearg\u0103 la medici sau la psihiatri. Cu toate acestea, Papa (Franco Nero) \u00eel roag\u0103 s\u0103 investigheze un caz \u00een care un adolescent pare s\u0103 fie realmente posedat de un demon.<\/p>\n<p>\u00cen timp ce Amorth se ocup\u0103 de caz, descoper\u0103 o veche conspira\u021bie care se refer\u0103 la o experien\u021b\u0103 pe care biserica catolic\u0103 a avut-o cu acela\u0219i demon. Mai mult dec\u00e2t at\u00e2t, protagonistul pare s\u0103 se afle \u00een pericol, f\u0103c\u00e2ndu-i pe membrii consiliului s\u0103 se \u00eentrebe ce se poate \u00eent\u00e2mpla dac\u0103 exorcistul Papei ar c\u0103dea el \u00eensu\u0219i victima unui demon.<\/p>\n<p>&#8220;The Pope&#8217;s Exorcist&#8221; este regizat de Julius Avery, pe un scenariu scris de Michael Petroni \u0219i Evan Spiliopolous. Filmul se bazeaz\u0103 pe c\u0103r\u021bile lui Gabriele Amorth: &#8220;An Exorcist Tells His Story&#8221; \u0219i &#8220;An Exorcist: More Stories&#8221;.<\/p>\n<p>\u00cen via\u021ba real\u0103, Amorth, care a murit \u00een 2016 la 91 de ani, a sus\u021binut c\u0103 a efectuat peste 70.000 de ritualuri de exorcizare pe o perioad\u0103 de trei decenii. Gabriele Amorth \u0219i al\u021bi cinci preo\u021bi au fondat Asocia\u021bia Interna\u021bional\u0103 a Exorci\u0219tilor.<\/p>\n<p> TRAILER &#8220;The Pope&#8217;s Exorcist&#8221; <\/p>\n<p> <a class=\"echo_read_more\" href=\"https:\/\/www.infomusic.ro\/2023\/02\/russell-crowe-the-popes-exorcist-trailer\/\" target=\"_blank\" rel=\"noopener\">\u00a0\u00bb\u00a0Cite\u0219te continuarea pe pagina autorului<\/a><\/p>\n","protected":false},"excerpt":{"rendered":"<p>Trailerul &#8220;The Pope&#8217;s Exorcist&#8221; \u00eel prezint\u0103 pe Russell Crowe \u00een rolul preotului Gabriele Amorth, exorcistul oficial al bisericii catolice. El se afl\u0103 \u00een fa\u021ba unui consiliu bisericesc de la Vatican unde explic\u0103 c\u0103 majoritatea practicilor de exorcizare pe care le efectueaz\u0103 se termin\u0103 cu el spun\u00e2ndu-le persoanelor &#8220;posedate&#8221; s\u0103 mearg\u0103 la medici sau la psihiatri. [&hellip;]<\/p>\n","protected":false},"author":1,"featured_media":5390,"comment_status":"open","ping_status":"open","sticky":false,"template":"","format":"standard","meta":{"_crdt_document":"","footnotes":""},"categories":[4],"tags":[],"class_list":["post-5389","post","type-post","status-publish","format-standard","has-post-thumbnail","hentry","category-noutati"],"_links":{"self":[{"href":"https:\/\/news-fm.ro\/index.php\/wp-json\/wp\/v2\/posts\/5389","targetHints":{"allow":["GET"]}}],"collection":[{"href":"https:\/\/news-fm.ro\/index.php\/wp-json\/wp\/v2\/posts"}],"about":[{"href":"https:\/\/news-fm.ro\/index.php\/wp-json\/wp\/v2\/types\/post"}],"author":[{"embeddable":true,"href":"https:\/\/news-fm.ro\/index.php\/wp-json\/wp\/v2\/users\/1"}],"replies":[{"embeddable":true,"href":"https:\/\/news-fm.ro\/index.php\/wp-json\/wp\/v2\/comments?post=5389"}],"version-history":[{"count":0,"href":"https:\/\/news-fm.ro\/index.php\/wp-json\/wp\/v2\/posts\/5389\/revisions"}],"wp:featuredmedia":[{"embeddable":true,"href":"https:\/\/news-fm.ro\/index.php\/wp-json\/wp\/v2\/media\/5390"}],"wp:attachment":[{"href":"https:\/\/news-fm.ro\/index.php\/wp-json\/wp\/v2\/media?parent=5389"}],"wp:term":[{"taxonomy":"category","embeddable":true,"href":"https:\/\/news-fm.ro\/index.php\/wp-json\/wp\/v2\/categories?post=5389"},{"taxonomy":"post_tag","embeddable":true,"href":"https:\/\/news-fm.ro\/index.php\/wp-json\/wp\/v2\/tags?post=5389"}],"curies":[{"name":"wp","href":"https:\/\/api.w.org\/{rel}","templated":true}]}}