{"id":5272,"date":"2023-01-31T13:58:50","date_gmt":"2023-01-31T13:58:50","guid":{"rendered":"https:\/\/news-fm.ro\/index.php\/2023\/01\/31\/trupa-manic-sinners-a-lansat-o-versiune-acustica-a-piesei-ball-and-chain-audio\/"},"modified":"2023-01-31T13:58:50","modified_gmt":"2023-01-31T13:58:50","slug":"trupa-manic-sinners-a-lansat-o-versiune-acustica-a-piesei-ball-and-chain-audio","status":"publish","type":"post","link":"https:\/\/news-fm.ro\/index.php\/2023\/01\/31\/trupa-manic-sinners-a-lansat-o-versiune-acustica-a-piesei-ball-and-chain-audio\/","title":{"rendered":"Trupa Manic Sinners a lansat o versiune acustic\u0103 a piesei &#8220;Ball and Chain&#8221; &#8211; AUDIO"},"content":{"rendered":"<p>&#8220;Ball and Chain&#8221; a fost \u00eenregistrat\u0103 ca bonus track pentru edi\u021bia destinat\u0103 pie\u021bei din Japonia a albumului &#8220;King Of The Badlands&#8221;, ap\u0103rut in 2022 la casa de discuri Frontiers Music. Discul a fost mixat \u0219i masterizat de Alessandro Del Vecchio (Hardline, Revolution Saints, Sunstorm, Jorn), iar artwork-ul poarta semn\u0103tura lui Radu Damian, cunoscut pentru colabor\u0103rile sale cu Goodbye to Gravity, White Walls \u0219i Bucium.<\/p>\n<p>&#8220;Nu am ales calea u\u0219oar\u0103 c\u00e2nd ne-am decis s\u0103 \u00eenregistr\u0103m aceast\u0103 versiune a piesei , adic\u0103 nu am reinterpretat piesa originala  cu instrumente acustice, ci am preferat s\u0103 o rearanjam, s\u0103 \u00eei schimb\u0103m tonalitatea \u0219i s\u0103 ad\u0103ug\u0103m noi instrumente \u0219i armonii vocale. Acesta va fi ultimul nostru single pentru o perioad\u0103 mai lung\u0103, ne vom concentra pe viitor mai intens asupra trupelor din care facem parte&#8221;, a declarat Toni Dijm\u0103rescu.<\/p>\n<p>Manic Sinners este prima trup\u0103 din Rom\u00e2nia care a semnat un contract cu celebrul label italian Frontiers Music, al\u0103tur\u00e2ndu-se unor nume precum Whitesnake, Def Leppard, Toto, Nazareth, Mr. Big, Journey sau Uriah Heep.<\/p>\n<p> AUDIO: Manic Sinners &#8211; Ball and Chain <\/p>\n<p> <a class=\"echo_read_more\" href=\"https:\/\/www.infomusic.ro\/2023\/01\/manic-sinners-versiune-acustica-piesa-ball-and-chain\/\" target=\"_blank\" rel=\"noopener\">\u00a0\u00bb\u00a0Cite\u0219te continuarea pe pagina autorului<\/a><\/p>\n","protected":false},"excerpt":{"rendered":"<p>&#8220;Ball and Chain&#8221; a fost \u00eenregistrat\u0103 ca bonus track pentru edi\u021bia destinat\u0103 pie\u021bei din Japonia a albumului &#8220;King Of The Badlands&#8221;, ap\u0103rut in 2022 la casa de discuri Frontiers Music. Discul a fost mixat \u0219i masterizat de Alessandro Del Vecchio (Hardline, Revolution Saints, Sunstorm, Jorn), iar artwork-ul poarta semn\u0103tura lui Radu Damian, cunoscut pentru colabor\u0103rile [&hellip;]<\/p>\n","protected":false},"author":1,"featured_media":5273,"comment_status":"open","ping_status":"open","sticky":false,"template":"","format":"standard","meta":{"_crdt_document":"","footnotes":""},"categories":[4],"tags":[],"class_list":["post-5272","post","type-post","status-publish","format-standard","has-post-thumbnail","hentry","category-noutati"],"_links":{"self":[{"href":"https:\/\/news-fm.ro\/index.php\/wp-json\/wp\/v2\/posts\/5272","targetHints":{"allow":["GET"]}}],"collection":[{"href":"https:\/\/news-fm.ro\/index.php\/wp-json\/wp\/v2\/posts"}],"about":[{"href":"https:\/\/news-fm.ro\/index.php\/wp-json\/wp\/v2\/types\/post"}],"author":[{"embeddable":true,"href":"https:\/\/news-fm.ro\/index.php\/wp-json\/wp\/v2\/users\/1"}],"replies":[{"embeddable":true,"href":"https:\/\/news-fm.ro\/index.php\/wp-json\/wp\/v2\/comments?post=5272"}],"version-history":[{"count":0,"href":"https:\/\/news-fm.ro\/index.php\/wp-json\/wp\/v2\/posts\/5272\/revisions"}],"wp:featuredmedia":[{"embeddable":true,"href":"https:\/\/news-fm.ro\/index.php\/wp-json\/wp\/v2\/media\/5273"}],"wp:attachment":[{"href":"https:\/\/news-fm.ro\/index.php\/wp-json\/wp\/v2\/media?parent=5272"}],"wp:term":[{"taxonomy":"category","embeddable":true,"href":"https:\/\/news-fm.ro\/index.php\/wp-json\/wp\/v2\/categories?post=5272"},{"taxonomy":"post_tag","embeddable":true,"href":"https:\/\/news-fm.ro\/index.php\/wp-json\/wp\/v2\/tags?post=5272"}],"curies":[{"name":"wp","href":"https:\/\/api.w.org\/{rel}","templated":true}]}}