{"id":5236,"date":"2023-01-25T13:58:44","date_gmt":"2023-01-25T13:58:44","guid":{"rendered":"http:\/\/news-fm.ro\/index.php\/2023\/01\/25\/trupa-panic-at-the-disco-se-desparte\/"},"modified":"2023-01-25T13:58:44","modified_gmt":"2023-01-25T13:58:44","slug":"trupa-panic-at-the-disco-se-desparte","status":"publish","type":"post","link":"https:\/\/news-fm.ro\/index.php\/2023\/01\/25\/trupa-panic-at-the-disco-se-desparte\/","title":{"rendered":"Trupa Panic! at the Disco se desparte"},"content":{"rendered":"<p>Povestea Panic! at the Disco ajunge la final. Grupul va lua sf\u00e2r\u0219it dup\u0103 urm\u0103torul turneu european, ce \u00eencepe la Viena pe 20 februarie \u0219i se \u00eencheie \u00een Manchester pe 10 martie. Brandon Urie a declarat c\u0103 el \u0219i so\u021bia sa a\u0219teapt\u0103 primul copil \u0219i alege s\u0103 se concentreze pe via\u021ba de familie.<\/p>\n<p>&#8220;Ei bine, a fost o c\u0103l\u0103torie pe cinste&#8230;<\/p>\n<p>Cresc\u00e2nd \u00een Vegas, nu mi-a\u0219 fi putut imagina vreodat\u0103 unde m\u0103 va duce aceast\u0103 via\u021b\u0103. At\u00e2tea locuri din \u00eentreaga lume \u0219i at\u00e2\u021bia prieteni pe care i-am f\u0103cut pe parcurs.<\/p>\n<p>Dar uneori o c\u0103l\u0103torie trebuie s\u0103 se termine pentru ca una nou\u0103 s\u0103 \u00eenceap\u0103. Am \u00eencercat s\u0103 o p\u0103str\u0103m pentru noi, de\u0219i unii dintre voi poate a\u021bi auzit. Eu \u0219i Sarah vom avea un copil foarte cur\u00e2nd! G\u00e2ndul de a fi tat\u0103 \u0219i de a-mi vedea so\u021bia devenind mam\u0103 este pur \u0219i incitant. A\u0219tept cu ner\u0103bdare aceast\u0103 nou\u0103 aventur\u0103.<\/p>\n<p>Acestea fiind spuse, voi \u00eencheia acest capitol al vie\u021bii mele \u0219i \u00eemi voi concentra aten\u021bia \u0219i energia asupra familiei mele. Prin urmare, Panic! at the Disco nu va mai fi.<\/p>\n<p>V\u0103 mul\u021bumim tuturor pentru sprijinul imens acordat de-a lungul anilor. Am \u00eencercat s\u0103 g\u0103sesc modalitatea perfect\u0103 de a spune asta, dar nu pot s\u0103 exprim \u00een cuvinte c\u00e2t de mult a \u00eensemnat pentru noi. Indiferent dac\u0103 sunte\u021bi aici de la \u00eenceput sau dac\u0103 abia ne-a\u021bi descoperit, a fost o pl\u0103cere s\u0103 \u00eemp\u0103rt\u0103\u0219im scena cu at\u00e2t de mul\u021bi oameni talenta\u021bi \u0219i timpul nostru cu voi. A\u0219tept cu ner\u0103bdare s\u0103-i v\u0103d pe to\u021bi cei din Europa \u0219i Marea Britanie pentru o ultim\u0103 c\u0103l\u0103torie \u00eempreun\u0103.<\/p>\n<p>V\u0103 iubesc. V\u0103 apreciez. Mul\u021bumesc c\u0103 exista\u021bi.&#8221;, este mesajul transmis de Brendon Urie.<\/p>\n<p>Panic! at the Disco s-a format \u00een 2004, c\u00e2nd Urie \u0219i membrii Ryan Ross, Spencer Smith \u0219i Brent Wilson erau \u00eenc\u0103 la liceu. Primul lor album, &#8220;A Fever You Can\u2019t Sweat Out&#8221;, a fost lansat \u00een anul urm\u0103tor \u0219i s-a bucurat de un real succes, fiind triplu certificat cu platin\u0103.<\/p>\n<p>La scurt timp dup\u0103, Brent Wilson a p\u0103r\u0103sit trupa. \u00cen 2008, Panic! at the Disco a lansat &#8220;Pretty. Odd.&#8221;, material ce a adus o schimbare \u00een direc\u021bie muzical\u0103. Anul urm\u0103tor, Ryan Ross a p\u0103r\u0103sit forma\u021bia, iar Urie \u0219i Smith au fost singurii fondatori r\u0103ma\u0219i. Au urmat \u00eenc\u0103 dou\u0103 albume, &#8220;Vices &#038; Virtues&#8221; (cu Urie \u0219i Smi<\/p>\n<p> <a class=\"echo_read_more\" href=\"https:\/\/www.infomusic.ro\/2023\/01\/trupa-panic-at-the-disco-se-desparte\/\" target=\"_blank\" rel=\"noopener\">\u00a0\u00bb\u00a0Cite\u0219te continuarea pe pagina autorului<\/a><\/p>\n","protected":false},"excerpt":{"rendered":"<p>Povestea Panic! at the Disco ajunge la final. Grupul va lua sf\u00e2r\u0219it dup\u0103 urm\u0103torul turneu european, ce \u00eencepe la Viena pe 20 februarie \u0219i se \u00eencheie \u00een Manchester pe 10 martie. Brandon Urie a declarat c\u0103 el \u0219i so\u021bia sa a\u0219teapt\u0103 primul copil \u0219i alege s\u0103 se concentreze pe via\u021ba de familie. &#8220;Ei bine, a [&hellip;]<\/p>\n","protected":false},"author":1,"featured_media":5237,"comment_status":"open","ping_status":"open","sticky":false,"template":"","format":"standard","meta":{"_crdt_document":"","footnotes":""},"categories":[4],"tags":[],"class_list":["post-5236","post","type-post","status-publish","format-standard","has-post-thumbnail","hentry","category-noutati"],"_links":{"self":[{"href":"https:\/\/news-fm.ro\/index.php\/wp-json\/wp\/v2\/posts\/5236","targetHints":{"allow":["GET"]}}],"collection":[{"href":"https:\/\/news-fm.ro\/index.php\/wp-json\/wp\/v2\/posts"}],"about":[{"href":"https:\/\/news-fm.ro\/index.php\/wp-json\/wp\/v2\/types\/post"}],"author":[{"embeddable":true,"href":"https:\/\/news-fm.ro\/index.php\/wp-json\/wp\/v2\/users\/1"}],"replies":[{"embeddable":true,"href":"https:\/\/news-fm.ro\/index.php\/wp-json\/wp\/v2\/comments?post=5236"}],"version-history":[{"count":0,"href":"https:\/\/news-fm.ro\/index.php\/wp-json\/wp\/v2\/posts\/5236\/revisions"}],"wp:featuredmedia":[{"embeddable":true,"href":"https:\/\/news-fm.ro\/index.php\/wp-json\/wp\/v2\/media\/5237"}],"wp:attachment":[{"href":"https:\/\/news-fm.ro\/index.php\/wp-json\/wp\/v2\/media?parent=5236"}],"wp:term":[{"taxonomy":"category","embeddable":true,"href":"https:\/\/news-fm.ro\/index.php\/wp-json\/wp\/v2\/categories?post=5236"},{"taxonomy":"post_tag","embeddable":true,"href":"https:\/\/news-fm.ro\/index.php\/wp-json\/wp\/v2\/tags?post=5236"}],"curies":[{"name":"wp","href":"https:\/\/api.w.org\/{rel}","templated":true}]}}