{"id":5122,"date":"2022-12-30T18:58:43","date_gmt":"2022-12-30T18:58:43","guid":{"rendered":"http:\/\/news-fm.ro\/index.php\/2022\/12\/30\/finala-stand-up-revolution-sezonul-2-se-vede-la-antena-1-pe-30-decembrie-iata-finalistii\/"},"modified":"2022-12-30T18:58:43","modified_gmt":"2022-12-30T18:58:43","slug":"finala-stand-up-revolution-sezonul-2-se-vede-la-antena-1-pe-30-decembrie-iata-finalistii","status":"publish","type":"post","link":"https:\/\/news-fm.ro\/index.php\/2022\/12\/30\/finala-stand-up-revolution-sezonul-2-se-vede-la-antena-1-pe-30-decembrie-iata-finalistii\/","title":{"rendered":"Finala Stand Up Revolution sezonul 2 se vede la Antena 1 pe 30 decembrie; Iat\u0103 finali\u015ftii"},"content":{"rendered":"<p><a href=\"https:\/\/www.infomusic.ro\/stiri\/muzica\/emisiuni-muzica\/\">Emisiuni radio-tv<\/a>   <\/p>\n<p>Ultima mare final\u0103 a unui show TV din 2022 se difuzeaz\u0103 pe 30 decembrie 2022. E vorba despre Stand-Up Revolution, iar marea gal\u0103 are loc \u00eencep\u00e2nd cu ora 23:00 la Antena 1. 11 finali\u015fti se \u00eenfrunt\u0103 de aceast\u0103 dat\u0103 \u015fi avem detalii despre ei mai jos.<\/p>\n<p><img loading=\"lazy\" alt=\"\" decoding=\"async\" height=\"46\" loading=\"lazy\" src=\"https:\/\/secure.gravatar.com\/avatar\/ee005f72e5991809a79a3166fc02dae9?s=46&#038;d=blank&#038;r=g\"  width=\"46\"\/> <\/p>\n<p>Publicat<\/p>\n<p>acum 4 ore<\/p>\n<p>pe<\/p>\n<p>30\/12\/2022<\/p>\n<p><img fetchpriority=\"high\" alt=\"Finala Stand Up Revolution sezonul 2\" decoding=\"async\" height=\"667\"  src=\"https:\/\/static.infomusic.ro\/media\/2022\/12\/finala-stand-up-revolution-sezonul-2-1000x667.jpg\"  width=\"1000\"\/><\/p>\n<p> Finala Stand Up Revolution sezonul 2 \u2502 FOTO: Antena 1 <\/p>\n<p>Juriul format din Teo, Vio, Costel, Maria Popovici \u015fi Dan Badea \u00ee\u015fi vede &#8220;elevii&#8221; la linia de finish. Fiecare dintre ei a oferit sfaturi pre\u0163ioase concuren\u0163ilor mentorati. Final\u0103 se poate vedea \u015fi la Antena 1 \u015fi pe platforma AntenaPLAY. Publicul va fi cel care va alege c\u00e2\u015ftig\u0103torul, prin vot.<\/p>\n<p>Marele premiu este 20.000 de euro, iar tot ce trebuie s\u0103 fac\u0103 privitorii este s\u0103 trimit\u0103 un SMS la num\u0103rul 1313 cu num\u0103rul favoritului, care va ap\u0103rea scris pe ecran \u00een timpul finalei <a href=\"https:\/\/www.infomusic.ro\/2022\/10\/loredana-vine-la-stand-up-revolution\/\">Stand-up Revolution<\/a>.<\/p>\n<p>Maria Popovici \u015fi Costel au c\u00e2te un singur finalist, pe Mirel Popinciuc, respectiv Johny Romano, \u00een vreme ce restul de jura\u0163i au mai mul\u0163i concuren\u0163i cu care intra \u00een final\u0103. Johny Romano a surprins pl\u0103cut cu un roast f\u0103cut lui M\u0103d\u0103lin C\u00eerje.<\/p>\n<p>\u00cen echipa lui Teo \u00eei g\u0103sim pe Sorin Setreanu, al\u0103turi de Teodora Nedelcu. Vio are nu mai pu\u0163in de 3 concuren\u0163i \u00een ultima etap\u0103 a sezonului 2 Stand Up Revolution: Dan Birta\u015f, George Dumitru \u015fi Florin Gheorghe.<\/p>\n<p>Cel mai prolific jurat este totu\u015fi Dan Badea, cu 4 finali\u015fti \u00een echip\u0103 sa: Ioana State, M\u0103d\u0103lin C\u00eerje, Mario Nistor \u015fi George Mesaro\u015f.<\/p>\n<p>Marii invita\u0163i pentru a face atmosfera la finala Stand-Up Revolution sunt Dan Fr\u00eenculescu \u015fi Mane Voicu. Dan vine cu un roast acid pentru Teo, Vio, Costel, Maria Popovici \u015fi Dan Badea, dar \u015fi pentru prezentatorii Stand-Up Revolution, Ilona Brezoianu \u015fi \u015eerban Copo\u0163.<\/p>\n<p>Mane Voicu a venit \u00een final\u0103 show-ului cu glume inspirate de propriile experien\u0163e de via\u0163\u0103:<\/p>\n<p>&#8220;Mie nu mi-a fost fric\u0103 de restric\u021bii \u00een pandemie! Mie mi-a fost foarte fric\u0103 doar de perioada aia \u00een care toat\u0103 lumea vorbea despre criptomonede. Nu m\u0103 deranja c\u0103 oamenii vorbeau despre subiectul acesta, m\u0103 deranja atitudinea cu care \u00eemi vorbeau despre el.<\/p>\n<p>Erau ni\u0219te mari afaceri\u0219ti, ni\u0219te investitori pe termen lung\u2026 A venit la un moment dat un prieten la mine \u0219i mi-a spus c\u0103 el este analist pe indicatorii macroeconomici ai monedelor virtuale. \u0218i i-am zis: \u00abB\u0103, eu te cunosc! Eu te \u0219tiu, Fane, lucrezi de 15 ani la vulcanizare, ce ai?!? Ne cunoa\u0219tem!\u00bb. Veneau la mine acas\u0103, se comportau de parc\u0103 ar fi fost \u00eentr-o mare sal\u0103 de conferin\u021b\u0103\u2026 Erau la mine \u00een buc\u0103t\u0103rie, pe taburet.&#8221;<\/p>\n<p>      \u00ce\u021bi recomand\u0103m aceste videoclipuri        <\/p>\n<p><img decoding=\"async\" alt=\"INFOMUSIC\" height=\"150\" src=\"https:\/\/static.infomusic.ro\/logo-slogan.svg\" width=\"150\"\/><\/p>\n<p>                 <a href=\"https:\/\/www.infomusic.ro\/stiri\/muzica\/emisiuni-muzica\/\">Emisiuni radio-tv<\/a>   <\/p>\n<p>Dup\u0103 desemnarea c\u00e2\u015ftig\u0103torului celui de-al 13-lea sezon iUmor, show-ul de la Antena 1 revine duminica aceasta cu o edi\u0163ie special\u0103: Gala Premiilor Muzicale. G\u0103se\u0219ti mai multe detalii \u00een articol.<\/p>\n<p><img loading=\"lazy\" alt=\"\" decoding=\"async\" height=\"46\" loading=\"lazy\" src=\"https:\/\/secure.gravatar.com\/avatar\/9d38d050002cce547922c9679f820ed9?s=46&#038;d=blank&#038;r=g\"  width=\"46\"\/> <\/p>\n<p>Publicat<\/p>\n<p>acum 3 s\u0103pt\u0103m\u00e2ni<\/p>\n<p>pe<\/p>\n<p>09\/12\/2022 <\/p>\n<p><img loading=\"lazy\" alt=\"Juriu iUmor - Gala Premiilor Muzicale\" decoding=\"async\" height=\"667\" loading=\"lazy\"  src=\"https:\/\/static.infomusic.ro\/media\/2022\/12\/juriu-iumor-editie-speciala-gala-premiilor-muzicale-1000x667.jpg\"  width=\"1000\"\/> <\/p>\n<p> Juriu iUmor &#8211; Gala Premiilor Muzicale \u2502 FOTO: Antena 1 <\/p>\n<p>Edi\u0163ia special\u0103 va avea \u015fi un jurat pe m\u0103sur\u0103: Loredana. Artista va asista \u0219i, totodat\u0103, va comenta al\u0103turi de Delia, Costel \u0219i Cheloo participarea unor personaje importante din lumea showbizului care \u00eens\u0103 vor impersona alte nume sonore de la noi.\u00a0Care sunt categoriile acestei edi\u021bii speciale iUmor, cine sunt nominaliza\u021bii \u0219i ce surprize vor fi pe scena emisiunii,<\/p>\n<p> <a class=\"echo_read_more\" href=\"https:\/\/www.infomusic.ro\/2022\/12\/finala-stand-up-revolution-sezonul-2-se-vede-la-antena-1-pe-30-decembrie-iata-finalistii\/\" target=\"_blank\" rel=\"noopener\">\u00a0\u00bb\u00a0Cite\u0219te continuarea pe pagina autorului<\/a><\/p>\n","protected":false},"excerpt":{"rendered":"<p>Emisiuni radio-tv Ultima mare final\u0103 a unui show TV din 2022 se difuzeaz\u0103 pe 30 decembrie 2022. E vorba despre Stand-Up Revolution, iar marea gal\u0103 are loc \u00eencep\u00e2nd cu ora 23:00 la Antena 1. 11 finali\u015fti se \u00eenfrunt\u0103 de aceast\u0103 dat\u0103 \u015fi avem detalii despre ei mai jos. Publicat acum 4 ore pe 30\/12\/2022 Finala [&hellip;]<\/p>\n","protected":false},"author":1,"featured_media":5123,"comment_status":"open","ping_status":"open","sticky":false,"template":"","format":"standard","meta":{"_crdt_document":"","footnotes":""},"categories":[4],"tags":[],"class_list":["post-5122","post","type-post","status-publish","format-standard","has-post-thumbnail","hentry","category-noutati"],"_links":{"self":[{"href":"https:\/\/news-fm.ro\/index.php\/wp-json\/wp\/v2\/posts\/5122","targetHints":{"allow":["GET"]}}],"collection":[{"href":"https:\/\/news-fm.ro\/index.php\/wp-json\/wp\/v2\/posts"}],"about":[{"href":"https:\/\/news-fm.ro\/index.php\/wp-json\/wp\/v2\/types\/post"}],"author":[{"embeddable":true,"href":"https:\/\/news-fm.ro\/index.php\/wp-json\/wp\/v2\/users\/1"}],"replies":[{"embeddable":true,"href":"https:\/\/news-fm.ro\/index.php\/wp-json\/wp\/v2\/comments?post=5122"}],"version-history":[{"count":0,"href":"https:\/\/news-fm.ro\/index.php\/wp-json\/wp\/v2\/posts\/5122\/revisions"}],"wp:featuredmedia":[{"embeddable":true,"href":"https:\/\/news-fm.ro\/index.php\/wp-json\/wp\/v2\/media\/5123"}],"wp:attachment":[{"href":"https:\/\/news-fm.ro\/index.php\/wp-json\/wp\/v2\/media?parent=5122"}],"wp:term":[{"taxonomy":"category","embeddable":true,"href":"https:\/\/news-fm.ro\/index.php\/wp-json\/wp\/v2\/categories?post=5122"},{"taxonomy":"post_tag","embeddable":true,"href":"https:\/\/news-fm.ro\/index.php\/wp-json\/wp\/v2\/tags?post=5122"}],"curies":[{"name":"wp","href":"https:\/\/api.w.org\/{rel}","templated":true}]}}