{"id":5120,"date":"2022-12-30T02:59:20","date_gmt":"2022-12-30T02:59:20","guid":{"rendered":"http:\/\/news-fm.ro\/index.php\/2022\/12\/30\/care-sunt-cele-mai-cautate-concerte-din-2022-cei-mai-cautati-artisti-pe-iabilet-ro\/"},"modified":"2022-12-30T02:59:20","modified_gmt":"2022-12-30T02:59:20","slug":"care-sunt-cele-mai-cautate-concerte-din-2022-cei-mai-cautati-artisti-pe-iabilet-ro","status":"publish","type":"post","link":"https:\/\/news-fm.ro\/index.php\/2022\/12\/30\/care-sunt-cele-mai-cautate-concerte-din-2022-cei-mai-cautati-artisti-pe-iabilet-ro\/","title":{"rendered":"Care sunt cele mai c\u0103utate concerte din 2022, cei mai c\u0103uta\u0163i arti\u015fti pe iaBilet.ro"},"content":{"rendered":"<p>Mult a\u00c8\u0099teptatele concerte ale T\u00c3\u00a2rgului de Cr\u00c4\u0083ciun Bucure\u00c5\u009fti 2022 debuteaz\u00c4\u0083 \u00c3\u00aen minivacan\u00c5\u00a3a de Sf\u00c3\u00a2ntul Andrei \u00c5\u009fi 1 decembrie, \u00c8\u0099i continu\u00c4\u0083 cu alte trei zile de muzic\u00c4\u0083 live \u00c3\u00aen Pia\u00c5\u00a3a Constitu\u00c5\u00a3iei. Astfel, participan\u00c8\u009bii se vor bucura de muzic\u00c4\u0083 de calitate \u00c3\u00aen fiecare zi, \u00c3\u00aentre 30 noiembrie \u00c5\u009fi 4 decembrie, \u00c3\u00aencep\u00c3\u00a2nd cu ora 19.30.<\/p>\n<p>Andra urc\u00c4\u0083 pe scena din Pia\u00c5\u00a3a Constitu\u00c5\u00a3iei \u00c3\u00aen prima zi de concerte, pe 30 noiembrie. Proasp\u00c4\u0083t premiat\u00c4\u0083 cu titlul &#8220;Artistul Anului&#8221; la Gala Radar de Media 2022 \u00c5\u009fi la The Artist Award, c\u00c3\u00a2nt\u00c4\u0083rea\u00c5\u00a3a de\u00c5\u00a3in\u00c4\u0083toare a unui Disc de Platin\u00c4\u0083 \u00c5\u009fi Disc de Diamant marcheaz\u00c4\u0083 atmosfera festiv\u00c4\u0083 a T\u00c3\u00a2rgului cu un concert de iarn\u00c4\u0083 \u00c3\u00aen care publicul va fredona colinde din folclorul rom\u00c3\u00a2nesc, hituri ale artistei, dar \u00c5\u009fi refrene ale unor melodii de Cr\u00c4\u0083ciun din repertoriul interna\u00c5\u00a3ional.<\/p>\n<\/p>\n<p>Bucure\u00c5\u009ftenii aniverseaz\u00c4\u0083 Ziua Na\u00c5\u00a3ional\u00c4\u0083 a Rom\u00c3\u00a2niei pe acorduri de muzic\u00c4\u0083 popular\u00c4\u0083. Lavinia Goste al\u00c4\u0083turi de maestrul dirijor Marius Zoril\u00c4\u0083, Orchestra Na\u00c5\u00a3ional\u00c4\u0083 &#8220;Valahia&#8221; \u00c5\u009fi invitatul de onoare Valentin Samfira insufl\u00c4\u0083 bucurie \u00c3\u00aen r\u00c3\u00a2ndul publicului joi, 1 decembrie, cu melodii populare din toate zonele etnofolclorice ale \u00c5\u00a3\u00c4\u0083rii, interpretate la instrumente tradi\u00c5\u00a3ionale, precum fluier geam\u00c4\u0083n, cimpoi, caval, ocarin\u00c4\u0083, tr\u00c3\u00a2mbi\u00c5\u00a3\u00c4\u0083, nai sau taragot.<\/p>\n<p>Nicolae Voicule\u00c5\u00a3, artistul care a dus arta naiului \u00c3\u00aen Japonia, America de Nord \u00c5\u009fi de Sud, colaborator al Orchestrei Filarmonice din Viena, Stockholm \u00c5\u009fi Praga, urc\u00c4\u0083 pe scen\u00c4\u0083 vineri seara, pe 2 decembrie cu un program de doine \u00c5\u009fi colinde al concertului &#8220;Sus la naltul Cerului&#8221;\u00c2\u00a0\u00c3\u00aen fa\u00c5\u00a3a publicului din Pia\u00c5\u00a3a Constitu\u00c5\u00a3iei.<\/p>\n<p>C\u00c3\u00a2ntece vechi rom\u00c3\u00a2ne\u00c5\u009fti sunt reinventate pe groove-uri de drum&#8217;n&#8217;bass de LUPII lui Calancea \u00c3\u00aentr-un concert exploziv s\u00c3\u00a2mb\u00c4\u0083t\u00c4\u0083, 3 decembrie. Recunoscu\u00c5\u00a3i pentru felul \u00c3\u00aen care reu\u00c5\u009fesc s\u00c4\u0083 reconecteze publicul la r\u00c4\u0083d\u00c4\u0083cinile sale, arti\u00c5\u009ftii basarabeni promit un show original \u00c3\u00aen care pasaje clasice se \u00c3\u00aempletesc cu elemente de folclor \u00c5\u009fi datini demult uitate pe ritmuri urbane.<\/p>\n<p>Vocea intens\u00c4\u0083 a artistului crossover Cezar Ouatu poart\u00c4\u0083 publicul pe aripile muzicii duminic\u00c4\u0083 seara, pe 4 decembrie, cu un concert de pop-opera al\u00c4\u0083turi de Ascendis Choir. Cunoscut pentru versatilitatea vocii sale, Cezar Ouatu creeaz\u00c4\u0083 \u00c3\u00aentotdeauna magie pe scen\u00c4\u0083 \u00c5\u009fi surprinde cu un registru inedit de melodii ce poate s\u00c4\u0083 varieze de la arii celebre de oper\u00c4\u0083, la piese de folclor sau interpret\u00c4\u0083ri moderne de jazz, muzic\u00c4\u0083 pop sau rock-simfonic\u00c4\u0083.<\/p>\n<p>Programul artistic din minivacan\u00c5\u00a3a 30 noiembrie &#8211; 4 decembrie este completat de momente vesele aduse \u00c3\u00aen Pia\u00c5\u00a3a Constitu\u00c5\u00a3iei de trupa de copii Picii lu&#8217; Soreasca, Butterfly Band, Ana Cebotari sau de muzica de fanfar\u00c4\u0083 a ansamblurilor de al\u00c4\u0083muri Armonia Brass Quintet \u00c5\u009fi Spirit Brass Quintet. Muzica de Cr\u00c4\u0083ciun va r\u00c4\u0083suna cu sensibilitate \u00c5\u009fi rafinament \u00c3\u00aen concertele mai multor ansambluri corale din Rom\u00c3\u00a2nia, printre care \u00c5\u009fi Corul de Copii Radio, condus de R\u00c4\u0083zvan R\u00c4\u0083dos.<\/p>\n<p>Programul concertelor la T\u00c3\u00a2rgul de Cr\u00c4\u0083ciun Bucure\u00c5\u009fti continu\u00c4\u0083 cu o sear\u00c4\u0083 special\u00c4\u0083 de Sf\u00c3\u00a2ntul Nicolae, mar\u00c5\u00a3i 6 decembrie, cu Felicia Filip \u00c3\u00aen calitate de invitat special. \u00c3\u008en weekendul 9-11 decembrie, publicul de la T\u00c3\u00a2rg se va bucura de trei concerte pe sear\u00c4\u0083 ale unor tarafuri, forma\u00c5\u00a3ii pop, coruri religioase, coruri de copii \u00c5\u009fi grupuri vocale.<\/p>\n<p> PROGRAM ARTISTIC | 30 noiembrie \u00e2\u0080\u0093 4 decembrie 2022 <\/p>\n<p>Miercuri, 30 noiembrie 2022 | 19:30-21:50<\/p>\n<ul>\n<li>Picii lu&#8217; Soreasca<\/li>\n<li>Armonia Brass Quintet<\/li>\n<li>Andra<\/li>\n<\/ul>\n<p>Joi, 1 decembrie 2022 | 19:30-21:30<\/p>\n<ul>\n<li>Butterfly Band<\/li>\n<li>Lavinia Goste al\u00c4\u0083turi de maestrul dirijor Marius Zoril\u00c4\u0083 &#038; Orchestra Na\u00c8\u009bional\u00c4\u0083 Valahia. Invitat special: Valentin Sanfira<\/li>\n<\/ul>\n<p>Vineri, 2 decembrie 2022 | 19:30-21:30<\/p>\n<ul>\n<li>Corul Universit\u00c4\u0083\u00c5\u00a3ii din Bucure\u00c5\u009fti<\/li>\n<li>Spirit Brass Quintet<\/li>\n<li>Nicolae Voicule\u00c5\u00a3 \u00e2\u0080\u0093 Sus la naltul cerului<\/li>\n<\/ul>\n<p>S\u00c3\u00a2mb\u00c4\u0083t\u00c4\u0083,<\/p>\n<p> <a class=\"echo_read_more\" href=\"https:\/\/www.infomusic.ro\/2022\/12\/care-sunt-cele-mai-cautate-concerte-din-2022-cei-mai-cautati-artisti-pe-iabilet-ro\/\" target=\"_blank\" rel=\"noopener\">\u00a0\u00bb\u00a0Cite\u0219te continuarea pe pagina autorului<\/a><\/p>\n","protected":false},"excerpt":{"rendered":"<p>Mult a\u00c8\u0099teptatele concerte ale T\u00c3\u00a2rgului de Cr\u00c4\u0083ciun Bucure\u00c5\u009fti 2022 debuteaz\u00c4\u0083 \u00c3\u00aen minivacan\u00c5\u00a3a de Sf\u00c3\u00a2ntul Andrei \u00c5\u009fi 1 decembrie, \u00c8\u0099i continu\u00c4\u0083 cu alte trei zile de muzic\u00c4\u0083 live \u00c3\u00aen Pia\u00c5\u00a3a Constitu\u00c5\u00a3iei. Astfel, participan\u00c8\u009bii se vor bucura de muzic\u00c4\u0083 de calitate \u00c3\u00aen fiecare zi, \u00c3\u00aentre 30 noiembrie \u00c5\u009fi 4 decembrie, \u00c3\u00aencep\u00c3\u00a2nd cu ora 19.30. Andra urc\u00c4\u0083 pe [&hellip;]<\/p>\n","protected":false},"author":1,"featured_media":5121,"comment_status":"open","ping_status":"open","sticky":false,"template":"","format":"standard","meta":{"_crdt_document":"","footnotes":""},"categories":[4],"tags":[],"class_list":["post-5120","post","type-post","status-publish","format-standard","has-post-thumbnail","hentry","category-noutati"],"_links":{"self":[{"href":"https:\/\/news-fm.ro\/index.php\/wp-json\/wp\/v2\/posts\/5120","targetHints":{"allow":["GET"]}}],"collection":[{"href":"https:\/\/news-fm.ro\/index.php\/wp-json\/wp\/v2\/posts"}],"about":[{"href":"https:\/\/news-fm.ro\/index.php\/wp-json\/wp\/v2\/types\/post"}],"author":[{"embeddable":true,"href":"https:\/\/news-fm.ro\/index.php\/wp-json\/wp\/v2\/users\/1"}],"replies":[{"embeddable":true,"href":"https:\/\/news-fm.ro\/index.php\/wp-json\/wp\/v2\/comments?post=5120"}],"version-history":[{"count":0,"href":"https:\/\/news-fm.ro\/index.php\/wp-json\/wp\/v2\/posts\/5120\/revisions"}],"wp:featuredmedia":[{"embeddable":true,"href":"https:\/\/news-fm.ro\/index.php\/wp-json\/wp\/v2\/media\/5121"}],"wp:attachment":[{"href":"https:\/\/news-fm.ro\/index.php\/wp-json\/wp\/v2\/media?parent=5120"}],"wp:term":[{"taxonomy":"category","embeddable":true,"href":"https:\/\/news-fm.ro\/index.php\/wp-json\/wp\/v2\/categories?post=5120"},{"taxonomy":"post_tag","embeddable":true,"href":"https:\/\/news-fm.ro\/index.php\/wp-json\/wp\/v2\/tags?post=5120"}],"curies":[{"name":"wp","href":"https:\/\/api.w.org\/{rel}","templated":true}]}}