{"id":5118,"date":"2022-12-29T01:59:00","date_gmt":"2022-12-29T01:59:00","guid":{"rendered":"https:\/\/news-fm.ro\/index.php\/2022\/12\/29\/tot-ce-am-inteles-din-podcastul-lui-gojira-cu-ian-nane-amuly-azteca\/"},"modified":"2022-12-29T01:59:00","modified_gmt":"2022-12-29T01:59:00","slug":"tot-ce-am-inteles-din-podcastul-lui-gojira-cu-ian-nane-amuly-azteca","status":"publish","type":"post","link":"https:\/\/news-fm.ro\/index.php\/2022\/12\/29\/tot-ce-am-inteles-din-podcastul-lui-gojira-cu-ian-nane-amuly-azteca\/","title":{"rendered":"Tot ce am \u00een\u0163eles din podcastul lui Gojira cu Ian, Nane, Amuly, Azteca"},"content":{"rendered":"<p>Andreea B\u0103lan a vorbit despre \u00eenceputurile carierei sale \u015fi c\u0103 s-a trezit una dintre cele mai celebre pesoane din Rom\u00e2nia \u00een vreme ce era \u00een liceu. P\u00e2n\u0103 s\u0103 ajung\u0103 la 18 ani deja povestea Andre se terminase \u015fi a luat-o de la zero. Am aflat \u015fi aspecte inedite, precum faptul c\u0103 s-a vopsit brunet\u0103 \u015fi a \u00eencercat s\u0103 c\u00e2nte pop rock pentru a se desprinde de imaginea de blondina trupei Andre.<\/p>\n<p>Primele sale hituri din cariera solo au venit prin intermediul lui Marius Moga. S-a discutat mult la podcastul lui DJ Gojira \u015fi despre banii risipi\u0163i pe parcursul ascensiunii Andre \u015fi despre faptul c\u0103 dac\u0103 erau investi\u0163i cu cap poate c\u0103 <a href=\"https:\/\/www.infomusic.ro\/2022\/06\/andreea-balan-paraseste-juriul-emisiunii-te-cunosc-de-undeva-cine-o-inlocuieste\/\">Andreea B\u0103lan<\/a> era milionar\u0103 \u00een euro \u015fi nu mai avea ambi\u0163ii artistice acum. Artista s-a declarat \u015fi \u00eenc\u00e2ntat\u0103 s\u0103 c\u00e2nte la &#8220;Zilele Ora\u015fului&#8221;, fiind un artist mainstream, care nu pune \u00een scen\u0103 doar un concert, ci un &#8220;num\u0103r de revist\u0103&#8221;, cu 6-10 schimb\u0103ri de stil de dans \u015fi de costume.<\/p>\n<p>De altfel Andreea a petrecut timp \u00een America de Sud, perfec\u0163ion\u00e2nd zeci de stiluri de dans. Are la activ \u015fi premii la &#8220;Dansez pentru tine&#8221;, al\u0103turi de Petri\u015for. Cei doi au dansat salsa, rock&#038;roll, jive, R&#038;B \u015fi multe alte stiluri. Andre a avut o carier\u0103 scurt\u0103, \u00eentre 1998 \u015fi 2001, care a inclus 7 albume, 4 discuri de platin\u0103 \u015fi unul de aur, pentru cele 1.5 milioane de examplare v\u00e2ndute.<\/p>\n<\/p>\n<p>Primul album solo al <a href=\"https:\/\/www.infomusic.ro\/videoclip\/andreea-balan-dimineti-cu-tine\/\">Andreei<\/a> sosea \u00een 2002, &#8220;Te joci cu mine&#8221;. De atunci au mai fost lansate 5 albume \u015fi 20+ de videoclipuri, iar printre colaboratorii s\u0103i se num\u0103r\u0103 Puya, Connect-R, Keo. Andreea B\u0103lan a mai vorbit despre co-parenting pentru cele dou\u0103 fiice, Clara \u015fi Ella, men\u0163ion\u00e2nd \u00een treac\u0103t \u015fi rela\u0163iile sale, cu Keo \u015fi George Burcea. Am aflat \u015fi cum s-a n\u0103scut ideea reuniunii Andre \u00een 2019, dup\u0103 ce Andreea a suferit un stop cardiac \u015fi o com\u0103.<\/p>\n<p> <a class=\"echo_read_more\" href=\"https:\/\/www.infomusic.ro\/2022\/12\/tot-ce-am-inteles-din-podcastul-lui-gojira-cu-ian-nane-amuly-azteca\/\" target=\"_blank\" rel=\"noopener\">\u00a0\u00bb\u00a0Cite\u0219te continuarea pe pagina autorului<\/a><\/p>\n","protected":false},"excerpt":{"rendered":"<p>Andreea B\u0103lan a vorbit despre \u00eenceputurile carierei sale \u015fi c\u0103 s-a trezit una dintre cele mai celebre pesoane din Rom\u00e2nia \u00een vreme ce era \u00een liceu. P\u00e2n\u0103 s\u0103 ajung\u0103 la 18 ani deja povestea Andre se terminase \u015fi a luat-o de la zero. Am aflat \u015fi aspecte inedite, precum faptul c\u0103 s-a vopsit brunet\u0103 \u015fi [&hellip;]<\/p>\n","protected":false},"author":1,"featured_media":5119,"comment_status":"open","ping_status":"open","sticky":false,"template":"","format":"standard","meta":{"_crdt_document":"","footnotes":""},"categories":[4],"tags":[],"class_list":["post-5118","post","type-post","status-publish","format-standard","has-post-thumbnail","hentry","category-noutati"],"_links":{"self":[{"href":"https:\/\/news-fm.ro\/index.php\/wp-json\/wp\/v2\/posts\/5118","targetHints":{"allow":["GET"]}}],"collection":[{"href":"https:\/\/news-fm.ro\/index.php\/wp-json\/wp\/v2\/posts"}],"about":[{"href":"https:\/\/news-fm.ro\/index.php\/wp-json\/wp\/v2\/types\/post"}],"author":[{"embeddable":true,"href":"https:\/\/news-fm.ro\/index.php\/wp-json\/wp\/v2\/users\/1"}],"replies":[{"embeddable":true,"href":"https:\/\/news-fm.ro\/index.php\/wp-json\/wp\/v2\/comments?post=5118"}],"version-history":[{"count":0,"href":"https:\/\/news-fm.ro\/index.php\/wp-json\/wp\/v2\/posts\/5118\/revisions"}],"wp:featuredmedia":[{"embeddable":true,"href":"https:\/\/news-fm.ro\/index.php\/wp-json\/wp\/v2\/media\/5119"}],"wp:attachment":[{"href":"https:\/\/news-fm.ro\/index.php\/wp-json\/wp\/v2\/media?parent=5118"}],"wp:term":[{"taxonomy":"category","embeddable":true,"href":"https:\/\/news-fm.ro\/index.php\/wp-json\/wp\/v2\/categories?post=5118"},{"taxonomy":"post_tag","embeddable":true,"href":"https:\/\/news-fm.ro\/index.php\/wp-json\/wp\/v2\/tags?post=5118"}],"curies":[{"name":"wp","href":"https:\/\/api.w.org\/{rel}","templated":true}]}}