{"id":5038,"date":"2022-12-09T07:59:28","date_gmt":"2022-12-09T07:59:28","guid":{"rendered":"http:\/\/news-fm.ro\/index.php\/2022\/12\/09\/deep-purple-concerteaza-din-nou-la-romexpo-in-vara-lui-2023\/"},"modified":"2022-12-09T07:59:28","modified_gmt":"2022-12-09T07:59:28","slug":"deep-purple-concerteaza-din-nou-la-romexpo-in-vara-lui-2023","status":"publish","type":"post","link":"https:\/\/news-fm.ro\/index.php\/2022\/12\/09\/deep-purple-concerteaza-din-nou-la-romexpo-in-vara-lui-2023\/","title":{"rendered":"Deep Purple concerteaz\u0103 din nou la Romexpo, \u00een vara lui 2023"},"content":{"rendered":"<p>La aproape patru ani de la ultima vizit\u0103 \u00een Rom\u00e2nia, Deep Purple anun\u021b\u0103 un nou concert \u00een \u021bara noastr\u0103. Evenimentul are loc pe 9 iulie 2023. Pe scena de la Romexpo vor urca solistul Ian Gillan, bateristul Ian Paice, basistul Roger Glover, chitaristul Simone Mc Bride \u0219i cl\u0103parul Don Airey.<\/p>\n<p>Una dintre cele mai influente trupe ale industriei muzicale, Deep Purple \u0219i-a pus amprenta pe \u00eentregi genera\u021bii de arti\u0219ti. Pionieri ai heavy metalului, muzicienii au influen\u021bat \u00een egal\u0103 m\u0103sur\u0103 \u0219i alte genuri muzicale, ce se \u00eendep\u0103rteaz\u0103 de sfera muzicii &#8220;grele&#8221;.<\/p>\n<p>Cele 22 de albume de studio \u0219i c\u00e2teva zeci de discuri de platin\u0103 \u0219i aur, al\u0103turi de numeroase prezen\u021be pe primele pozi\u021bii \u00een topurile din \u00eentreaga lume, confirm\u0103 m\u0103re\u021bia muzical\u0103 a trupei britanice.<\/p>\n<p>Anul trecut, Deep Purple a lansat &#8220;Turning to Crime&#8221;, un album de cover-uri. Pe tracklist se g\u0103sesc reinterpret\u0103ri ale unor piese clasice, semnate original de Bob Dylan, Fleetwood Mac, Bob Seger, CREAM sau The Yardbirds. Anterior, Deep Purple a lansat &#8220;Whoosh!&#8221;, material ce s-a bucurat de aprecieri at\u00e2t din partea criticilor, c\u00e2t \u015fi a publicului.<\/p>\n<\/p>\n<p>Deep Purple a concertat de mai multe ori \u00een Rom\u00e2nia, la Bucure\u0219ti pe 26 noiembrie 1998 (Sala Polivalent\u0103), pe 31 octombrie 2007 (Stadionul Cotroceni), pe 20 februarie 2014 (Sala Polivalent\u0103) \u0219i pe 13 mai 2017 (Romexpo), iar la Cluj-Napoca pe 7 iunie 2013 \u0219i 10 decembrie 2019.<\/p>\n<p>  Bilete concert Deep Purple la Romexpo <\/p>\n<p>Biletele se pun \u00een v\u00e2nzare \u00eencep\u00e2nd cu 9 decembrie, la pre\u021buri cuprinse \u00eentre 299 \u0219i 800 lei, \u00een func\u021bie de categorie \u0219i de perioada de achizi\u021bionare. Mai mult, fanii pot opta \u0219i pentru suplimente Meet &#038; Greet, valabile doar cu bilet de acces deja cump\u0103rat. Pentru mai multe detalii despre bilete, consult\u0103<a href=\"https:\/\/www.infomusic.ro\/agenda\/deep-purple-concert-romexpo-2023\/\" rel=\"noopener\" target=\"_blank\"> agenda InfoMusic.<\/a><\/p>\n<p> <a class=\"echo_read_more\" href=\"https:\/\/www.infomusic.ro\/2022\/12\/deep-purple-canta-la-romexpo-2023\/\" target=\"_blank\" rel=\"noopener\">\u00a0\u00bb\u00a0Cite\u0219te continuarea pe pagina autorului<\/a><\/p>\n","protected":false},"excerpt":{"rendered":"<p>La aproape patru ani de la ultima vizit\u0103 \u00een Rom\u00e2nia, Deep Purple anun\u021b\u0103 un nou concert \u00een \u021bara noastr\u0103. Evenimentul are loc pe 9 iulie 2023. Pe scena de la Romexpo vor urca solistul Ian Gillan, bateristul Ian Paice, basistul Roger Glover, chitaristul Simone Mc Bride \u0219i cl\u0103parul Don Airey. Una dintre cele mai influente [&hellip;]<\/p>\n","protected":false},"author":1,"featured_media":5039,"comment_status":"open","ping_status":"open","sticky":false,"template":"","format":"standard","meta":{"_crdt_document":"","footnotes":""},"categories":[4],"tags":[],"class_list":["post-5038","post","type-post","status-publish","format-standard","has-post-thumbnail","hentry","category-noutati"],"_links":{"self":[{"href":"https:\/\/news-fm.ro\/index.php\/wp-json\/wp\/v2\/posts\/5038","targetHints":{"allow":["GET"]}}],"collection":[{"href":"https:\/\/news-fm.ro\/index.php\/wp-json\/wp\/v2\/posts"}],"about":[{"href":"https:\/\/news-fm.ro\/index.php\/wp-json\/wp\/v2\/types\/post"}],"author":[{"embeddable":true,"href":"https:\/\/news-fm.ro\/index.php\/wp-json\/wp\/v2\/users\/1"}],"replies":[{"embeddable":true,"href":"https:\/\/news-fm.ro\/index.php\/wp-json\/wp\/v2\/comments?post=5038"}],"version-history":[{"count":0,"href":"https:\/\/news-fm.ro\/index.php\/wp-json\/wp\/v2\/posts\/5038\/revisions"}],"wp:featuredmedia":[{"embeddable":true,"href":"https:\/\/news-fm.ro\/index.php\/wp-json\/wp\/v2\/media\/5039"}],"wp:attachment":[{"href":"https:\/\/news-fm.ro\/index.php\/wp-json\/wp\/v2\/media?parent=5038"}],"wp:term":[{"taxonomy":"category","embeddable":true,"href":"https:\/\/news-fm.ro\/index.php\/wp-json\/wp\/v2\/categories?post=5038"},{"taxonomy":"post_tag","embeddable":true,"href":"https:\/\/news-fm.ro\/index.php\/wp-json\/wp\/v2\/tags?post=5038"}],"curies":[{"name":"wp","href":"https:\/\/api.w.org\/{rel}","templated":true}]}}