{"id":5034,"date":"2022-12-08T23:58:39","date_gmt":"2022-12-08T23:58:39","guid":{"rendered":"http:\/\/news-fm.ro\/index.php\/2022\/12\/08\/celine-dion-a-fost-diagnosticata-cu-o-afectiune-neurologica-rara-video\/"},"modified":"2022-12-08T23:58:39","modified_gmt":"2022-12-08T23:58:39","slug":"celine-dion-a-fost-diagnosticata-cu-o-afectiune-neurologica-rara-video","status":"publish","type":"post","link":"https:\/\/news-fm.ro\/index.php\/2022\/12\/08\/celine-dion-a-fost-diagnosticata-cu-o-afectiune-neurologica-rara-video\/","title":{"rendered":"Celine Dion a fost diagnosticat\u0103 cu o afec\u021biune neurologic\u0103 rar\u0103 &#8211; VIDEO"},"content":{"rendered":"<p>Celine Dion \u00eenc\u0103 se recupereaz\u0103 \u00een urma problemelor de s\u0103n\u0103tate pe care le-a avut \u0219i a anun\u021bat c\u0103 va fi nevoit\u0103 s\u0103 anuleze un num\u0103r de opt concerte programate pentru vara lui 2023, din care face parte \u0219i show-ul de la Arena Na\u021bional\u0103 din Bucure\u0219ti.<\/p>\n<p>Celine a onorat primele 52 de date ale turneului mondial &#8220;Courage World Tour&#8221; \u00een America de Nord \u00eenainte de \u00eenceputul pandemiei, c\u00e2nd, \u00een luna martie 2020, turneul a trebuit s\u0103 ia o pauz\u0103. De atunci, Celine prime\u0219te tratament \u0219i se recupereaz\u0103 \u00een urma unor spasme musculare persistente, care au \u00eempiedicat-o s\u0103 mai concerteze. Recent, artista a dezv\u0103luit c\u0103 a fost diagnosticat\u0103 cu Sindromul omului \u00een\u021bepenit (boala Moersch-Woltman), o afec\u021biune neurologic\u0103 rar\u0103. Echipa medical\u0103 a artistei continu\u0103 s\u0103 urm\u0103reasc\u0103 evolu\u021bia afec\u021biunii \u0219i s\u0103 o trateze.<\/p>\n<p>&#8220;M\u0103 doare s\u0103 v\u0103 anun\u021b c\u0103 nu voi fi preg\u0103tit\u0103 s\u0103-mi reiau turneul \u00een Europa. Mi-e dor s\u0103 v\u0103 v\u0103d pe to\u021bi, s\u0103 fiu pe scen\u0103, s\u0103 c\u00e2nt pentru voi. \u00centotdeauna m\u0103 d\u0103ruiesc 100% \u00een show-urile mele, dar nu v\u0103 pot oferi asta acum. Ca s\u0103 pot ajunge din nou la voi nu am alt\u0103 variant\u0103 dec\u00e2t s\u0103 m\u0103 concentrez pe s\u0103n\u0103tate \u0219i s\u0103 sper c\u0103 sunt pe drumul cel bun spre vindecare&#8221;, a declarat Celine Dion.<\/p>\n<p>  Bilete \u0219i rambursarea contravalorii acestora <\/p>\n<p>Valoarea biletelor achizi\u021bionate pentru cele opt concerte din vara va fi rambursat\u0103, inclusiv pentru show-ul de la Bucuresti din 11 iunie 2023.<\/p>\n<p>Ramburs\u0103rile se vor realiza cu respectarea termenilor \u0219i condi\u021biilor organizatorului &#8211; Emagic, prin accesarea formularului de retur disponibil la <a href=\"http:\/\/iabilet.ro\/retur\" rel=\"nofollow noopener noreferrer\" target=\"_blank\">iabilet.ro\/retur<\/a>, \u00een termen de 14 zile de la data anun\u021bului anul\u0103rii (ast\u0103zi, 8 decembrie).<\/p>\n<p>Dup\u0103 aceasta perioad\u0103, nicio solicitare de rambursare nu va mai fi luat\u0103 \u00een calcul. Rambursarea contravalorii biletelor poate fi efectuat\u0103 numai \u00een condi\u021biile \u00een care biletele sunt intacte, suma rambursat\u0103 incluz\u00e2nd doar pre\u021bul biletelor, nu \u0219i pre\u021bul serviciilor de intermediere aferente achizi\u021biei f\u0103cute, precum comisioane de editare, emitere, tip\u0103rire \u0219i distribu\u021bie sau costurile suplimentare (cazare, transport, curierat etc) \u0219i se va face \u00een termen de maximum 90 de zile de la terminarea perioadei \u00een care de\u021bin\u0103torii de bilete pot solicita restituirea acestora.<\/p>\n<p>Av\u00e2nd \u00een vedere lunga perioad\u0103 de timp scurs\u0103 de la data punerii \u00een v\u00e2nzare a biletelor, returnarea contravalorii \u00een mod automat \u00een conturile clien\u021bilor nu mai este posibil\u0103. Pentru a putea efectua rambursarea, este necesar\u0103 completarea formularului de retur, unde de\u021bin\u0103torii de bilete s\u0103 introduc\u0103 un cod IBAN aferent contului bancar \u00een care se va face rambursarea contravalorii biletelor.<\/p>\n<p> Concertele anulate din cadrul turneului &#8220;Courage World Tour&#8221; ce ar fi avut loc la var\u0103: <\/p>\n<ul>\n<li>Tel Aviv, Israel &#8211; 31 mai<\/li>\n<li>Nicosia, Cipru &#8211;<\/li>\n<\/ul>\n<p> <a class=\"echo_read_more\" href=\"https:\/\/www.infomusic.ro\/2022\/12\/celine-dion-boala-neurologica\/\" target=\"_blank\" rel=\"noopener\">\u00a0\u00bb\u00a0Cite\u0219te continuarea pe pagina autorului<\/a><\/p>\n","protected":false},"excerpt":{"rendered":"<p>Celine Dion \u00eenc\u0103 se recupereaz\u0103 \u00een urma problemelor de s\u0103n\u0103tate pe care le-a avut \u0219i a anun\u021bat c\u0103 va fi nevoit\u0103 s\u0103 anuleze un num\u0103r de opt concerte programate pentru vara lui 2023, din care face parte \u0219i show-ul de la Arena Na\u021bional\u0103 din Bucure\u0219ti. Celine a onorat primele 52 de date ale turneului mondial [&hellip;]<\/p>\n","protected":false},"author":1,"featured_media":5035,"comment_status":"open","ping_status":"open","sticky":false,"template":"","format":"standard","meta":{"_crdt_document":"","footnotes":""},"categories":[4],"tags":[],"class_list":["post-5034","post","type-post","status-publish","format-standard","has-post-thumbnail","hentry","category-noutati"],"_links":{"self":[{"href":"https:\/\/news-fm.ro\/index.php\/wp-json\/wp\/v2\/posts\/5034","targetHints":{"allow":["GET"]}}],"collection":[{"href":"https:\/\/news-fm.ro\/index.php\/wp-json\/wp\/v2\/posts"}],"about":[{"href":"https:\/\/news-fm.ro\/index.php\/wp-json\/wp\/v2\/types\/post"}],"author":[{"embeddable":true,"href":"https:\/\/news-fm.ro\/index.php\/wp-json\/wp\/v2\/users\/1"}],"replies":[{"embeddable":true,"href":"https:\/\/news-fm.ro\/index.php\/wp-json\/wp\/v2\/comments?post=5034"}],"version-history":[{"count":0,"href":"https:\/\/news-fm.ro\/index.php\/wp-json\/wp\/v2\/posts\/5034\/revisions"}],"wp:featuredmedia":[{"embeddable":true,"href":"https:\/\/news-fm.ro\/index.php\/wp-json\/wp\/v2\/media\/5035"}],"wp:attachment":[{"href":"https:\/\/news-fm.ro\/index.php\/wp-json\/wp\/v2\/media?parent=5034"}],"wp:term":[{"taxonomy":"category","embeddable":true,"href":"https:\/\/news-fm.ro\/index.php\/wp-json\/wp\/v2\/categories?post=5034"},{"taxonomy":"post_tag","embeddable":true,"href":"https:\/\/news-fm.ro\/index.php\/wp-json\/wp\/v2\/tags?post=5034"}],"curies":[{"name":"wp","href":"https:\/\/api.w.org\/{rel}","templated":true}]}}