{"id":5026,"date":"2022-12-08T07:59:08","date_gmt":"2022-12-08T07:59:08","guid":{"rendered":"http:\/\/news-fm.ro\/index.php\/2022\/12\/08\/andre-rieu-stabileste-un-nou-record-patru-concerte-consecutive-la-cluj-napoca\/"},"modified":"2022-12-08T07:59:08","modified_gmt":"2022-12-08T07:59:08","slug":"andre-rieu-stabileste-un-nou-record-patru-concerte-consecutive-la-cluj-napoca","status":"publish","type":"post","link":"https:\/\/news-fm.ro\/index.php\/2022\/12\/08\/andre-rieu-stabileste-un-nou-record-patru-concerte-consecutive-la-cluj-napoca\/","title":{"rendered":"Andr\u00e9 Rieu stabile\u0219te un nou record &#8211; patru concerte consecutive la Cluj-Napoca"},"content":{"rendered":"<p><a href=\"https:\/\/www.infomusic.ro\/stiri\/muzica\/concerte-turnee\/\">Concerte &#038; turnee<\/a>   <\/p>\n<p>La numai o lun\u0103 de zile de la punerea biletelor \u00een v\u00e2nzare pentru cea de-a treia reprezenta\u021bie a concertului din Cluj, Andr\u00e9 Rieu stabile\u0219te un nou record pe pia\u021ba concertelor din \u021bara noastr\u0103 \u0219i anun\u021b\u0103 c\u0103 va sus\u021bine 4 concerte consecutive, ultima reprezenta\u021bie fiind programat\u0103 chiar de Ziua M\u0103r\u021bi\u0219orului.<\/p>\n<p><img loading=\"lazy\" alt=\"\" decoding=\"async\" height=\"46\" loading=\"lazy\" src=\"https:\/\/secure.gravatar.com\/avatar\/9d38d050002cce547922c9679f820ed9?s=46&#038;d=blank&#038;r=g\"  width=\"46\"\/> <\/p>\n<p>Publicat<\/p>\n<p>acum 19 ore<\/p>\n<p>pe<\/p>\n<p>07\/12\/2022<\/p>\n<p><img fetchpriority=\"high\" alt=\"\" decoding=\"async\" height=\"533\"  src=\"https:\/\/static.infomusic.ro\/media\/2015\/06\/andre-rieu-concerte-bucuresti-2015-3177-800x533.jpg\"  width=\"800\"\/><\/p>\n<p> Concert Andre Rieu \u00een Pia\u021ba Constitu\u021biei din Bucure\u0219ti pe 6 iunie 2015 \u2502 FOTO: Alex Vlad Covaci \/ InfoMusic.ro <\/p>\n<p>Andr\u00e9 Rieu \u00eenso\u021bit de cei 60 de muzicieni ai orchestrei Johann Strauss Orchestra va urca pe scena din inima Ardealului pe 1,2,3 \u0219i 4 martie 2023 pentru a le d\u0103rui tuturor rom\u00e2nilor un m\u0103r\u021bi\u0219or muzical de neuitat.<\/p>\n<p>Concertele romantice \u0219i vesele ale lui Andr\u00e9 Rieu includ piese clasice emo\u021bionante, valsuri, muzic\u0103 de film \u0219i oper\u0103, dar \u0219i melodii pop, interpretate al\u0103turi de cea mai mare orchestr\u0103 privat\u0103 din lume, Johann Strauss Orchestra.<\/p>\n<p>Pe muzica lui Andr\u00e9 Rieu mii de spectatori prezen\u021bi pe stadioane au vibrat \u0219i s-au leg\u0103nat pe valsul lui Dmitri Shostakovich, pe durata pauzelor mai multor meciuri de fotbal jucate \u00een Liga Campionilor, iar turneele sale mondiale ajung la peste jum\u0103tate de milion de oameni \u00een fiecare an.<\/p>\n<p>Andr\u00e9 Rieu este un adev\u0103rat rege al romantismului, care a v\u00e2ndut peste 40 de milioane de CD-uri \u0219i DVD-uri \u0219i a fost de 30 de ori pe pozi\u021bia nr. 1 \u00een topurile din \u00eentreaga lume. \u00cempreun\u0103 cu Johann Strauss Orchestra, alc\u0103tuit\u0103 din 60 de muzicieni (cea mai mare orchestr\u0103 privat\u0103 din lume), Andr\u00e9 a creat o rena\u0219tere global\u0103 a muzicii de vals, pun\u00e2nd \u00een scen\u0103 spectacole extravagante pe m\u0103sur\u0103.<\/p>\n<\/p>\n<p>Artistul de\u021bine un palmares impresionant: are peste 480 de premii de platin\u0103, trei premii Classical Brit pentru &#8220;Albumul anului&#8221; \u0219i miliarde de vizion\u0103ri pe YouTube. Andr\u00e9 este unul dintre cei mai mari arti\u0219ti solo masculini \u00een turneu din lume. \u00cen fiecare an, spectacolele sale live atrag peste 600.000 de fani \u0219i \u00eenregistreaz\u0103 v\u00e2nz\u0103ri ce le dep\u0103\u0219esc pe ale altor\u00a0 arti\u0219ti, precum Coldplay, AC\/DC sau Bruce Springsteen.<\/p>\n<p>Concertele sale sunt, de asemenea, un r\u0103sf\u0103\u021b vizual, \u00eencep\u00e2nd cu intrarea celebrului violonist \u0219i a muzicienilor s\u0103i prin mul\u021bime, p\u00e2n\u0103 la momentul urc\u0103rii pe scen\u0103 \u0219i a\u00a0 \u00eenceperii concertului, la costumele fastuoase sau ecranul impresionant din spatele orchestrei pe care sunt proiectate imagini speciale pentru fiecare c\u00e2ntec \u00een parte, garant\u00e2nd o sear\u0103 extraordinar\u0103 pentru \u00eentreaga familie.<\/p>\n<p> Bilete concert Andr\u00e9 Rieu <\/p>\n<p>Biletele pentru concertul din 1 martie vor fi puse \u00een v\u00e2nzare online \u00eencep\u00e2nd de m\u00e2ine, 8 decembrie. Pentru mai multe detalii, te invit\u0103m s\u0103 accesezi agenda <a href=\"https:\/\/www.infomusic.ro\/agenda\/andre-rieu-concert-cluj-martie-2023\/\" rel=\"noopener\" target=\"_blank\">InfoMusic<\/a>.<\/p>\n<p>       \u00ce\u021bi recomand\u0103m aceste videoclipuri        <\/p>\n<p><img decoding=\"async\" alt=\"INFOMUSIC\" height=\"150\" src=\"https:\/\/static.infomusic.ro\/logo-slogan.svg\" width=\"150\"\/><\/p>\n<p>                <a href=\"https:\/\/www.infomusic.ro\/stiri\/muzica\/concerte-turnee\/\">Concerte &#038; turnee<\/a>   <\/p>\n<p>La numai o s\u0103pt\u0103m\u00e2n\u0103 de la vestea revenirii artistului Andr\u00e9 Rieu pe scena BT Arena din Cluj-Napoca, pentru dou\u0103 concerte pe 3 \u0219i 4 martie 2023, fanii artistului au reac\u021bionat ca de fiecare dat\u0103 cu promptitudine \u0219i au epuizat peste 80% din biletele puse \u00een v\u00e2nzare. Mai multe detalii \u00een articol.<\/p>\n<p><img loading=\"lazy\" alt=\"\" decoding=\"async\" height=\"46\" loading=\"lazy\" src=\"https:\/\/secure.gravatar.com\/avatar\/9d38d050002cce547922c9679f820ed9?s=46&#038;d=blank&#038;r=g\"  width=\"46\"\/> <\/p>\n<p>Publicat<\/p>\n<p>acum o lun\u0103<\/p>\n<p>pe<\/p>\n<p>07\/11\/2022 <\/p>\n<p><img loading=\"lazy\" alt=\"\" decoding=\"async\" height=\"667\" loading=\"lazy\"  src=\"https:\/\/static.infomusic.ro\/media\/2015\/06\/andre-rieu-concerte-bucuresti-2015-3342-1000x667.jpg\"  width=\"1000\"\/> <\/p>\n<p> Concert Andre Rieu \u00een Pia\u021ba Constitu\u021biei din Bucure\u0219ti pe 6 iunie 2015 \u2502 FOTO: Alex Vlad Covaci \/ InfoMusic.ro <\/p>\n<p>Av\u00e2nd \u00een vedere interesul manifestat de publicul din Rom\u00e2nia dar \u0219i a admiratorilor din alte \u021b\u0103ri, organizatorii vin \u00een \u00eent\u00e2mpinarea publicului cu o nou\u0103 veste excelent\u0103 \u0219i anun\u021b\u0103 data celui de-al treilea concert ce va avea loc pe 2 martie 2023.<\/p>\n<p> <a class=\"echo_read_more\" href=\"https:\/\/www.infomusic.ro\/2022\/12\/andre-rieu-al-patrulea-concert-cluj-2023\/\" target=\"_blank\" rel=\"noopener\">\u00a0\u00bb\u00a0Cite\u0219te continuarea pe pagina autorului<\/a><\/p>\n","protected":false},"excerpt":{"rendered":"<p>Concerte &#038; turnee La numai o lun\u0103 de zile de la punerea biletelor \u00een v\u00e2nzare pentru cea de-a treia reprezenta\u021bie a concertului din Cluj, Andr\u00e9 Rieu stabile\u0219te un nou record pe pia\u021ba concertelor din \u021bara noastr\u0103 \u0219i anun\u021b\u0103 c\u0103 va sus\u021bine 4 concerte consecutive, ultima reprezenta\u021bie fiind programat\u0103 chiar de Ziua M\u0103r\u021bi\u0219orului. Publicat acum 19 [&hellip;]<\/p>\n","protected":false},"author":1,"featured_media":5027,"comment_status":"open","ping_status":"open","sticky":false,"template":"","format":"standard","meta":{"_crdt_document":"","footnotes":""},"categories":[4],"tags":[],"class_list":["post-5026","post","type-post","status-publish","format-standard","has-post-thumbnail","hentry","category-noutati"],"_links":{"self":[{"href":"https:\/\/news-fm.ro\/index.php\/wp-json\/wp\/v2\/posts\/5026","targetHints":{"allow":["GET"]}}],"collection":[{"href":"https:\/\/news-fm.ro\/index.php\/wp-json\/wp\/v2\/posts"}],"about":[{"href":"https:\/\/news-fm.ro\/index.php\/wp-json\/wp\/v2\/types\/post"}],"author":[{"embeddable":true,"href":"https:\/\/news-fm.ro\/index.php\/wp-json\/wp\/v2\/users\/1"}],"replies":[{"embeddable":true,"href":"https:\/\/news-fm.ro\/index.php\/wp-json\/wp\/v2\/comments?post=5026"}],"version-history":[{"count":0,"href":"https:\/\/news-fm.ro\/index.php\/wp-json\/wp\/v2\/posts\/5026\/revisions"}],"wp:featuredmedia":[{"embeddable":true,"href":"https:\/\/news-fm.ro\/index.php\/wp-json\/wp\/v2\/media\/5027"}],"wp:attachment":[{"href":"https:\/\/news-fm.ro\/index.php\/wp-json\/wp\/v2\/media?parent=5026"}],"wp:term":[{"taxonomy":"category","embeddable":true,"href":"https:\/\/news-fm.ro\/index.php\/wp-json\/wp\/v2\/categories?post=5026"},{"taxonomy":"post_tag","embeddable":true,"href":"https:\/\/news-fm.ro\/index.php\/wp-json\/wp\/v2\/tags?post=5026"}],"curies":[{"name":"wp","href":"https:\/\/api.w.org\/{rel}","templated":true}]}}