{"id":5020,"date":"2022-12-07T15:59:25","date_gmt":"2022-12-07T15:59:25","guid":{"rendered":"https:\/\/news-fm.ro\/index.php\/2022\/12\/07\/zaz-concerteaza-la-sala-palatului-in-2023\/"},"modified":"2022-12-07T15:59:25","modified_gmt":"2022-12-07T15:59:25","slug":"zaz-concerteaza-la-sala-palatului-in-2023","status":"publish","type":"post","link":"https:\/\/news-fm.ro\/index.php\/2022\/12\/07\/zaz-concerteaza-la-sala-palatului-in-2023\/","title":{"rendered":"ZAZ concerteaz\u0103 la Sala Palatului \u00een 2023"},"content":{"rendered":"<p>Concertul are loc pe 11 iunie 2023 \u0219i face parte din cel mai nou turneu al artistei franceze, &#8220;Organique Tour&#8221;. Evenimentul va \u00eencepe de la ora 20.00! Por\u0163ile pentru public se vor deschide de la ora 18.30!<\/p>\n<p>ZAZ \u015fi-a denumit turneul &#8220;Organique Tour&#8221;. \u0218i, \u00eentr-adev\u0103r, melodiile incluse pe lista concertelor sunt organice, aproape de natura. Publicul va putea s\u0103 simt\u0103 \u015fi s\u0103 vad\u0103 imaginea cu totul special\u0103 \u015fi unic\u0103 a c\u00e2nt\u0103re\u021bei, s\u0103 descopere noi fa\u021bete ale creativit\u0103\u021bii sale, s\u0103 se apropie de misterioasa ZAZ.<\/p>\n<p>Pe numele s\u0103u real, Isabelle Geffroy, s-a n\u0103scut\u0103 pe data de 1 mai 1980, \u00een Tours, Fran\u0163a. Mama ei a fost profesoar\u0103 de limba spaniol\u0103 \u0219i tatal s\u0103u a lucrat pentru o companie de energie electric\u0103. ZAZ a studiat la conservator, c\u00e2nt\u0103 la vioar\u0103, la chitar\u0103 \u015fi la pian. Artista\u00a0a c\u00e2ntat, de asemenea, \u00een cor \u015fi \u015fi-a \u00eenceput activitatea muzical\u0103 \u00een diferite grupuri de folk, soul, jazz \u0219i blues.<\/p>\n<\/p>\n<p>Primul s\u0103u succes notabil a venit cu piesa &#8220;Je veux&#8221;, \u00een 2010, fiind c\u00e2ntecul anului \u00een multe \u021b\u0103ri ale lumii, ceea ce i-a adus o mare faim\u0103 tinerei c\u00e2nt\u0103re\u0163e. Vocea r\u0103gu\u0219it\u0103 \u0219i senzual\u0103 a fascinat, pur \u0219i simplu! Japonia, Egipt, Canada, Brazilia, Maroc, printre \u021b\u0103rile unde a primit multe premii la diferite competi\u021bii \u0219i festivaluri, unde a primit discuri de platin\u0103, de diamant. Lumea descoperea un glas nou, str\u0103lucitor, \u00eendr\u0103zne\u021b, gata pentru orice experimente muzicale creative.<\/p>\n<p>ZAZ a c\u00e2ntat \u00een s\u0103li uria\u0219e de cealalt\u0103 parte a Atlanticului, \u00een legendarele cafenele pariziene prin care treceau c\u00e2ntece celebre, \u00een celebrele s\u0103li din Londra \u0219i Paris, \u0219i a devenit proprietara unor prestigioase premii na\u021bionale de muzic\u0103.<\/p>\n<p>A lansat cinci albume, ultimul \u00een 2021, \u0219i c\u00e2nt\u0103rea\u021ba l-a numit &#8220;Isa&#8221;, a\u0219a cum \u00eei spun prietenii ei. Acest disc este un album conceptual, un fel de \u00eentoarcere la tine, la lumea ta interioar\u0103. A fost rodul reflec\u021biei \u00eentr-o perioad\u0103 dificil\u0103 pentru toat\u0103 lumea \u00een timpul pandemiei \u0219i a servit drept baz\u0103 pentru turneul ei de luni de zile, care a \u00eenceput \u00een 2021, dup\u0103 o pauz\u0103 for\u021bat\u0103.<\/p>\n<\/p>\n<p>C\u00e2nt\u0103rea\u021ba a reu\u0219it s\u0103 creeze o palet\u0103 muzical\u0103 str\u0103lucitoare. La via\u021ba \u00een &#8220;roz&#8221; (celebra melodie a lui Edith Piaf), ZAZ a ad\u0103ugat o culoare verde str\u0103lucitoare. Este o ap\u0103r\u0103toare \u00eenfl\u0103c\u0103rat\u0103 a mediului \u0219i chiar \u0219i-a creat propria funda\u021bie. Ea iube\u0219te \u0219i lupt\u0103 pentru via\u021b\u0103 pe acest P\u0103m\u00e2nt. \u0218i c\u00e2nt\u0103 despre ea.<\/p>\n<p> Bilete concert ZAZ la Sala Palatului: <\/p>\n<p>Biletele pentru concert se g\u0103sesc online, la pre\u021buri cuprinse \u00eentre 139 \u0219i 399 lei. Pentru mai multe detalii despre bilete \u0219i modalitatea de achizi\u021bionare, accesa\u021bi <a href=\"https:\/\/www.infomusic.ro\/agenda\/zaz-concert-sala-palatului-2023\/\" rel=\"noopener\" target=\"_blank\">agenda InfoMusic<\/a>.<\/p>\n<p> <a class=\"echo_read_more\" href=\"https:\/\/www.infomusic.ro\/2022\/12\/zaz-concerteaza-la-sala-palatului-2023\/\" target=\"_blank\" rel=\"noopener\">\u00a0\u00bb\u00a0Cite\u0219te continuarea pe pagina autorului<\/a><\/p>\n","protected":false},"excerpt":{"rendered":"<p>Concertul are loc pe 11 iunie 2023 \u0219i face parte din cel mai nou turneu al artistei franceze, &#8220;Organique Tour&#8221;. Evenimentul va \u00eencepe de la ora 20.00! Por\u0163ile pentru public se vor deschide de la ora 18.30! ZAZ \u015fi-a denumit turneul &#8220;Organique Tour&#8221;. \u0218i, \u00eentr-adev\u0103r, melodiile incluse pe lista concertelor sunt organice, aproape de natura. [&hellip;]<\/p>\n","protected":false},"author":1,"featured_media":5021,"comment_status":"open","ping_status":"open","sticky":false,"template":"","format":"standard","meta":{"_crdt_document":"","footnotes":""},"categories":[4],"tags":[],"class_list":["post-5020","post","type-post","status-publish","format-standard","has-post-thumbnail","hentry","category-noutati"],"_links":{"self":[{"href":"https:\/\/news-fm.ro\/index.php\/wp-json\/wp\/v2\/posts\/5020","targetHints":{"allow":["GET"]}}],"collection":[{"href":"https:\/\/news-fm.ro\/index.php\/wp-json\/wp\/v2\/posts"}],"about":[{"href":"https:\/\/news-fm.ro\/index.php\/wp-json\/wp\/v2\/types\/post"}],"author":[{"embeddable":true,"href":"https:\/\/news-fm.ro\/index.php\/wp-json\/wp\/v2\/users\/1"}],"replies":[{"embeddable":true,"href":"https:\/\/news-fm.ro\/index.php\/wp-json\/wp\/v2\/comments?post=5020"}],"version-history":[{"count":0,"href":"https:\/\/news-fm.ro\/index.php\/wp-json\/wp\/v2\/posts\/5020\/revisions"}],"wp:featuredmedia":[{"embeddable":true,"href":"https:\/\/news-fm.ro\/index.php\/wp-json\/wp\/v2\/media\/5021"}],"wp:attachment":[{"href":"https:\/\/news-fm.ro\/index.php\/wp-json\/wp\/v2\/media?parent=5020"}],"wp:term":[{"taxonomy":"category","embeddable":true,"href":"https:\/\/news-fm.ro\/index.php\/wp-json\/wp\/v2\/categories?post=5020"},{"taxonomy":"post_tag","embeddable":true,"href":"https:\/\/news-fm.ro\/index.php\/wp-json\/wp\/v2\/tags?post=5020"}],"curies":[{"name":"wp","href":"https:\/\/api.w.org\/{rel}","templated":true}]}}