{"id":5000,"date":"2022-11-29T19:58:45","date_gmt":"2022-11-29T19:58:45","guid":{"rendered":"https:\/\/news-fm.ro\/index.php\/2022\/11\/29\/jennifer-lopez-anunta-primul-album-in-8-ani-this-is-me-now\/"},"modified":"2022-11-29T19:58:45","modified_gmt":"2022-11-29T19:58:45","slug":"jennifer-lopez-anunta-primul-album-in-8-ani-this-is-me-now","status":"publish","type":"post","link":"https:\/\/news-fm.ro\/index.php\/2022\/11\/29\/jennifer-lopez-anunta-primul-album-in-8-ani-this-is-me-now\/","title":{"rendered":"Jennifer Lopez anun\u0163\u0103 primul album \u00een 8 ani, &#8220;This is Me&#8230; Now&#8221;"},"content":{"rendered":"<p>Jennifer Lopez va deveni \u00een cur\u00e2nd Jennifer Affleck. Potrivit <a href=\"https:\/\/www.bbc.com\/news\/entertainment-arts-62201888\" rel=\"noopener\" target=\"_blank\">BBC<\/a>, care citeaz\u0103 drept surs\u0103 The Clerk&#8217;s Office din Nevada, J.Lo inten\u021bioneaz\u0103 s\u0103 ia numele so\u021bului ei, Ben Affleck, dorind s\u0103 sugereze, poate, c\u0103 \u0219i-a g\u0103sit adev\u0103rata iubire \u0219i c\u0103 vrea s\u0103-\u0219i petreac\u0103 tot restul vie\u021bii al\u0103turi de cel pe care l-a ales.<\/p>\n<p>&#8220;Am f\u0103cut-o. Iubirea este frumoas\u0103. Iubirea este \u00eeng\u0103duitoare. \u0218i se pare c\u0103 iubirea este r\u0103bd\u0103toare. 20 de ani mai t\u00e2rziu are \u00eenc\u0103 r\u0103bdare&#8221;, a scris Jennifer Lopez pe site-ul ei, OntheJLo, unde a publicat \u0219i primele poze de la nunt\u0103.<\/p>\n<p>Ceremonia a avut loc \u00een Las Vegas, al\u0103turi de Ben \u0219i J.Lo fiind copiii acestora din celelalte c\u0103snicii.<\/p>\n<p> Ce rochii a purtat Jennifer Lopez <\/p>\n<p>Potrivit pozelor pe care J.Lo le-a publicat pe site-ul ei, artista a purtat dou\u0103 rochii. Una &#8220;dintr-un vechi film&#8221; \u0219i o alta, tot alb\u0103, pe care o putem vedea \u00eentr-o postare de pe Instagram a lui Chris Appleton, cel care a coafat-o pe Jennifer \u00eenainte de nunt\u0103.<\/p>\n<p>&#8220;Av\u00e2nd al\u0103turi cei mai buni martori pe care vi-i pute\u021bi imagina, purt\u00e2nd o rochie dintr-un vechi film \u0219i o jachet\u0103 din dulapul lui Ben, ne-am citit jur\u0103mintele \u00een micu\u021ba capel\u0103 \u0219i ne-am d\u0103ruit unul celuilalt inelele pe care le vom purta pentru tot restul vie\u021bii&#8221;, a scris Jennifer Lopez \u00een newsletter-ul OntheJLo.<\/p>\n<p>Cealalt\u0103 rochie purtat\u0103 de artist\u0103 a fost ceva mai decoltat\u0103, dar la fel de elegant\u0103. O pute\u021bi vedea <a href=\"https:\/\/akns-images.eonline.com\/eol_images\/Entire_Site\/2022617\/rs_634x1024-220717145910-JLO--6.jpg?fit=around%7C776:1254&#038;output-quality=90&#038;crop=776:1254;center,top\" rel=\"noopener\" target=\"_blank\">aici<\/a>.<\/p>\n<p>Jennifer Lopez (52 de ani) \u0219i Ben Affleck (49 de ani) au format un cuplu \u0219i la \u00eenceputul anilor 2000. \u00cen 2002 s-au logodit, \u00eens\u0103 rela\u021bia lor s-a \u00eencheiat \u00eenainte ca cei doi s\u0103 ajung\u0103 \u00een fa\u021ba altarului.<\/p>\n<p>Jennifer Lopez a \u00eenceput s\u0103 se vad\u0103 din nou cu Ben Affleck \u00een mai 2021, la c\u00e2teva s\u0103pt\u0103m\u00e2ni de la ruperea rela\u021biei cu fostul logodnic, Alex Rodriguez. De\u0219i \u00een <a href=\"https:\/\/www.infomusic.ro\/2021\/04\/jennifer-lopez-alex-rodriguez-s-au-despartit\/\">declara\u021bia dat\u0103 presei<\/a>, cei doi d\u0103deau de \u00een\u021beles c\u0103 desp\u0103r\u021birea a fost hot\u0103r\u00e2t\u0103 de comun acord, pentru c\u0103 se \u00een\u021beleg mai bine ca prieteni,\u00a0tabloidele au indicat c\u0103 Rodriguez ar fi \u00een\u0219elat-o pe J.Lo cu Madison LeCroy, o vedet\u0103 a reality show-ului &#8220;Southern Charm&#8221;.<\/p>\n<p>La momentul recupl\u0103rii cu J.Lo, Ben Affleck era \u0219i el proasp\u0103t ie\u0219it dintr-o rela\u021bie. Acesta se desp\u0103r\u021bise la \u00eenceputul anului 2021 de actri\u021ba Ana de Armas, anterior fiind c\u0103s\u0103torit cu Jennifer Garner.<\/p>\n<p> <a class=\"echo_read_more\" href=\"https:\/\/www.infomusic.ro\/2022\/11\/jennifer-lopez-anunta-primul-album-in-8-ani-this-is-me-now\/\" target=\"_blank\" rel=\"noopener\">\u00a0\u00bb\u00a0Cite\u0219te continuarea pe pagina autorului<\/a><\/p>\n","protected":false},"excerpt":{"rendered":"<p>Jennifer Lopez va deveni \u00een cur\u00e2nd Jennifer Affleck. Potrivit BBC, care citeaz\u0103 drept surs\u0103 The Clerk&#8217;s Office din Nevada, J.Lo inten\u021bioneaz\u0103 s\u0103 ia numele so\u021bului ei, Ben Affleck, dorind s\u0103 sugereze, poate, c\u0103 \u0219i-a g\u0103sit adev\u0103rata iubire \u0219i c\u0103 vrea s\u0103-\u0219i petreac\u0103 tot restul vie\u021bii al\u0103turi de cel pe care l-a ales. &#8220;Am f\u0103cut-o. Iubirea [&hellip;]<\/p>\n","protected":false},"author":1,"featured_media":5001,"comment_status":"open","ping_status":"open","sticky":false,"template":"","format":"standard","meta":{"_crdt_document":"","footnotes":""},"categories":[4],"tags":[],"class_list":["post-5000","post","type-post","status-publish","format-standard","has-post-thumbnail","hentry","category-noutati"],"_links":{"self":[{"href":"https:\/\/news-fm.ro\/index.php\/wp-json\/wp\/v2\/posts\/5000","targetHints":{"allow":["GET"]}}],"collection":[{"href":"https:\/\/news-fm.ro\/index.php\/wp-json\/wp\/v2\/posts"}],"about":[{"href":"https:\/\/news-fm.ro\/index.php\/wp-json\/wp\/v2\/types\/post"}],"author":[{"embeddable":true,"href":"https:\/\/news-fm.ro\/index.php\/wp-json\/wp\/v2\/users\/1"}],"replies":[{"embeddable":true,"href":"https:\/\/news-fm.ro\/index.php\/wp-json\/wp\/v2\/comments?post=5000"}],"version-history":[{"count":0,"href":"https:\/\/news-fm.ro\/index.php\/wp-json\/wp\/v2\/posts\/5000\/revisions"}],"wp:featuredmedia":[{"embeddable":true,"href":"https:\/\/news-fm.ro\/index.php\/wp-json\/wp\/v2\/media\/5001"}],"wp:attachment":[{"href":"https:\/\/news-fm.ro\/index.php\/wp-json\/wp\/v2\/media?parent=5000"}],"wp:term":[{"taxonomy":"category","embeddable":true,"href":"https:\/\/news-fm.ro\/index.php\/wp-json\/wp\/v2\/categories?post=5000"},{"taxonomy":"post_tag","embeddable":true,"href":"https:\/\/news-fm.ro\/index.php\/wp-json\/wp\/v2\/tags?post=5000"}],"curies":[{"name":"wp","href":"https:\/\/api.w.org\/{rel}","templated":true}]}}